{"id":152225,"date":"2025-12-15T14:57:07","date_gmt":"2025-12-15T14:57:07","guid":{"rendered":"https:\/\/www.europesays.com\/pl\/152225\/"},"modified":"2025-12-15T14:57:07","modified_gmt":"2025-12-15T14:57:07","slug":"widzew-szykuje-transferowy-hit-dopiero-co-gral-w-lidze-mistrzow","status":"publish","type":"post","link":"https:\/\/www.europesays.com\/pl\/152225\/","title":{"rendered":"Widzew szykuje transferowy hit! Dopiero co gra\u0142 w Lidze Mistrz\u00f3w"},"content":{"rendered":"<p class=\"art_paragraph\">O wielkich planach Widzewa na zimowe okienko transferowe wiemy od kilku dni. Do klubu z \u0141odzi trafi\u0107 ma co najmniej pi\u0119ciu pi\u0142karzy, a do tej pory poznali\u015bmy nazwiska dw\u00f3ch z nich. Zesp\u00f3\u0142 prowadzony przez Igora Jovicevicia wzmocni Christopher Cheng z Sandefjord, a bliski podpisania kontraktu ma by\u0107 r\u00f3wnie\u017c Norman Campbell z Randers FC.<\/p>\n<p>\n    Zobacz wideo Co si\u0119 dzieje w Widzewie \u0141\u00f3d\u017a? \u017belazny: Jestem zdziwiony, spodziewa\u0142em si\u0119 innego zarz\u0105dzania\n  <\/p>\n<p class=\"art_paragraph\">\u0141odzianie planuj\u0105 wyda\u0107 zim\u0105 nawet 10 milion\u00f3w euro, a te dwie transakcje mog\u0105 poch\u0142on\u0105\u0107 oko\u0142o 1\/5 z przewidzianego na wzmocnienia bud\u017cetu. Mimo to, nikt w Widzewie nie zamierza pr\u00f3\u017cnowa\u0107. Zw\u0142aszcza \u017ce na wiosn\u0119 trzeba b\u0119dzie broni\u0107 si\u0119 przed widmem spadku i walczy\u0107 w Pucharze Polski.<\/p>\n<p> Gra\u0142 w Lidze Mistrz\u00f3w. Czy trafi do Widzewa?<\/p>\n<p class=\"art_paragraph\">Zdaniem du\u0144skiego portalu Bold.dk, bliski przenosin do ekstraklasowego zespo\u0142u jest 32-letni \u015brodkowy pomocnik FC Kopenhagi, Lukas Lerager. Kontrakt 10-krotnego reprezentanta Danii z Kopenhag\u0105 wygasa z ko\u0144cem roku i nie zostanie przed\u0142u\u017cony. W miniony weekend pi\u0142karz\u00a0po\u017cegna\u0142 si\u0119 z klubem i <a href=\"https:\/\/www.sport.pl\/kibice#anchorLink\" rel=\"nofollow noopener\" target=\"_blank\">kibicami<\/a>.<\/p>\n<p class=\"art_paragraph\">Tym samym zawodnik, kt\u00f3ry rozegra\u0142 w tym sezonie a\u017c pi\u0119\u0107 mecz\u00f3w w fazie ligowej Ligi Mistrz\u00f3w, do Widzewa mo\u017ce przenie\u015b\u0107 si\u0119 na zasadzie wolnego <a href=\"https:\/\/www.sport.pl\/pilka\/0,96012.html#anchorLink\" rel=\"nofollow noopener\" target=\"_blank\">transferu<\/a>. Na stole ma le\u017ce\u0107 oferta dwuletniego kontraktu.<\/p>\n<p class=\"art_paragraph\">Lerager w barwach Kopenhagi w ci\u0105gu czterech sezon\u00f3w wyst\u0105pi\u0142 219 razy. Strzeli\u0142 32 gole i zanotowa\u0142 16 asyst. Uda\u0142o mu si\u0119 zanotowa\u0107 tak\u017ce 17 spotka\u0144 w <a href=\"https:\/\/www.sport.pl\/pilka\/0,65041.html#anchorLink\" rel=\"nofollow noopener\" target=\"_blank\">Champions League<\/a>. Wcze\u015bniej gra\u0142 mi\u0119dzy innymi we francuskim <a href=\"https:\/\/www.sport.pl\/bordeaux#anchorLink\" rel=\"nofollow noopener\" target=\"_blank\">Girondins Bordeaux<\/a> oraz we w\u0142oskiej Genoi.<\/p>\n","protected":false},"excerpt":{"rendered":"O wielkich planach Widzewa na zimowe okienko transferowe wiemy od kilku dni. Do klubu z \u0141odzi trafi\u0107 ma&hellip;\n","protected":false},"author":2,"featured_media":101296,"comment_status":"","ping_status":"","sticky":false,"template":"","format":"standard","meta":{"footnotes":""},"categories":[24],"tags":[42,38,40,39,41,127,126],"class_list":{"0":"post-152225","1":"post","2":"type-post","3":"status-publish","4":"format-standard","5":"has-post-thumbnail","7":"category-sport","8":"tag-pl","9":"tag-poland","10":"tag-polish","11":"tag-polska","12":"tag-polski","13":"tag-sport","14":"tag-sports"},"share_on_mastodon":{"url":"https:\/\/pubeurope.com\/@pl\/115724172983616521","error":""},"_links":{"self":[{"href":"https:\/\/www.europesays.com\/pl\/wp-json\/wp\/v2\/posts\/152225","targetHints":{"allow":["GET"]}}],"collection":[{"href":"https:\/\/www.europesays.com\/pl\/wp-json\/wp\/v2\/posts"}],"about":[{"href":"https:\/\/www.europesays.com\/pl\/wp-json\/wp\/v2\/types\/post"}],"author":[{"embeddable":true,"href":"https:\/\/www.europesays.com\/pl\/wp-json\/wp\/v2\/users\/2"}],"replies":[{"embeddable":true,"href":"https:\/\/www.europesays.com\/pl\/wp-json\/wp\/v2\/comments?post=152225"}],"version-history":[{"count":0,"href":"https:\/\/www.europesays.com\/pl\/wp-json\/wp\/v2\/posts\/152225\/revisions"}],"wp:featuredmedia":[{"embeddable":true,"href":"https:\/\/www.europesays.com\/pl\/wp-json\/wp\/v2\/media\/101296"}],"wp:attachment":[{"href":"https:\/\/www.europesays.com\/pl\/wp-json\/wp\/v2\/media?parent=152225"}],"wp:term":[{"taxonomy":"category","embeddable":true,"href":"https:\/\/www.europesays.com\/pl\/wp-json\/wp\/v2\/categories?post=152225"},{"taxonomy":"post_tag","embeddable":true,"href":"https:\/\/www.europesays.com\/pl\/wp-json\/wp\/v2\/tags?post=152225"}],"curies":[{"name":"wp","href":"https:\/\/api.w.org\/{rel}","templated":true}]}}