{"id":152238,"date":"2025-12-15T15:08:08","date_gmt":"2025-12-15T15:08:08","guid":{"rendered":"https:\/\/www.europesays.com\/pl\/152238\/"},"modified":"2025-12-15T15:08:08","modified_gmt":"2025-12-15T15:08:08","slug":"zaufanie-ukraincow-do-liderow-europy-prezydent-polski-z-rekordowym-spadkiem","status":"publish","type":"post","link":"https:\/\/www.europesays.com\/pl\/152238\/","title":{"rendered":"Zaufanie Ukrai\u0144c\u00f3w do lider\u00f3w Europy. Prezydent Polski z rekordowym spadkiem"},"content":{"rendered":"<ul class=\"UnorderedList_container__nmfSl\">\n<li class=\"UnorderedList_listElement__Py7xi\" data-id=\"ai-summary-link\">Du\u017co czytania, a ma\u0142o czasu? Sprawd\u017a\u00a0skr\u00f3t\u00a0artyku\u0142u<\/li>\n<\/ul>\n<p class=\"Paragraph_desktopParagraph__U31Gm\">Badanie przeprowadzone przez Info Sapience na zlecenie Centrum Nowa Europa w dniach od 5 do 26 listopada 2025 r. Pr\u00f3ba badawcza liczy\u0142a 1000 respondent\u00f3w. Badanie przeprowadzono metod\u0105 CATI (wywiady telefoniczne wspomagane komputerowo). Margines b\u0142\u0119du wyni\u00f3s\u0142 3,1 proc.<\/p>\n<p class=\"Paragraph_desktopParagraph__U31Gm\">***<\/p>\n<p class=\"Paragraph_desktopParagraph__U31Gm\">Z badania &#8222;Polityka zagraniczna i bezpiecze\u0144stwo. Nastroje spo\u0142ecze\u0144stwa ukrai\u0144skiego \u2014 2025&#8221; przeprowadzonego na zlecenie Centrum Nowa Europa wynika, \u017ce najwi\u0119kszym zaufaniem w\u015br\u00f3d Ukrai\u0144c\u00f3w cieszy si\u0119 premier Wielkiej Brytanii Keir Starmer, kt\u00f3rego wskaza\u0142o 76,1 proc. badanych. Nieco ni\u017cszym zaufaniem ciesz\u0105 si\u0119 prezydenci: \u0141otwy \u2014 Edgars Rinkeviczs (73,5 proc.) oraz Francji Emmanuel Macron (73,4 proc.).<\/p>\n<p class=\"VideoPlayerText_videoPlayerText__iDwyz\">Dalszy ci\u0105g materia\u0142u pod wideo<\/p>\n<ul class=\"OchatFollowUps_wrapper__1ry7X\">\n<li class=\"OchatFollowUps_item__Dhyly OchatFollowUps_itemDesktop__R6aBv\">Jakie s\u0105 wyniki badania dotycz\u0105cego zaufania Ukrai\u0144c\u00f3w do polityk\u00f3w?<\/li>\n<li class=\"OchatFollowUps_item__Dhyly OchatFollowUps_itemDesktop__R6aBv\">Kto cieszy si\u0119 najwi\u0119kszym zaufaniem w\u015br\u00f3d Ukrai\u0144c\u00f3w?<\/li>\n<li class=\"OchatFollowUps_item__Dhyly OchatFollowUps_itemDesktop__R6aBv\">Jakie politycy maj\u0105 najni\u017csze zaufanie w\u015br\u00f3d Ukrai\u0144c\u00f3w?<\/li>\n<li class=\"OchatFollowUps_item__Dhyly OchatFollowUps_itemDesktop__R6aBv\">Jaki by\u0142 spadek zaufania do prezydent\u00f3w Polski i USA?<\/li>\n<\/ul>\n<p class=\"Paragraph_desktopParagraph__U31Gm\">Ogromnym zaufaniem spo\u0142ecze\u0144stwo ukrai\u0144skie darzy r\u00f3wnie\u017c premiera Szwecji Ulfa Kristerssona (73 proc.), litewskiego prezydenta Gitanasa Naused\u0119 (72,8 proc.), niemieckiego kanclerza Friedricha Merza (72,7 proc.), fi\u0144skiego prezydenta Alexandra Stubba, kt\u00f3remu ufa 72,7 proc. Ukrai\u0144c\u00f3w oraz przewodnicz\u0105ca Komisji Europejskiej Ursula von der Leyen, kt\u00f3rej ufa 72,4 proc. ankietowanych.<\/p>\n<p>Prezydenci Polski i USA z najwi\u0119kszymi spadkami <\/p>\n<p class=\"Paragraph_desktopParagraph__U31Gm\">Najmniej zaufania Ukrai\u0144cy maj\u0105 z kolei do premiera W\u0119gier Viktora Orbana oraz przyw\u00f3dc\u00f3w: Chin (XI Jinpinga), Bia\u0142orusi (Aleksandra \u0141ukaszenki) oraz Rosji (W\u0142adimira Putina).<\/p>\n<p class=\"Paragraph_desktopParagraph__U31Gm\">Sonda\u017c wskazuje r\u00f3wnie\u017c znacz\u0105cy spadek zaufania Ukrai\u0144c\u00f3w do prezydent\u00f3w Polski \u2014 Karola Nawrockiego oraz USA \u2014 Donalda Trumpa. Nawrockiemu ufa 44 proc. badanych (spadek wzgl\u0119dem ostatniego badania o 20,6 pkt proc.). Z kolei ameryka\u0144skiemu prezydentowi ufa 24,4 proc. Ukrai\u0144c\u00f3w (spadek o 20,2 proc. wzgl\u0119dem ostatniego badania).<\/p>\n","protected":false},"excerpt":{"rendered":"Du\u017co czytania, a ma\u0142o czasu? Sprawd\u017a\u00a0skr\u00f3t\u00a0artyku\u0142u Badanie przeprowadzone przez Info Sapience na zlecenie Centrum Nowa Europa w dniach&hellip;\n","protected":false},"author":2,"featured_media":152239,"comment_status":"","ping_status":"","sticky":false,"template":"","format":"standard","meta":{"footnotes":""},"categories":[14],"tags":[32,33,27,67,34,35,28,31,53,25,52,68,51,55,40,41,47,1129,80,29,30,390,65,50,26,82,83,84,701],"class_list":{"0":"post-152238","1":"post","2":"type-post","3":"status-publish","4":"format-standard","5":"has-post-thumbnail","7":"category-swiat","8":"tag-breaking-news","9":"tag-breakingnews","10":"tag-headlines","11":"tag-intextvideo_splayer","12":"tag-latest-news","13":"tag-latestnews","14":"tag-naglowki","15":"tag-najwazniejsze-artykuly","16":"tag-new_header","17":"tag-news","18":"tag-onet3","19":"tag-onet3d","20":"tag-onet3d_2i","21":"tag-phx","22":"tag-polish","23":"tag-polski","24":"tag-screening_general","25":"tag-sondaze_sondaz","26":"tag-swiat","27":"tag-top-stories","28":"tag-topstories","29":"tag-ukraina_ukrainiec_ukrainka_ukraincy_ukrainki","30":"tag-update_me","31":"tag-v2021","32":"tag-wiadomosci","33":"tag-world","34":"tag-world-news","35":"tag-worldnews","36":"tag-zaufanie"},"share_on_mastodon":{"url":"https:\/\/pubeurope.com\/@pl\/115724216271210477","error":""},"_links":{"self":[{"href":"https:\/\/www.europesays.com\/pl\/wp-json\/wp\/v2\/posts\/152238","targetHints":{"allow":["GET"]}}],"collection":[{"href":"https:\/\/www.europesays.com\/pl\/wp-json\/wp\/v2\/posts"}],"about":[{"href":"https:\/\/www.europesays.com\/pl\/wp-json\/wp\/v2\/types\/post"}],"author":[{"embeddable":true,"href":"https:\/\/www.europesays.com\/pl\/wp-json\/wp\/v2\/users\/2"}],"replies":[{"embeddable":true,"href":"https:\/\/www.europesays.com\/pl\/wp-json\/wp\/v2\/comments?post=152238"}],"version-history":[{"count":0,"href":"https:\/\/www.europesays.com\/pl\/wp-json\/wp\/v2\/posts\/152238\/revisions"}],"wp:featuredmedia":[{"embeddable":true,"href":"https:\/\/www.europesays.com\/pl\/wp-json\/wp\/v2\/media\/152239"}],"wp:attachment":[{"href":"https:\/\/www.europesays.com\/pl\/wp-json\/wp\/v2\/media?parent=152238"}],"wp:term":[{"taxonomy":"category","embeddable":true,"href":"https:\/\/www.europesays.com\/pl\/wp-json\/wp\/v2\/categories?post=152238"},{"taxonomy":"post_tag","embeddable":true,"href":"https:\/\/www.europesays.com\/pl\/wp-json\/wp\/v2\/tags?post=152238"}],"curies":[{"name":"wp","href":"https:\/\/api.w.org\/{rel}","templated":true}]}}