{"id":152261,"date":"2025-12-15T15:25:10","date_gmt":"2025-12-15T15:25:10","guid":{"rendered":"https:\/\/www.europesays.com\/pl\/152261\/"},"modified":"2025-12-15T15:25:10","modified_gmt":"2025-12-15T15:25:10","slug":"to-juz-pewne-znowu-zle-w-sprawie-roberta-lewandowskiego-przeglad-sportowy-onet","status":"publish","type":"post","link":"https:\/\/www.europesays.com\/pl\/152261\/","title":{"rendered":"To ju\u017c pewne! Znowu z\u0142e w sprawie Roberta Lewandowskiego &#8211; Przegl\u0105d Sportowy Onet"},"content":{"rendered":"<ol>\n<li><a href=\"https:\/\/news.google.com\/rss\/articles\/CBMitgFBVV95cUxOUC01MkE3Wl82VXZlZHJoVWp3dWM3c2JFTV9VS3otaENzNDl4UWFQMm40TXlNVFdLbm1uWmpLaHVHdHNab2ZrRm5aeHVzdGRMVkZheVh0LVRyMzFQWEJaU21oUGRHeFRGbVdaYkRwcFAyWXZYckkzWkl2NFlTd1F4OEtvVC1PVEktREFnUmkxc0dQMXpZZWpVTG5RVkRYTXdwN3hmUXdvTjlHZnVLSGlONnZHVUVsZw?oc=5\" target=\"_blank\" rel=\"nofollow noopener\">To ju\u017c pewne! Znowu z\u0142e w sprawie Roberta Lewandowskiego<\/a>&nbsp;&nbsp;Przegl\u0105d Sportowy Onet<\/li>\n<li><a href=\"https:\/\/news.google.com\/rss\/articles\/CBMitgFBVV95cUxPWXBSU3VndHNKak45OGpmLUoxM0NFQnAtRU1GTm5sUU84WS1lRjc2QXJhOFVPNExsS09ES08wSTFDaWZsU2gtUFR0LXllbmJsLW9nOTdHcWpkdWt5YnpZT0FORlhlS2JkODVKamtIM0stb0pMd2pVV3ZYbFJtVXRLNGJSbDBKRnRYeVRVSXJKNS1wNGtBTWIxZDF4S05qdnhPMnp1cElwU3Z1UkUyTTNKTEIyUzBFQQ?oc=5\" target=\"_blank\" rel=\"nofollow noopener\">Media: kapitalne informacje ws. Szcz\u0119snego<\/a>&nbsp;&nbsp;SportoweFakty<\/li>\n<li><a href=\"https:\/\/news.google.com\/rss\/articles\/CBMivwFBVV95cUxOckd0Y3pOMjY1M3M3V1BzVm1XX0x5Nl91amxxLW8xdktlcHFnNlVWTVJ3UnBrVmRiMUh1ZzFXR0o0X3hLSzFSLU1YU1YyVEtRVjBhVkVMZTJNSjFYZmFFWW1idzAyU2hvb1h5YjdfSENlOXlJY2FCRjNTbEw4SGVYTzR2bHA5MWxEQXRQT0dNR1VRMVZjNjNPdVpneEt4Y2JSMFdTb3JhcTc1UmFCZjVwTFkzR2RkbjFiNnFNY0RNaw?oc=5\" target=\"_blank\" rel=\"nofollow noopener\">Barcelona og\u0142asza. Wielki zwrot ws. Lewandowskiego. Koniec domys\u0142\u00f3w na temat Polaka<\/a>&nbsp;&nbsp;Sport w INTERIA.PL<\/li>\n<li><a href=\"https:\/\/news.google.com\/rss\/articles\/CBMilAJBVV95cUxOWG5lLWc5eTdxNUV3NDllalltMmU0X2JPcUVuVzdkOWRDNVlPMERRWjRSQTlvZXNqa1h1aUtQV2p6NXg0eF9Sc3E3V192RzFSVjhlOVhiS1NTYTZzNmVMaTVVbzhoQXN1UWZfb2dyblBtLTVSem96d3hiNnRYUDhmanI3bUhfVWQ4dnpaY1hlYTE4MGhkWVBRank2LVI3cUpVcElnS1g0N3VhMEl4TkZzV2tsaHVSMzdzaW9LWjlUOXRWNTVQSmt2bG4xb1JYVVd5WUU1RXB4TlkyZGIzQjJMUm9GYVFPX19HQk0zeUU3UHVpTFpsSDU4WXAyWVhPV2ppUmN0cXpCRjI0VThjV2FleTVGMGU?oc=5\" target=\"_blank\" rel=\"nofollow noopener\">Najnowsze informacje o zdrowiu Lewandowskiego i Szcz\u0119snego<\/a>&nbsp;&nbsp;Eurosport Polska<\/li>\n<li><a href=\"https:\/\/news.google.com\/rss\/articles\/CBMizAFBVV95cUxPS3A4aWNXajFqaDRSTVpZNVlRMDE3Ync0Vl9UczVFRUQwUGxxblpEdTJMQ3JIUE9Ec2VSNlVWbmVSTWgtWjFvc2ZrR0ZEc0lQQ2hvMU1jS1RWQUlfYVBHQTNOMzlmVUtzUWFGMko5LXFvc0VQQTdBWW5JWXppYjhmZzRvaXc2OGlrbW9jdU1FajdwWEE5LWh0WmlzV0lSZXpnQmhVaFJ0OGxWNDhTOW9ibmk0QW5IeWRtcVJMWnJoMXRfeDBjY3drSHNzVU0?oc=5\" target=\"_blank\" rel=\"nofollow noopener\">Hansi Flick og\u0142asza w sprawie Roberta Lewandowskiego. Ale jest drugie dno<\/a>&nbsp;&nbsp;Przegl\u0105d Sportowy Onet<\/li>\n<\/ol>\n","protected":false},"excerpt":{"rendered":"To ju\u017c pewne! Znowu z\u0142e w sprawie Roberta Lewandowskiego&nbsp;&nbsp;Przegl\u0105d Sportowy Onet Media: kapitalne informacje ws. Szcz\u0119snego&nbsp;&nbsp;SportoweFakty Barcelona og\u0142asza.&hellip;\n","protected":false},"author":2,"featured_media":152262,"comment_status":"","ping_status":"","sticky":false,"template":"","format":"standard","meta":{"footnotes":""},"categories":[5],"tags":[32,33,303,36,37,27,67,2960,2051,34,35,28,31,25,42,38,40,39,41,136,28861,128,300,47,135,29,30,26,130,1789],"class_list":{"0":"post-152261","1":"post","2":"type-post","3":"status-publish","4":"format-standard","5":"has-post-thumbnail","7":"category-naglowki","8":"tag-breaking-news","9":"tag-breakingnews","10":"tag-fc_barcelona","11":"tag-featured-news","12":"tag-featurednews","13":"tag-headlines","14":"tag-intextvideo_splayer","15":"tag-la_liga","16":"tag-laliga","17":"tag-latest-news","18":"tag-latestnews","19":"tag-naglowki","20":"tag-najwazniejsze-artykuly","21":"tag-news","22":"tag-pl","23":"tag-poland","24":"tag-polish","25":"tag-polska","26":"tag-polski","27":"tag-ps_detal_new","28":"tag-ps_omp_tst0","29":"tag-psv2","30":"tag-robert_lewandowski","31":"tag-screening_general","32":"tag-sport_sport","33":"tag-top-stories","34":"tag-topstories","35":"tag-wiadomosci","36":"tag-wiadomosci_sportowe","37":"tag-wojciech_szczesny"},"share_on_mastodon":{"url":"https:\/\/pubeurope.com\/@pl\/115724283044756534","error":""},"_links":{"self":[{"href":"https:\/\/www.europesays.com\/pl\/wp-json\/wp\/v2\/posts\/152261","targetHints":{"allow":["GET"]}}],"collection":[{"href":"https:\/\/www.europesays.com\/pl\/wp-json\/wp\/v2\/posts"}],"about":[{"href":"https:\/\/www.europesays.com\/pl\/wp-json\/wp\/v2\/types\/post"}],"author":[{"embeddable":true,"href":"https:\/\/www.europesays.com\/pl\/wp-json\/wp\/v2\/users\/2"}],"replies":[{"embeddable":true,"href":"https:\/\/www.europesays.com\/pl\/wp-json\/wp\/v2\/comments?post=152261"}],"version-history":[{"count":0,"href":"https:\/\/www.europesays.com\/pl\/wp-json\/wp\/v2\/posts\/152261\/revisions"}],"wp:featuredmedia":[{"embeddable":true,"href":"https:\/\/www.europesays.com\/pl\/wp-json\/wp\/v2\/media\/152262"}],"wp:attachment":[{"href":"https:\/\/www.europesays.com\/pl\/wp-json\/wp\/v2\/media?parent=152261"}],"wp:term":[{"taxonomy":"category","embeddable":true,"href":"https:\/\/www.europesays.com\/pl\/wp-json\/wp\/v2\/categories?post=152261"},{"taxonomy":"post_tag","embeddable":true,"href":"https:\/\/www.europesays.com\/pl\/wp-json\/wp\/v2\/tags?post=152261"}],"curies":[{"name":"wp","href":"https:\/\/api.w.org\/{rel}","templated":true}]}}