{"id":152267,"date":"2025-12-15T15:30:13","date_gmt":"2025-12-15T15:30:13","guid":{"rendered":"https:\/\/www.europesays.com\/pl\/152267\/"},"modified":"2025-12-15T15:30:13","modified_gmt":"2025-12-15T15:30:13","slug":"ue-nalozy-sankcje-na-40-statkow-z-rosyjskiej-floty-cieni-jest-decyzja-money-pl","status":"publish","type":"post","link":"https:\/\/www.europesays.com\/pl\/152267\/","title":{"rendered":"UE na\u0142o\u017cy sankcje na 40 statk\u00f3w z rosyjskiej floty cieni. Jest decyzja &#8211; Money.pl"},"content":{"rendered":"<ol>\n<li><a href=\"https:\/\/news.google.com\/rss\/articles\/CBMiwgFBVV95cUxQSGkzdXh4cGZIVlZQZkxwYmV4WjUxMWVKTnpyNTdWU0pkX0NfamliNUhLWENNODFjQngtOG9GQmJoWEtxUVNoWTc0el9MUDhxNE9NMk1BaENTN3hqN1hsRUxVblRRNkgwbVpIX01heXhjOEtqMWN1bU01Q0pSQ0VUZWFvbWQtMjNxRHNPZHhPa3lTRkdMOWJvTWVlR0ZSRGxyVTZ5cTRsOGhENGpscVhXUjRLbzJiZDQ1RWJhLWZMb3AxZw?oc=5\" target=\"_blank\" rel=\"nofollow noopener\">UE na\u0142o\u017cy sankcje na 40 statk\u00f3w z rosyjskiej floty cieni. Jest decyzja<\/a>&nbsp;&nbsp;Money.pl<\/li>\n<li><a href=\"https:\/\/news.google.com\/rss\/articles\/CBMiugFBVV95cUxQdWdCRFo3Y1RlOHB4YndHWFl5d29tVjh1dXJCTEVBNXZxd3ZvS1o5ZzNfY2VIZmNRYWRZLUgzcFFsQnUtUXhpMmJGRExqclVJeE5pT0RCOTFfM1pmZnRMRmoyOFRQRm9EdlJxZUxuazVHNFM3dmJ2YTNuSmJ2dDFlSlpFQXpKMmoxbVJEYUVicEh3YVJvMFVwYm1vZDFqSVduQ3gzdXN5bVBhRm90R1owRnhfbzcxUkhrdHc?oc=5\" target=\"_blank\" rel=\"nofollow noopener\">Unia Europejska rozszerza sankcje przeciwko Rosji. Chce uderzy\u0107 we wsp\u00f3\u0142pracownik\u00f3w floty cieni<\/a>&nbsp;&nbsp;Wydarzenia w INTERIA.PL<\/li>\n<li><a href=\"https:\/\/news.google.com\/rss\/articles\/CBMizgFBVV95cUxNOUs3Wjh6RkphaDUtMDNjeWFrQ3pRbmNpZGpTRjRNN0FES3RYR3VLZmp0bFQ0RExXN0Q1TmVCOHNKVEZTMVI2M1F0ZDA1NzE2ZEFtQUgzMW5sbXFILWxER2NPSF9qV0lBbnF1ZU9SN0RLMXR2cm5RNjdTbnA3X28wS1hnMnRPRmxlRTZRVkZqVUpHUV9vdVMzaUwwQ0lhNUJIV0p1ZFllZEpPNXFId3VUeld4dlZrdXNzVHBoUGQ0bjBMbmNzZkZqWmVVcUYtQQ?oc=5\" target=\"_blank\" rel=\"nofollow noopener\">Rosja w prosty spos\u00f3b nabra\u0142a ca\u0142\u0105 Europ\u0119. Ba\u0142tyk przesta\u0142 by\u0107 bezpieczny<\/a>&nbsp;&nbsp;Forsal<\/li>\n<li><a href=\"https:\/\/news.google.com\/rss\/articles\/CBMinwFBVV95cUxON3BnbFdhZF85V1ZnSFg1bnRTMTdtOUJ0dWY1Z1JzNjY5SXJVRmdxVlRWZzVBYTk0WU1scTNvVy05eEJ6d05QcElMTXFUOFN1b0dremtWYXdIMDBKTGN4MkQ5cHM3NE5QYjF1M0haY0RVYUtad3BBamQzMGh1eWdaREFSWkZXcDNsTjl0VnVhZHh4QWItS1VWeWpZSDcwWTg?oc=5\" target=\"_blank\" rel=\"nofollow noopener\">Tego Kreml si\u0119 nie spodziewa\u0142. Totalny koniec rosyjskiej ropy<\/a>&nbsp;&nbsp;wnp.pl<\/li>\n<li><a href=\"https:\/\/news.google.com\/rss\/articles\/CBMirgFBVV95cUxQM0ZjX3ozQnc2MGg5bTdQN2ZobDJOazM2X1FvNlNZa2tvQm9EWENkOC15SlpnanM0Wkh3XzdIaUQ3eEZqYXNlTkRUNUVTM3d6TTFLcHNzaUpueHNCdGZDSkhNbUc1OE92VE5Uclhma3VJb2w5bHZpNHlqS1Jsb3Z2WFZIMzk0dFFobGRiVENpby0tWXRnbjllSThNU04tUUpTeE53QUlVOEY3eUZjU3c?oc=5\" target=\"_blank\" rel=\"nofollow noopener\">Bruksela uderza w rosyjsk\u0105 &#8222;flot\u0119 cieni&#8221;. Nowe sankcje przyj\u0119te<\/a>&nbsp;&nbsp;Onet Wiadomo\u015bci<\/li>\n<\/ol>\n","protected":false},"excerpt":{"rendered":"UE na\u0142o\u017cy sankcje na 40 statk\u00f3w z rosyjskiej floty cieni. Jest decyzja&nbsp;&nbsp;Money.pl Unia Europejska rozszerza sankcje przeciwko Rosji.&hellip;\n","protected":false},"author":2,"featured_media":152268,"comment_status":"","ping_status":"","sticky":false,"template":"","format":"standard","meta":{"footnotes":""},"categories":[14],"tags":[32,33,27,34,35,28,31,25,40,41,80,29,30,26,82,83,84],"class_list":{"0":"post-152267","1":"post","2":"type-post","3":"status-publish","4":"format-standard","5":"has-post-thumbnail","7":"category-swiat","8":"tag-breaking-news","9":"tag-breakingnews","10":"tag-headlines","11":"tag-latest-news","12":"tag-latestnews","13":"tag-naglowki","14":"tag-najwazniejsze-artykuly","15":"tag-news","16":"tag-polish","17":"tag-polski","18":"tag-swiat","19":"tag-top-stories","20":"tag-topstories","21":"tag-wiadomosci","22":"tag-world","23":"tag-world-news","24":"tag-worldnews"},"share_on_mastodon":{"url":"https:\/\/pubeurope.com\/@pl\/115724302695185161","error":""},"_links":{"self":[{"href":"https:\/\/www.europesays.com\/pl\/wp-json\/wp\/v2\/posts\/152267","targetHints":{"allow":["GET"]}}],"collection":[{"href":"https:\/\/www.europesays.com\/pl\/wp-json\/wp\/v2\/posts"}],"about":[{"href":"https:\/\/www.europesays.com\/pl\/wp-json\/wp\/v2\/types\/post"}],"author":[{"embeddable":true,"href":"https:\/\/www.europesays.com\/pl\/wp-json\/wp\/v2\/users\/2"}],"replies":[{"embeddable":true,"href":"https:\/\/www.europesays.com\/pl\/wp-json\/wp\/v2\/comments?post=152267"}],"version-history":[{"count":0,"href":"https:\/\/www.europesays.com\/pl\/wp-json\/wp\/v2\/posts\/152267\/revisions"}],"wp:featuredmedia":[{"embeddable":true,"href":"https:\/\/www.europesays.com\/pl\/wp-json\/wp\/v2\/media\/152268"}],"wp:attachment":[{"href":"https:\/\/www.europesays.com\/pl\/wp-json\/wp\/v2\/media?parent=152267"}],"wp:term":[{"taxonomy":"category","embeddable":true,"href":"https:\/\/www.europesays.com\/pl\/wp-json\/wp\/v2\/categories?post=152267"},{"taxonomy":"post_tag","embeddable":true,"href":"https:\/\/www.europesays.com\/pl\/wp-json\/wp\/v2\/tags?post=152267"}],"curies":[{"name":"wp","href":"https:\/\/api.w.org\/{rel}","templated":true}]}}