{"id":152275,"date":"2025-12-15T15:34:09","date_gmt":"2025-12-15T15:34:09","guid":{"rendered":"https:\/\/www.europesays.com\/pl\/152275\/"},"modified":"2025-12-15T15:34:09","modified_gmt":"2025-12-15T15:34:09","slug":"marek-kondrat-jako-ignacy-rzecki-w-nowej-lalce-pierwsze-zdjecia-z-planu","status":"publish","type":"post","link":"https:\/\/www.europesays.com\/pl\/152275\/","title":{"rendered":"Marek Kondrat jako Ignacy Rzecki w nowej &#8222;Lalce&#8221;. Pierwsze zdj\u0119cia z planu"},"content":{"rendered":"<p class=\"Paragraph_desktopParagraph__U31Gm\">Prace na planie kinowej wersji &#8222;Lalki&#8221; rozpocz\u0119\u0142y si\u0119 22 lipca 2025 r. Za zdj\u0119cia odpowiada Piotr Soboci\u0144ski jr, kt\u00f3ry wcze\u015bniej pracowa\u0142 przy takich produkcjach jak &#8222;Wesele&#8221;, &#8222;Bo\u017ce Cia\u0142o&#8221; czy &#8222;Wo\u0142y\u0144&#8221;. Maciej Kawalsk podj\u0105\u0142 si\u0119 re\u017cyserii tej d\u0142ugo wyczekiwanej adaptacji.<\/p>\n<p class=\"VideoPlayerText_videoPlayerText__iDwyz\">Dalszy ci\u0105g materia\u0142u pod wideo<\/p>\n<p class=\"Paragraph_desktopParagraph__U31Gm\">&#8222;\u00bbLalka\u00ab jest moj\u0105 ulubion\u0105 powie\u015bci\u0105. Nigdy w moim \u017cyciu aktorskim nie zdarzy\u0142o mi si\u0119 znale\u017a\u0107 w\u015br\u00f3d jej bohater\u00f3w. Uda\u0142o si\u0119 to mojemu ojcu w filmie Wojciecha Hasa. Teraz t\u0119 szans\u0119 dostaj\u0119 od losu ja i chc\u0119 z niej skorzysta\u0107. Rzecki jest postaci\u0105 z &#8222;dw\u00f3ch \u015bwiat\u00f3w&#8221; \u2014 mijaj\u0105cego i obecnego. To bliska mi perspektywa, kt\u00f3ra daje mi poczucie dotkliwej aktualno\u015bci tej powie\u015bci. Wymarzona ekipa tw\u00f3rc\u00f3w dodaje mi odwagi&#8221; \u2014 m\u00f3wi\u0142 o swojej nowej roli Kondrat, kt\u00f3ry po prawie dw\u00f3ch dekadach wraca na wielki ekran.<\/p>\n<ul class=\"OchatFollowUps_wrapper__1ry7X\">\n<li class=\"OchatFollowUps_item__Dhyly OchatFollowUps_itemDesktop__R6aBv\">Kto gra Ignacego Rzeckiego w filmie 'Lalka&#8217;?<\/li>\n<li class=\"OchatFollowUps_item__Dhyly OchatFollowUps_itemDesktop__R6aBv\">Kiedy zaplanowana jest premiera filmu 'Lalka&#8217;?<\/li>\n<li class=\"OchatFollowUps_item__Dhyly OchatFollowUps_itemDesktop__R6aBv\">Kto jest re\u017cyserem nowej adaptacji 'Lalki&#8217;?<\/li>\n<li class=\"OchatFollowUps_item__Dhyly OchatFollowUps_itemDesktop__R6aBv\">Kto odpowiada za zdj\u0119cia w filmie 'Lalka&#8217;?<\/li>\n<\/ul>\n<p class=\"Paragraph_desktopParagraph__U31Gm\">W mediach spo\u0142eczno\u015bciowych pojawi\u0142y si\u0119 ju\u017c pierwsze zdj\u0119cia z planu, na kt\u00f3rych Marek Kondrat prezentuje si\u0119 w kostiumie Ignacego Rzeckiego. Fani literatury i kina z niecierpliwo\u015bci\u0105 oczekuj\u0105 na kolejne informacje dotycz\u0105ce produkcji. Premiera filmu zosta\u0142a zaplanowana na 30 wrze\u015bnia 2026 r.<\/p>\n<p class=\"Paragraph_desktopParagraph__U31Gm\">W obsadzie filmu znalaz\u0142o si\u0119 wielu cenionych polskich aktor\u00f3w. Opr\u00f3cz Marka Kondrata, kt\u00f3ry zagra Ignacego Rzeckiego, w g\u0142\u00f3wnych rolach zobaczymy Marcina Doroci\u0144skiego jako Stanis\u0142awa Wokulskiego oraz Kamil\u0119 Urz\u0119dowsk\u0105 w roli Izabeli \u0141\u0119ckiej. Do zespo\u0142u do\u0142\u0105czyli tak\u017ce Maja Komorowska, Maja Ostaszewska, Borys Szyc, Agata Kulesza, Andrzej Seweryn, Cezary \u017bak, Karolina Gruszka, Mateusz Dami\u0119cki, Maria D\u0119bska, Krystyna Janda, Dawid Ogrodnik i Filip P\u0142awiak.<\/p>\n<p class=\"Paragraph_desktopParagraph__U31Gm\">Za realizacj\u0119 zdj\u0119\u0107 odpowiada Piotr Soboci\u0144ski jr. Re\u017cyser Maciej Kawalski, znany z filmu &#8222;Niebezpieczni d\u017centelmeni&#8221;, podj\u0105\u0142 si\u0119 z kolei zadania przeniesienia klasycznej powie\u015bci Prusa na du\u017cy ekran. Tw\u00f3rcy podkre\u015blaj\u0105, \u017ce zale\u017cy im na nowoczesnym spojrzeniu na kultow\u0105 histori\u0119, zachowuj\u0105c jednocze\u015bnie jej literacki charakter.<\/p>\n","protected":false},"excerpt":{"rendered":"Prace na planie kinowej wersji &#8222;Lalki&#8221; rozpocz\u0119\u0142y si\u0119 22 lipca 2025 r. Za zdj\u0119cia odpowiada Piotr Soboci\u0144ski jr,&hellip;\n","protected":false},"author":2,"featured_media":152276,"comment_status":"","ping_status":"","sticky":false,"template":"","format":"standard","meta":{"footnotes":""},"categories":[22],"tags":[30623,122,808,67,261,13254,14745,8426,53,52,68,51,55,42,38,40,39,41,123,47,65,50],"class_list":{"0":"post-152275","1":"post","2":"type-post","3":"status-publish","4":"format-standard","5":"has-post-thumbnail","7":"category-rozrywka","8":"tag-boleslaw_prus_pisarz","9":"tag-entertainment","10":"tag-film_filmy_kino_kinematografia_aktorka_aktor_aktorzy_aktorki_rezyserzy","11":"tag-intextvideo_splayer","12":"tag-kultura","13":"tag-lalka_ksiazka_film_i_serial","14":"tag-marek_kondrat","15":"tag-najnowsze","16":"tag-new_header","17":"tag-onet3","18":"tag-onet3d","19":"tag-onet3d_2i","20":"tag-phx","21":"tag-pl","22":"tag-poland","23":"tag-polish","24":"tag-polska","25":"tag-polski","26":"tag-rozrywka","27":"tag-screening_general","28":"tag-update_me","29":"tag-v2021"},"share_on_mastodon":{"url":"https:\/\/pubeurope.com\/@pl\/115724318314843349","error":""},"_links":{"self":[{"href":"https:\/\/www.europesays.com\/pl\/wp-json\/wp\/v2\/posts\/152275","targetHints":{"allow":["GET"]}}],"collection":[{"href":"https:\/\/www.europesays.com\/pl\/wp-json\/wp\/v2\/posts"}],"about":[{"href":"https:\/\/www.europesays.com\/pl\/wp-json\/wp\/v2\/types\/post"}],"author":[{"embeddable":true,"href":"https:\/\/www.europesays.com\/pl\/wp-json\/wp\/v2\/users\/2"}],"replies":[{"embeddable":true,"href":"https:\/\/www.europesays.com\/pl\/wp-json\/wp\/v2\/comments?post=152275"}],"version-history":[{"count":0,"href":"https:\/\/www.europesays.com\/pl\/wp-json\/wp\/v2\/posts\/152275\/revisions"}],"wp:featuredmedia":[{"embeddable":true,"href":"https:\/\/www.europesays.com\/pl\/wp-json\/wp\/v2\/media\/152276"}],"wp:attachment":[{"href":"https:\/\/www.europesays.com\/pl\/wp-json\/wp\/v2\/media?parent=152275"}],"wp:term":[{"taxonomy":"category","embeddable":true,"href":"https:\/\/www.europesays.com\/pl\/wp-json\/wp\/v2\/categories?post=152275"},{"taxonomy":"post_tag","embeddable":true,"href":"https:\/\/www.europesays.com\/pl\/wp-json\/wp\/v2\/tags?post=152275"}],"curies":[{"name":"wp","href":"https:\/\/api.w.org\/{rel}","templated":true}]}}