{"id":152281,"date":"2025-12-15T15:39:09","date_gmt":"2025-12-15T15:39:09","guid":{"rendered":"https:\/\/www.europesays.com\/pl\/152281\/"},"modified":"2025-12-15T15:39:09","modified_gmt":"2025-12-15T15:39:09","slug":"ahmed-al-ahmed-bohaterem-w-australii-powalil-jednego-z-zamachowcow","status":"publish","type":"post","link":"https:\/\/www.europesays.com\/pl\/152281\/","title":{"rendered":"Ahmed al Ahmed bohaterem w Australii. Powali\u0142 jednego z zamachowc\u00f3w"},"content":{"rendered":"<p>Na to\u00a0tury\u015bci zwracaj\u0105 uwag\u0119. &#8222;Oczekuj\u0105 teraz unikalnych do\u015bwiadcze\u0144&#8221; <\/p>\n<p>Podczas strzelaniny jeden z\u00a0zamachowc\u00f3w zosta\u0142 obezw\u0142adniony przez cywila. Ahmed al Ahmed, 43-letni imigrant z\u00a0Syrii, w\u0142a\u015bciciel sklepu z\u00a0owocami, podbieg\u0142 do uzbrojonego m\u0119\u017cczyzny i\u00a0wyrwa\u0142 mu z\u00a0r\u0105k karabin. Klipy ukazuj\u0105ce Ahmeda &#8211;\u00a0podbiegaj\u0105cego od tytu\u0142u do uzbrojonego zamachowcy i\u00a0powalaj\u0105cego go na ziemi\u0119 &#8211;\u00a0obieg\u0142y ca\u0142y internet.<\/p>\n<p>Sytuacja przyci\u0105gn\u0119\u0142a uwag\u0119 globalnych medi\u00f3w i\u00a0znanych postaci. O\u00a0Ahmedzie wypowiedzieli si\u0119 m.in. brytyjski prezenter telewizyjny Pierce Morgan i\u00a0prezydent USA Donald Trump. &#8211;\u00a0To naprawd\u0119 bardzo odwa\u017cna osoba, kt\u00f3ra zaatakowa\u0142a jednego z\u00a0napastnik\u00f3w i\u00a0uratowa\u0142a wiele \u017cy\u0107 &#8211;\u00a0stwierdzi\u0142 Trump. <\/p>\n<p>Jedn\u0105 z\u00a0os\u00f3b, kt\u00f3re publicznie wyrazi\u0142y podziw dla Ahmeda jest ameryka\u0144ski miliarder Bill Ackman. W\u00a0odpowiedzi na jego apel zorganizowano zbi\u00f3rk\u0119 na wsparcie leczenia Syryjczyka. Szybko zebrano w\u00a0niej ponad 320 tysi\u0119cy dolar\u00f3w, a\u00a0cel zbi\u00f3rki zosta\u0142 podniesiony do 709 tys. dolar\u00f3w. Ackman wp\u0142aci\u0142 na zbi\u00f3rk\u0119 blisko 100 tys. dolar\u00f3w. <\/p>\n<p>Podczas interwencji, Ahmed zosta\u0142 dwukrotnie postrzelony. Jego kuzyn Mustafa podkre\u015bli\u0142, \u017ce chocia\u017c wci\u0105\u017c przebywa w\u00a0szpitalu, lekarze zapewniaj\u0105, \u017ce wszystko b\u0119dzie w\u00a0porz\u0105dku. <\/p>\n<p>\u0179r\u00f3d\u0142o: RMF24 \/\u00a0WP \/\u00a0BBC<\/p>\n","protected":false},"excerpt":{"rendered":"Na to\u00a0tury\u015bci zwracaj\u0105 uwag\u0119. &#8222;Oczekuj\u0105 teraz unikalnych do\u015bwiadcze\u0144&#8221; Podczas strzelaniny jeden z\u00a0zamachowc\u00f3w zosta\u0142 obezw\u0142adniony przez cywila. Ahmed al&hellip;\n","protected":false},"author":2,"featured_media":152282,"comment_status":"","ping_status":"","sticky":false,"template":"","format":"standard","meta":{"footnotes":""},"categories":[5],"tags":[32,33,36,37,27,34,35,28,31,25,42,38,40,39,41,29,30,26],"class_list":{"0":"post-152281","1":"post","2":"type-post","3":"status-publish","4":"format-standard","5":"has-post-thumbnail","7":"category-naglowki","8":"tag-breaking-news","9":"tag-breakingnews","10":"tag-featured-news","11":"tag-featurednews","12":"tag-headlines","13":"tag-latest-news","14":"tag-latestnews","15":"tag-naglowki","16":"tag-najwazniejsze-artykuly","17":"tag-news","18":"tag-pl","19":"tag-poland","20":"tag-polish","21":"tag-polska","22":"tag-polski","23":"tag-top-stories","24":"tag-topstories","25":"tag-wiadomosci"},"share_on_mastodon":{"url":"https:\/\/pubeurope.com\/@pl\/115724338092063618","error":""},"_links":{"self":[{"href":"https:\/\/www.europesays.com\/pl\/wp-json\/wp\/v2\/posts\/152281","targetHints":{"allow":["GET"]}}],"collection":[{"href":"https:\/\/www.europesays.com\/pl\/wp-json\/wp\/v2\/posts"}],"about":[{"href":"https:\/\/www.europesays.com\/pl\/wp-json\/wp\/v2\/types\/post"}],"author":[{"embeddable":true,"href":"https:\/\/www.europesays.com\/pl\/wp-json\/wp\/v2\/users\/2"}],"replies":[{"embeddable":true,"href":"https:\/\/www.europesays.com\/pl\/wp-json\/wp\/v2\/comments?post=152281"}],"version-history":[{"count":0,"href":"https:\/\/www.europesays.com\/pl\/wp-json\/wp\/v2\/posts\/152281\/revisions"}],"wp:featuredmedia":[{"embeddable":true,"href":"https:\/\/www.europesays.com\/pl\/wp-json\/wp\/v2\/media\/152282"}],"wp:attachment":[{"href":"https:\/\/www.europesays.com\/pl\/wp-json\/wp\/v2\/media?parent=152281"}],"wp:term":[{"taxonomy":"category","embeddable":true,"href":"https:\/\/www.europesays.com\/pl\/wp-json\/wp\/v2\/categories?post=152281"},{"taxonomy":"post_tag","embeddable":true,"href":"https:\/\/www.europesays.com\/pl\/wp-json\/wp\/v2\/tags?post=152281"}],"curies":[{"name":"wp","href":"https:\/\/api.w.org\/{rel}","templated":true}]}}