{"id":152293,"date":"2025-12-15T15:47:09","date_gmt":"2025-12-15T15:47:09","guid":{"rendered":"https:\/\/www.europesays.com\/pl\/152293\/"},"modified":"2025-12-15T15:47:09","modified_gmt":"2025-12-15T15:47:09","slug":"potwierdzone-wiadomo-co-z-dyrektorem-sportowym-arki-gdynia","status":"publish","type":"post","link":"https:\/\/www.europesays.com\/pl\/152293\/","title":{"rendered":"POTWIERDZONE: Wiadomo, co z dyrektorem sportowym Arki Gdynia"},"content":{"rendered":"\n<p class=\"lead\"> W\u0142a\u015bciciel Arki Gdynia Marcin Grucha\u0142a w rozmowie z \u201ePrzegl\u0105dem Sportowym\u201d wypowiedzia\u0142 si\u0119 na temat Dawida Szwargi oraz Veljko Nikitovicia, daj\u0105c do zrozumienia, \u017ce obaj zostan\u0105 w klubie przynajmniej na drug\u0105 cz\u0119\u015b\u0107 sezonu. <\/p>\n<p>W\u0105tek potencjalnego odej\u015bcia Dawida Szwargi z Arki Gdynia wyp\u0142yn\u0105\u0142 po jej grudniowym zwyci\u0119stwie z Motorem Lublin w Ekstraklasie. Temat mo\u017cliwego zako\u0144czenia wsp\u00f3\u0142pracy wyszed\u0142 bardziej od trenera. Jego finalne pozostanie w klubie potwierdzi\u0142 ju\u017c jednak prezes ligowego beniaminka Wojciech Pertkiewicz.<\/p>\n<p>Wcze\u015bniej ukazywa\u0142y si\u0119 r\u00f3wnie\u017c doniesienia dotycz\u0105ce niewykluczonej zmiany otoczenia przez Veljko Nikitovicia, a wi\u0119c dyrektora sportowego Arki. Kilka \u017ar\u00f3de\u0142 sugerowa\u0142o zainteresowanie jego osob\u0105 ze strony w\u0142adz Motoru. <\/p>\n<p>O obu pan\u00f3w zosta\u0142 zapytany Marcin Grucha\u0142a.   <\/p>\n<p> Popularne <\/p>\n<\/p>\n<p>&#8211; Tak, Dawid Szwarga i Veljko Nikitovi\u0107 zostaj\u0105 z nami na rund\u0119 wiosenn\u0105. Klub niczego nie komunikowa\u0142, bo nie by\u0142o czego komunikowa\u0107. Obaj panowie kontrakty maj\u0105 do czerwca 2026 roku i je wype\u0142niaj\u0105 &#8211; przyzna\u0142 w\u0142a\u015bciciel klubu w rozmowie z \u201ePrzegl\u0105dem Sportowym\u201d. <\/p>\n<p>&#8211; W przypadku trenera potwierdzili\u015bmy sobie wzajemnie w przedmeczowym tygodniu, \u017ce niezale\u017cnie od wyniku spotkania z Motorem kontynuujemy wsp\u00f3\u0142prac\u0119 wiosn\u0105, cho\u0107 rzeczywi\u015bcie po stronie szkoleniowca pojawi\u0142y si\u0119 powody osobiste, przez co m\u00f3g\u0142by mie\u0107 k\u0142opot z pozostaniem w Gdyni. Bardzo si\u0119 ciesz\u0119, \u017ce wr\u00f3cili\u015bmy do pierwotnych ustale\u0144 i \u017ce Dawid zostaje w Arce. Je\u015bli chodzi o Veljko Nikitovicia, ju\u017c wcze\u015bniej lojalnie zakomunikowa\u0142 nam o swoich rozmowach z w\u0142a\u015bcicielem Motoru Zbigniewem Jakubasem, ale nie by\u0142o realnego tematu jego odej\u015bcia &#8211; podkre\u015bli\u0142 przedsi\u0119biorca (ca\u0142y wywiad <a href=\"https:\/\/przegladsportowy.onet.pl\/pilka-nozna\/ekstraklasa\/wlasciciel-arki-gdynia-tlumaczy-burze-wokol-klubu-i-zapowiada-wzmocnienia\/4k5bk3g\" target=\"_blank\" rel=\"nofollow noopener\">TUTAJ<\/a>).<\/p>\n<p>Dopytany p\u00f3\u017aniej Grucha\u0142a powiedzia\u0142, \u017ce tu i teraz w klubie koncentruj\u0105 si\u0119 na drugiej cz\u0119\u015bci sezonu. Na rozmowy dotycz\u0105ce ewentualnego dalszego przed\u0142u\u017cenia wsp\u00f3\u0142pracy z wy\u017cej wymienionymi przyjdzie czas.<\/p>\n<p>Arka zamkn\u0119\u0142a 2025 rok z dorobkiem 21 punkt\u00f3w na 11. miejscu w tabeli rodzimej elity. <\/p>\n","protected":false},"excerpt":{"rendered":"W\u0142a\u015bciciel Arki Gdynia Marcin Grucha\u0142a w rozmowie z \u201ePrzegl\u0105dem Sportowym\u201d wypowiedzia\u0142 si\u0119 na temat Dawida Szwargi oraz Veljko&hellip;\n","protected":false},"author":2,"featured_media":152294,"comment_status":"","ping_status":"","sticky":false,"template":"","format":"standard","meta":{"footnotes":""},"categories":[24],"tags":[42,38,40,39,41,127,126],"class_list":{"0":"post-152293","1":"post","2":"type-post","3":"status-publish","4":"format-standard","5":"has-post-thumbnail","7":"category-sport","8":"tag-pl","9":"tag-poland","10":"tag-polish","11":"tag-polska","12":"tag-polski","13":"tag-sport","14":"tag-sports"},"share_on_mastodon":{"url":"https:\/\/pubeurope.com\/@pl\/115724369574663608","error":""},"_links":{"self":[{"href":"https:\/\/www.europesays.com\/pl\/wp-json\/wp\/v2\/posts\/152293","targetHints":{"allow":["GET"]}}],"collection":[{"href":"https:\/\/www.europesays.com\/pl\/wp-json\/wp\/v2\/posts"}],"about":[{"href":"https:\/\/www.europesays.com\/pl\/wp-json\/wp\/v2\/types\/post"}],"author":[{"embeddable":true,"href":"https:\/\/www.europesays.com\/pl\/wp-json\/wp\/v2\/users\/2"}],"replies":[{"embeddable":true,"href":"https:\/\/www.europesays.com\/pl\/wp-json\/wp\/v2\/comments?post=152293"}],"version-history":[{"count":0,"href":"https:\/\/www.europesays.com\/pl\/wp-json\/wp\/v2\/posts\/152293\/revisions"}],"wp:featuredmedia":[{"embeddable":true,"href":"https:\/\/www.europesays.com\/pl\/wp-json\/wp\/v2\/media\/152294"}],"wp:attachment":[{"href":"https:\/\/www.europesays.com\/pl\/wp-json\/wp\/v2\/media?parent=152293"}],"wp:term":[{"taxonomy":"category","embeddable":true,"href":"https:\/\/www.europesays.com\/pl\/wp-json\/wp\/v2\/categories?post=152293"},{"taxonomy":"post_tag","embeddable":true,"href":"https:\/\/www.europesays.com\/pl\/wp-json\/wp\/v2\/tags?post=152293"}],"curies":[{"name":"wp","href":"https:\/\/api.w.org\/{rel}","templated":true}]}}