{"id":152312,"date":"2025-12-15T15:59:09","date_gmt":"2025-12-15T15:59:09","guid":{"rendered":"https:\/\/www.europesays.com\/pl\/152312\/"},"modified":"2025-12-15T15:59:09","modified_gmt":"2025-12-15T15:59:09","slug":"uroczystosc-zapalenia-swiec-chanukowych-w-sejmie-marszalek-zabral-glos","status":"publish","type":"post","link":"https:\/\/www.europesays.com\/pl\/152312\/","title":{"rendered":"Uroczysto\u015b\u0107 zapalenia \u015bwiec chanukowych w Sejmie. Marsza\u0142ek zabra\u0142 g\u0142os"},"content":{"rendered":"<p class=\"ods-c-paragraph \">W uroczysto\u015bci zapalenia w Sejmie menory chanukowej uczestniczyli marsza\u0142ekj Sejmu W\u0142odzimierz Czarzasty, naczelny rabin Polski Michael Schudrich i przewodnicz\u0105cy Chabad-Lubawicz w Polsce Szalom Ber Stambler, ambasador Izraela w Polsce Yaakow Finkelstein oraz m.in. wiceszef MSZ W\u0142adys\u0142aw Teofil Bartoszewski, minister sprawiedliwo\u015bci Waldemar \u017burek, ambasador USA w Polsce Thomas Rose.<\/p>\n<p class=\"ods-c-paragraph \">\u2014 Sejm, kt\u00f3rego jestem marsza\u0142kiem go\u015bci dzi\u015b spo\u0142eczno\u015b\u0107 \u017cydowsk\u0105 Warszawy i licznych przedstawicieli innych wyzna\u0144, kt\u00f3rzy swoj\u0105 obecno\u015bci\u0105 \u015bwiadcz\u0105 o przywi\u0105zaniu do tradycji judeochrze\u015bcija\u0144skich \u2014 m\u00f3wi\u0142 W\u0142odzimierz Czarzasty.<\/p>\n<p>Dalszy ci\u0105g artyku\u0142u pod materia\u0142em wideo<\/p>\n<p> Kto zapali\u0142 \u015bwiece chanukowe w Sejmie? <\/p>\n<p> Jakie wydarzenie mia\u0142o miejsce w Sydney? <\/p>\n<p> Kto uczestniczy\u0142 w uroczysto\u015bci zapalenia \u015bwiec? <\/p>\n<p> Co powiedzia\u0142 W\u0142odzimierz Czarzasty o antysemityzmie? <\/p>\n<p class=\"ods-c-paragraph \">\u2014 To dzisiaj jest wasze miejsce. Chanuka to \u015bwi\u0119to radosne. Dzisiejsza uroczysto\u015b\u0107 odbywa si\u0119 jednak w cieniu tragedii w Sydney. Sk\u0142adam kondolencje przedstawicielom spo\u0142eczno\u015bci \u017cydowskiej. Wydarzenia w Australii wskazuj\u0105, \u017ce antysemityzm wci\u0105\u017c prowadzi do zachowa\u0144 zbrodniczych. Zbrodnie motywowane antysemityzmem to nie przesz\u0142o\u015b\u0107, nie historia \u2014 to r\u00f3wnie\u017c nasza smutna tera\u017aniejszo\u015b\u0107 \u2014 doda\u0142 Czarzasty.<\/p>\n<p class=\"ods-c-paragraph \"><a href=\"https:\/\/wiadomosci.onet.pl\/swiat\/zamach-na-plazy-w-sydney-nowe-informacje-o-liczbie-ofiar-i-sprawcach\/htqf482\" id=\"1e0d6660-afb5-466f-87c9-e37355342b2c\" rel=\"nofollow noopener\" target=\"_blank\">W zamachu terrorystycznym na pla\u017cy Bondi w Sydney zgin\u0119\u0142o w niedziel\u0119 co najmniej 16 os\u00f3b \u2014 poda\u0142y australijskie w\u0142adze. <\/a>Atak nast\u0105pi\u0142, kiedy zebrani na pla\u017cy australijscy \u017bydzi przyst\u0105pili do zapalania chanukowej \u015bwiecy. Do szpitali przewieziono 40 os\u00f3b. Jeden ze sprawc\u00f3w poni\u00f3s\u0142 \u015bmier\u0107, drugi zosta\u0142 zatrzymany.<\/p>\n<p>W\u0142odzimierz Czarzasty przypomnia\u0142 incydent z Grzegorzem Braunem. &#8222;Tego s\u0142owa nigdy do\u015b\u0107&#8221;   <\/p>\n<p class=\"ods-c-paragraph \">\u2014 W polskim Sejmie nie ma miejsca na antysemityzm i nienawi\u015b\u0107. Jest miejsce na Chanuk\u0119 \u2014 zapewni\u0142 marsza\u0142ek Czarzasty.<\/p>\n<p class=\"ods-c-paragraph \">\u2014 W tym miejscu dwa lata temu mia\u0142 miejsce haniebny atak na \u015bwiat\u0142a nadziei i na ludzi, kt\u00f3rych to \u015bwiat\u0142o zgromadzi\u0142o \u2014 przypomnia\u0142 marsza\u0142ek Sejmu, nawi\u0105zuj\u0105c do skandalicznego incydentu z udzia\u0142em Grzegorza Brauna. \u2014 My\u015bl\u0119, \u017ce tego s\u0142owa nigdy do\u015b\u0107. Chcia\u0142em za incydent, kt\u00f3ry wydarzy\u0142 si\u0119 tutaj dwa lata temu \u2014 przeprosi\u0107 \u2014 doda\u0142.<\/p>\n<p class=\"ods-c-paragraph \">G\u0142os podczas uroczysto\u015bci zabra\u0142 r\u00f3wnie\u017c ambasador USA w Polsce Tom Rose. \u2014 Antysemityzm rozprzestrzenia si\u0119, gdy napotyka na milczenie. Niech Polska pozostanie silna. Niech silne pozostan\u0105 polski nar\u00f3d, kultura i tradycje. Niech B\u00f3g b\u0142ogos\u0142awi Ameryk\u0119, Polsk\u0119, Izrael, narody polskie i izraelskie. \u017byjemy, rozwijamy si\u0119 i walczymy o nasze tradycje, warto\u015bci i to\u017csamo\u015b\u0107 \u2014 powiedzia\u0142.<\/p>\n","protected":false},"excerpt":{"rendered":"W uroczysto\u015bci zapalenia w Sejmie menory chanukowej uczestniczyli marsza\u0142ekj Sejmu W\u0142odzimierz Czarzasty, naczelny rabin Polski Michael Schudrich i&hellip;\n","protected":false},"author":2,"featured_media":140800,"comment_status":"","ping_status":"","sticky":false,"template":"","format":"standard","meta":{"footnotes":""},"categories":[12],"tags":[3199,995,32,33,29838,36,37,27,49,34,35,28,31,48,25,46,42,38,40,39,41,47,952,29,30,26,203],"class_list":{"0":"post-152312","1":"post","2":"type-post","3":"status-publish","4":"format-standard","5":"has-post-thumbnail","7":"category-polska","8":"tag-antysemityzm","9":"tag-australia","10":"tag-breaking-news","11":"tag-breakingnews","12":"tag-chanuka","13":"tag-featured-news","14":"tag-featurednews","15":"tag-headlines","16":"tag-kraj","17":"tag-latest-news","18":"tag-latestnews","19":"tag-naglowki","20":"tag-najwazniejsze-artykuly","21":"tag-nat_styl","22":"tag-news","23":"tag-omp","24":"tag-pl","25":"tag-poland","26":"tag-polish","27":"tag-polska","28":"tag-polski","29":"tag-screening_general","30":"tag-terroryzm","31":"tag-top-stories","32":"tag-topstories","33":"tag-wiadomosci","34":"tag-wlodzimierz_czarzasty"},"share_on_mastodon":{"url":"https:\/\/pubeurope.com\/@pl\/115724416790810963","error":""},"_links":{"self":[{"href":"https:\/\/www.europesays.com\/pl\/wp-json\/wp\/v2\/posts\/152312","targetHints":{"allow":["GET"]}}],"collection":[{"href":"https:\/\/www.europesays.com\/pl\/wp-json\/wp\/v2\/posts"}],"about":[{"href":"https:\/\/www.europesays.com\/pl\/wp-json\/wp\/v2\/types\/post"}],"author":[{"embeddable":true,"href":"https:\/\/www.europesays.com\/pl\/wp-json\/wp\/v2\/users\/2"}],"replies":[{"embeddable":true,"href":"https:\/\/www.europesays.com\/pl\/wp-json\/wp\/v2\/comments?post=152312"}],"version-history":[{"count":0,"href":"https:\/\/www.europesays.com\/pl\/wp-json\/wp\/v2\/posts\/152312\/revisions"}],"wp:featuredmedia":[{"embeddable":true,"href":"https:\/\/www.europesays.com\/pl\/wp-json\/wp\/v2\/media\/140800"}],"wp:attachment":[{"href":"https:\/\/www.europesays.com\/pl\/wp-json\/wp\/v2\/media?parent=152312"}],"wp:term":[{"taxonomy":"category","embeddable":true,"href":"https:\/\/www.europesays.com\/pl\/wp-json\/wp\/v2\/categories?post=152312"},{"taxonomy":"post_tag","embeddable":true,"href":"https:\/\/www.europesays.com\/pl\/wp-json\/wp\/v2\/tags?post=152312"}],"curies":[{"name":"wp","href":"https:\/\/api.w.org\/{rel}","templated":true}]}}