{"id":152314,"date":"2025-12-15T16:01:10","date_gmt":"2025-12-15T16:01:10","guid":{"rendered":"https:\/\/www.europesays.com\/pl\/152314\/"},"modified":"2025-12-15T16:01:10","modified_gmt":"2025-12-15T16:01:10","slug":"a-jednak-flick-oglosil-decyzje-w-sprawie-lewandowskiego","status":"publish","type":"post","link":"https:\/\/www.europesays.com\/pl\/152314\/","title":{"rendered":"A jednak. Flick og\u0142osi\u0142 decyzj\u0119 w sprawie Lewandowskiego"},"content":{"rendered":"\n<p class=\"contentpart contentpart--default contentpart--text\" data-position=\"0\">Od poniedzia\u0142kowego poranka informacje medi\u00f3w z Hiszpanii o tym, czy Polak znajdzie si\u0119 w kadrze meczowej na wtorkowy mecz, by\u0142y bardzo niepokoj\u0105ce. Na przyk\u0142ad &#8222;Mundo Deportivo&#8221; donosi\u0142o, \u017ce <a href=\"https:\/\/sportowefakty.wp.pl\/pilka-nozna\/robert-lewandowski\" rel=\"nofollow noopener\" target=\"_blank\">Robert Lewandowski<\/a>\u00a0wci\u0105\u017c zmaga si\u0119 z urazem mi\u0119\u015bniowym. Z tego powodu Polak nie zagra\u0142 tak\u017ce w ostatnim spotkaniu La Ligi przeciwko Osasunie (2:1).<\/p>\n<p class=\"contentpart contentpart--default contentpart--text\" data-position=\"1\">37-latek nie trenowa\u0142 r\u00f3wnie\u017c w niedziel\u0119 z reszt\u0105 dru\u017cyny i pozosta\u0142 na si\u0142owni, co mog\u0142o wskazywa\u0107 na powa\u017cniejsz\u0105 kontuzj\u0119 oraz d\u0142u\u017csz\u0105 przerw\u0119 w grze.<\/p>\n<p> <img role=\"presentation\" src=\"https:\/\/std.wpcdn.pl\/images\/adv\/placeholder_wp.svg\" loading=\"lazy\" alt=\"\" decoding=\"async\"\/>  <\/p>\n<p class=\"contentpart contentpart--default contentpart--text\" data-position=\"2\">ZOBACZ WIDEO: Hukn\u0105\u0142 jak z armaty! Bramkarz nie mia\u0142 \u017cadnych szans<\/p>\n<p class=\"contentpart contentpart--default contentpart--text\" data-position=\"4\">Tak si\u0119 jednak nie stanie, mimo \u017ce dzie\u0144 przed starciem z CD Guadalajara w 1\/16 fina\u0142u <a href=\"https:\/\/sportowefakty.wp.pl\/pilka-nozna\/puchar-krola\" rel=\"nofollow noopener\" target=\"_blank\">Pucharu Kr\u00f3la<\/a>\u00a0&#8222;Lewy&#8221; ponownie trenowa\u0142 wy\u0142\u0105cznie na si\u0142owni.<\/p>\n<p class=\"contentpart contentpart--default contentpart--text\" data-position=\"5\">&#8222;W dniu wype\u0142nionym przedmeczowymi obowi\u0105zkami Blaugrana trenowa\u0142a w deszczu w Ciutat Esportiva. Robert Lewandowski nie \u0107wiczy\u0142 z grup\u0105, jednak Hansi Flick potwierdzi\u0142 na konferencji prasowej, \u017ce napastnik b\u0119dzie dost\u0119pny na jutrzejszy mecz&#8221; &#8211; poinformowa\u0142 klub w oficjalnym komunikacie.<\/p>\n<p class=\"contentpart contentpart--default contentpart--text\" data-position=\"6\">Tym samym <a href=\"https:\/\/sportowefakty.wp.pl\/pilka-nozna\/fc-barcelona\" rel=\"nofollow noopener\" target=\"_blank\">FC Barcelona<\/a>\u00a0zdementowa\u0142a niepokoj\u0105ce doniesienia na temat stanu zdrowia kapitana reprezentacji Polski, kt\u00f3ry w tym sezonie wyst\u0105pi\u0142 w 17 spotkaniach, strzeli\u0142 osiem goli i zanotowa\u0142 dwie asysty.<\/p>\n","protected":false},"excerpt":{"rendered":"Od poniedzia\u0142kowego poranka informacje medi\u00f3w z Hiszpanii o tym, czy Polak znajdzie si\u0119 w kadrze meczowej na wtorkowy&hellip;\n","protected":false},"author":2,"featured_media":152315,"comment_status":"","ping_status":"","sticky":false,"template":"","format":"standard","meta":{"footnotes":""},"categories":[24],"tags":[272,2600,269,540,42,38,40,39,41,30625,273,127,126],"class_list":{"0":"post-152314","1":"post","2":"type-post","3":"status-publish","4":"format-standard","5":"has-post-thumbnail","7":"category-sport","8":"tag-fc-barcelona","9":"tag-hansi-flick","10":"tag-pilka-nozna","11":"tag-pilka-nozna-w-hiszpanii","12":"tag-pl","13":"tag-poland","14":"tag-polish","15":"tag-polska","16":"tag-polski","17":"tag-puchar-krola","18":"tag-robert-lewandowski","19":"tag-sport","20":"tag-sports"},"share_on_mastodon":{"url":"https:\/\/pubeurope.com\/@pl\/115724424757943934","error":""},"_links":{"self":[{"href":"https:\/\/www.europesays.com\/pl\/wp-json\/wp\/v2\/posts\/152314","targetHints":{"allow":["GET"]}}],"collection":[{"href":"https:\/\/www.europesays.com\/pl\/wp-json\/wp\/v2\/posts"}],"about":[{"href":"https:\/\/www.europesays.com\/pl\/wp-json\/wp\/v2\/types\/post"}],"author":[{"embeddable":true,"href":"https:\/\/www.europesays.com\/pl\/wp-json\/wp\/v2\/users\/2"}],"replies":[{"embeddable":true,"href":"https:\/\/www.europesays.com\/pl\/wp-json\/wp\/v2\/comments?post=152314"}],"version-history":[{"count":0,"href":"https:\/\/www.europesays.com\/pl\/wp-json\/wp\/v2\/posts\/152314\/revisions"}],"wp:featuredmedia":[{"embeddable":true,"href":"https:\/\/www.europesays.com\/pl\/wp-json\/wp\/v2\/media\/152315"}],"wp:attachment":[{"href":"https:\/\/www.europesays.com\/pl\/wp-json\/wp\/v2\/media?parent=152314"}],"wp:term":[{"taxonomy":"category","embeddable":true,"href":"https:\/\/www.europesays.com\/pl\/wp-json\/wp\/v2\/categories?post=152314"},{"taxonomy":"post_tag","embeddable":true,"href":"https:\/\/www.europesays.com\/pl\/wp-json\/wp\/v2\/tags?post=152314"}],"curies":[{"name":"wp","href":"https:\/\/api.w.org\/{rel}","templated":true}]}}