{"id":152324,"date":"2025-12-15T16:08:15","date_gmt":"2025-12-15T16:08:15","guid":{"rendered":"https:\/\/www.europesays.com\/pl\/152324\/"},"modified":"2025-12-15T16:08:15","modified_gmt":"2025-12-15T16:08:15","slug":"amerykanska-gwiazda-zaspiewa-na-otwarciu-igrzysk-olimpijskich-przeglad-sportowy-onet","status":"publish","type":"post","link":"https:\/\/www.europesays.com\/pl\/152324\/","title":{"rendered":"Ameryka\u0144ska gwiazda za\u015bpiewa na otwarciu igrzysk olimpijskich! &#8211; Przegl\u0105d Sportowy Onet"},"content":{"rendered":"<ol>\n<li><a href=\"https:\/\/news.google.com\/rss\/articles\/CBMiwAFBVV95cUxPSGpjOWdWTG9YMGlmTTZKWHlOcWZUaU9iNWc1QWdrdHlhMUJtWmNLRVFVTHQ4ekFvUHF4N1oxUDFXTU5QRlF3OEQxWm1teWdtYUdXZmlwSVd5TXJ0T0ZlNU9RenNoTmtaY0xIaHFIb1cwWlRPbzVPUnBTeWRfOW16RUV0aWxYdjRJeGd6UjdLN2hDc1pHa0JPQy15WDBzZk8zRUVUNlNtVEZQSGRzOUFfSnh3OUVFRWhGaEQxcXFVNWI?oc=5\" target=\"_blank\" rel=\"nofollow noopener\">Ameryka\u0144ska gwiazda za\u015bpiewa na otwarciu igrzysk olimpijskich!<\/a>&nbsp;&nbsp;Przegl\u0105d Sportowy Onet<\/li>\n<li><a href=\"https:\/\/news.google.com\/rss\/articles\/CBMiygFBVV95cUxPZEJIVGxCM2M1dDNmU2dJZERuNC03eWdQWVVUdnZmYkV1YkxRTENaZ0oydDdrRW44Tnh4ZGI1YVJzYVlCR3g3SXQ0NW5IbnFwbDlGU1g5WnpWNVlMNDJna2xTWGJEMTBFTkl6SGxFMG5vMWxtbWdWLUdGMFE1RDQtRlE4TTJvTDFTZkVFSXExalBmd0pvVGdRZEJPdXJjLXZ1c0tYUU94bHlTaThKTnEzcW4xelRmdEw2b1hLMXpSTXFvZURlS19PMjFB?oc=5\" target=\"_blank\" rel=\"nofollow noopener\">Oficjalne potwierdzenie. Wiadomo, kto wyst\u0105pi na ceremonii otwarcia igrzysk<\/a>&nbsp;&nbsp;SportoweFakty<\/li>\n<li><a href=\"https:\/\/news.google.com\/rss\/articles\/CBMitAJBVV95cUxOVEoyTTZORmtVcUQxQkc1WmRmeHZUdjZQUDQtek50QlhIMUZPT2J0ZGFaMEpGLTNkbFgyWlE0bVNWTkdWcFc2bDJZYkozUzlqZGZ5R0dFSV9LU2YyMXBMWm83bllCYTA4VTVsWG8xZUxiQlNlalFwdkJPZmgzLTE2VXNLdThaejI1VXF0dS1QUU5Ga0Nfcm9nMk1LbnJEVnY3aEotR1ktVE5WNUlCZ3o5bHlVckF0ZV91bC1OS2N4bG43S2RMT2t4S2x3N2pqRGp4aHBHcXhxWEpfNHBkUkVjRGRqUWNkX0JtMGNTb2FkUldlQnJzY2VJdEdUbzdwWjdja3QzWlBRWnl4blhodlhEVEgxMUo3LTg5cU9CN2JGX1dqZjZES3NpZnVWZXBPT0NhZGV3Rw?oc=5\" target=\"_blank\" rel=\"nofollow noopener\">Legenda muzyki pop za\u015bpiewa na otwarcie igrzysk<\/a>&nbsp;&nbsp;Eurosport Polska<\/li>\n<li><a href=\"https:\/\/news.google.com\/rss\/articles\/CBMivAFBVV95cUxPRXgzdVpjbVBUVG9VNWZLdTNsQjJMeXRONFgtRkVTd0hJTUd5LUJmajdsbW1TVUtSVFljWW41SXBMN1ZjMkNvMERXYWtWUTdETVBJSDZnTmEtUC1HbmRpM1lELTczd0hNVE14dTRvUkJEQVZya1Z6TkMzVWJsLXExalNCVl9vQk1aeXp6T0JpbUJCekFJR0F3cXNRVG01YmlXalRaMk03ZGtROUVoelJDNE92ZXVaTUNlNlgxRw?oc=5\" target=\"_blank\" rel=\"nofollow noopener\">&#8222;All I Want For Christmas Is You&#8221;. Mariah Carey na igrzyskach olimpijskich<\/a>&nbsp;&nbsp;www.polsatsport.pl<\/li>\n<li><a href=\"https:\/\/news.google.com\/rss\/articles\/CBMiggJBVV95cUxQbFF4d2g5bHZEVzU1Uy1kNXNHSkpGQ2hfeG9WZUdtX1JvVlhnQW9rY1RtUmZjaUpGb2tSTGFSdU92dUswTC1USV8wT010RWNNemlvSlpFSDR4TUJUZFpSMjNLeTRRUk4zVkhiVXd4M1dRbHlHc3Zmc3ZYakNYSjFVbEl3YUZRN3RNQ0w0VHFIVW44TnFBRVZOX1c4Tmg2Y0tHTGlYRXZZY1U2UW9ldTF6aVAwMTYtMkROYnVoelJwMmk1YlBXbVZ5QVRfUmg3RG1kYjZoYVR0RWRyNktUaHRXMEFGRFJDNzlDS2kzTDJOMF84Skd6c1ctamJISmwzSzJ4a1E?oc=5\" target=\"_blank\" rel=\"nofollow noopener\">Igrzyska Zimowe 2026: Mariah Carey wyst\u0105pi na ceremoni\u0119 otwarcia w Mediolanie<\/a>&nbsp;&nbsp;Sortir \u00e0 Paris<\/li>\n<\/ol>\n","protected":false},"excerpt":{"rendered":"Ameryka\u0144ska gwiazda za\u015bpiewa na otwarciu igrzysk olimpijskich!&nbsp;&nbsp;Przegl\u0105d Sportowy Onet Oficjalne potwierdzenie. Wiadomo, kto wyst\u0105pi na ceremonii otwarcia igrzysk&nbsp;&nbsp;SportoweFakty&hellip;\n","protected":false},"author":2,"featured_media":152325,"comment_status":"","ping_status":"","sticky":false,"template":"","format":"standard","meta":{"footnotes":""},"categories":[24],"tags":[2399,67,22246,42,38,40,39,41,136,128,47,127,135,126,130,15289],"class_list":{"0":"post-152324","1":"post","2":"type-post","3":"status-publish","4":"format-standard","5":"has-post-thumbnail","7":"category-sport","8":"tag-igrzyska_olimpijskie","9":"tag-intextvideo_splayer","10":"tag-mariah_carey","11":"tag-pl","12":"tag-poland","13":"tag-polish","14":"tag-polska","15":"tag-polski","16":"tag-ps_detal_new","17":"tag-psv2","18":"tag-screening_general","19":"tag-sport","20":"tag-sport_sport","21":"tag-sports","22":"tag-wiadomosci_sportowe","23":"tag-zimowe_igrzyska_olimpijskie_2026"},"share_on_mastodon":{"url":"https:\/\/pubeurope.com\/@pl\/115724452021853036","error":""},"_links":{"self":[{"href":"https:\/\/www.europesays.com\/pl\/wp-json\/wp\/v2\/posts\/152324","targetHints":{"allow":["GET"]}}],"collection":[{"href":"https:\/\/www.europesays.com\/pl\/wp-json\/wp\/v2\/posts"}],"about":[{"href":"https:\/\/www.europesays.com\/pl\/wp-json\/wp\/v2\/types\/post"}],"author":[{"embeddable":true,"href":"https:\/\/www.europesays.com\/pl\/wp-json\/wp\/v2\/users\/2"}],"replies":[{"embeddable":true,"href":"https:\/\/www.europesays.com\/pl\/wp-json\/wp\/v2\/comments?post=152324"}],"version-history":[{"count":0,"href":"https:\/\/www.europesays.com\/pl\/wp-json\/wp\/v2\/posts\/152324\/revisions"}],"wp:featuredmedia":[{"embeddable":true,"href":"https:\/\/www.europesays.com\/pl\/wp-json\/wp\/v2\/media\/152325"}],"wp:attachment":[{"href":"https:\/\/www.europesays.com\/pl\/wp-json\/wp\/v2\/media?parent=152324"}],"wp:term":[{"taxonomy":"category","embeddable":true,"href":"https:\/\/www.europesays.com\/pl\/wp-json\/wp\/v2\/categories?post=152324"},{"taxonomy":"post_tag","embeddable":true,"href":"https:\/\/www.europesays.com\/pl\/wp-json\/wp\/v2\/tags?post=152324"}],"curies":[{"name":"wp","href":"https:\/\/api.w.org\/{rel}","templated":true}]}}