{"id":152328,"date":"2025-12-15T16:12:09","date_gmt":"2025-12-15T16:12:09","guid":{"rendered":"https:\/\/www.europesays.com\/pl\/152328\/"},"modified":"2025-12-15T16:12:09","modified_gmt":"2025-12-15T16:12:09","slug":"polska-wraca-do-stolu-w-sprawie-ukrainy-ekspert-wskazal-glowny-powod","status":"publish","type":"post","link":"https:\/\/www.europesays.com\/pl\/152328\/","title":{"rendered":"Polska wraca do sto\u0142u w sprawie Ukrainy. Ekspert wskaza\u0142 g\u0142\u00f3wny pow\u00f3d"},"content":{"rendered":"<p class=\"article-p\" data-section=\"detail-body\">W poniedzia\u0142ek (15 grudnia) w Berlinie oczekiwani s\u0105 mi\u0119dzy innymi prezydent Francji Emmanuel Macron, premier Wielkiej Brytanii Keir Starmer, premier W\u0142och Giorgia Meloni oraz premier Holandii Dick Schoof. Z komunikat\u00f3w strony ukrai\u0144skiej wynika, \u017ce rozmowy maj\u0105 dotyczy\u0107 mi\u0119dzy innymi gwarancji bezpiecze\u0144stwa, odbudowy kraju oraz porozumienia politycznego ko\u0144cz\u0105cego wojn\u0119.<\/p>\n<p>        Szczyt w sprawie Ukrainy. Do Berlina uda si\u0119 premier Tusk<\/p>\n<p class=\"article-p\" data-section=\"detail-body\">Rzecznik rz\u0105du Adam Sz\u0142apka przekaza\u0142, \u017ce premier Tusk uda si\u0119 w poniedzia\u0142ek po po\u0142udniu do Berlina. W p\u00f3\u017aniejszym wpisie na platformie X Sz\u0142apka napisa\u0142, \u017ce &#8222;od pocz\u0105tku berli\u0144skich negocjacji uczestniczy w nich doradca premiera ds. bezpiecze\u0144stwa, min. Robert Kupiecki&#8221;.<\/p>\n<p class=\"article-p\" data-section=\"detail-body\">&#8222;Spotkanie lider\u00f3w z udzia\u0142em premiera Donalda Tuska odb\u0119dzie si\u0119 dzi\u015b po po\u0142udniu&#8221; \u2014 napisa\u0142 rzecznik rz\u0105du.<\/p>\n<p class=\"article-p\" data-section=\"detail-body\">Czytaj te\u017c: <a href=\"https:\/\/www.fakt.pl\/polityka\/karol-nawrocki-wesprze-wosp-tak-odpisala-kancelaria-prezydenta\/7r0v6ps\" id=\"27e21634-42c7-4e60-a54c-2ebca7bdea58\" rel=\"nofollow noopener\" target=\"_blank\">Zapytali, czy Nawrocki b\u0119dzie kontynuowa\u0142 t\u0119 tradycj\u0119 Dudy. Kancelaria odm\u00f3wi\u0142a komentarza<\/a><\/p>\n<p class=\"article-p\" data-section=\"detail-body\">W ostatnim czasie Polska by\u0142a nieobecna podczas najwa\u017cniejszych rozm\u00f3w w sprawie Ukrainy. Kilka dni temu przedstawiciela naszego kraju nie by\u0142o mi\u0119dzy innymi na szczycie w Londynie.<\/p>\n<p class=\"article-p\" data-section=\"detail-body\">Ocen\u0105 obecnej sytuacji podzieli\u0142 si\u0119 w &#8222;Fakcie&#8221; Bart\u0142omiej Kot. \u2014 Koordynacja pozycji europejskiej w ramach negocjacji pokojowych przebiega g\u0142\u00f3wnie na linii pa\u0144stw E3: Francja, Niemcy, Wielka Brytania. S\u0105 to pa\u0144stwa ciesz\u0105ce si\u0119 najwi\u0119kszym potencja\u0142em gospodarczym oraz wynikaj\u0105cym z tego prze\u0142o\u017ceniem na relacje ze Stanami Zjednoczonymi. Nie bez znaczenia jest tutaj tak\u017ce pozycja tych pa\u0144stw w obr\u0119bie UE; Francja i Niemcy jako g\u0142\u00f3wny silnik UE, oraz w NATO; Francja i Wielka Brytania jako dwa europejskie pa\u0144stwa posiadaj\u0105ce potencja\u0142 nuklearny \u2014 m\u00f3wi analityk.<\/p>\n<p class=\"article-p\" data-section=\"detail-body\">Zauwa\u017ca, \u017ce &#8222;jednocze\u015bnie, liderzy tych pa\u0144stw traktowani s\u0105 przez Ukrain\u0119 jako sojusznicy w otwarty spos\u00f3b popieraj\u0105cy nawet naj\u015bmielsze pozycje negocjacyjne Kijowa&#8221;.<\/p>\n<p class=\"article-p\" data-section=\"detail-body\">Oczywi\u015bcie nawet w tym gronie dochodzi do niewys\u0142owionej rywalizacji o prymat w negocjacjach, w szczeg\u00f3lno\u015bci wida\u0107 bowiem, \u017ce zar\u00f3wno kanclerz Merz, jak i prezydent Macron traktuj\u0105 udzia\u0142 w negocjacjach jako pr\u00f3b\u0119 wzmocnienia pozycji politycznej w swych pa\u0144stwach oraz w ramach UE<\/p>\n<p class=\"article-p\" data-section=\"detail-body\">\u2014 stwierdza Bart\u0142omiej Kot.<\/p>\n<p class=\"article-p\" data-section=\"detail-body\">Wskazuje, \u017ce &#8222;w obliczu powy\u017cszego, brak udzia\u0142u Polski w \u015bcis\u0142ym gronie decyzyjnym podyktowany jest kilkoma czynnikami&#8221;. \u2014 Przede wszystkim pa\u0144stwa E3 dotychczas nie dostrzega\u0142y potrzeby by dopuszcza\u0107 do \u015bcis\u0142ego grona dodatkowych decydent\u00f3w. Ukraina od dawna wzmacnia swoj\u0105 pozycj\u0119 negocjacyjn\u0105 wy\u0142\u0105cznie na bazie kontakt\u00f3w z najwi\u0119kszymi graczami, maj\u0105cymi potencjalne prze\u0142o\u017cenie na polityk\u0119 USA. Stany Zjednoczone &#8211; co pokaza\u0142o pierwotne 28 punkt\u00f3w pokojowych Trumpa &#8211; traktuj\u0105 Warszaw\u0119 jako sojusznika, kt\u00f3rego podmiotowo\u015b\u0107 w procesie negocjacji mog\u0105 okre\u015bla\u0107 swobodnie \u2014 s\u0142yszymy.<\/p>\n<p class=\"article-p\" data-section=\"detail-body\">Zobacz: <a href=\"https:\/\/www.fakt.pl\/polityka\/palac-odpowiada-na-slowa-marszalka-czarzastego-konflikt-sie-zaostrza\/d7x9g1b\" id=\"ac062431-7ee5-47f1-abed-dc78e439ccd9\" rel=\"nofollow noopener\" target=\"_blank\">Karol Nawrocki kontra W\u0142odzimierz Czarzasty. Eskalacja sporu o konstytucj\u0119<\/a><\/p>\n<p class=\"article-p\" data-section=\"detail-body\">Ekspert zwraca uwag\u0119, \u017ce &#8222;jednocze\u015bnie Waszyngton nie jest zainteresowany udzia\u0142em dodatkowego pa\u0144stwa europejskiego, kt\u00f3re by\u0142oby zainteresowane wzmocnieniem pozycji ukrai\u0144skiej w negocjacjach&#8221;.<\/p>\n<p class=\"article-p\" data-section=\"detail-body\">Na tle powy\u017cszego polska pozycja negocjacyjna jawi si\u0119 jako przewidywalna, a wi\u0119c rodz\u0105ca u wszystkich zainteresowanych przekonanie, \u017ce Polska i tak zgodzi si\u0119 na rozwi\u0105zania b\u0119d\u0105ce wynikiem rozm\u00f3w USA-Europa. Nie uwa\u017cam jednak, \u017ce brak udzia\u0142u Polski w \u015bcis\u0142ym gronie decyzyjnym mo\u017cna ograniczy\u0107 wy\u0142\u0105cznie do dwug\u0142osu w polityce zagranicznej na linii prezydent-rz\u0105d<\/p>\n<p class=\"article-p\" data-section=\"detail-body\">\u2014 s\u0142yszymy.<\/p>\n<p class=\"article-p\" data-section=\"detail-body\">Ekspert podkre\u015bla, \u017ce &#8222;trzeba jednak przyzna\u0107, \u017ce rz\u0105d nie cieszy si\u0119 zaufaniem Donalda Trumpa, a o\u015brodek prezydencki pomimo relacji opartych na zbie\u017cno\u015bci politycznej nie wypracowa\u0142 bezpo\u015brednich kontakt\u00f3w pomi\u0119dzy prezydentami RP i USA, kt\u00f3re mog\u0142yby usprawiedliwia\u0107 wi\u0119ksze zaanga\u017cowanie w rozstrzygni\u0119cie wojny w Ukrainie; w przeciwie\u0144stwie na przyk\u0142ad do prezydenta Finlandii Alexandra Stubba&#8221;.<\/p>\n<p class=\"article-p\" data-section=\"detail-body\">\u2014 Udzia\u0142 premiera w szczycie w Berlinie jest natomiast naturaln\u0105 konsekwencj\u0105 pozycji g\u0142\u00f3wnych graczy z Europy. Po ustaleniu ram negocjacji ze strony pa\u0144stw E3 dochodzi do poszerzenia przedstawicieli strony europejskiej przy stole, tak \u017ceby nada\u0107 negocjacjom z Amerykanami wymiar stanowiska ca\u0142ej Europy. To wzmocnienie w negocjacjach, ale tak\u017ce pr\u00f3ba zbudowania sobie pozycji przez kanclerza Merza jako osoby, kt\u00f3rej uda\u0142o si\u0119 zebra\u0107 szerokie grono lider\u00f3w do Berlina \u2014 podsumowuje analityk.<\/p>\n<p class=\"article-p\" data-section=\"detail-body\"><a href=\"https:\/\/www.fakt.pl\/polityka\/wlodzimierz-czarzasty-zlapany-na-drodze-takie-zachowanie-marszalkowi-nie-przystoi\/lc48yr7\" id=\"3968eb6e-f578-4bb5-981d-6c9e41ac69f4\" rel=\"nofollow noopener\" target=\"_blank\">Limuzyna W\u0142odzimierza Czarzastego na buspasie. Nowe szczeg\u00f3\u0142y po kongresie Lewicy<\/a><\/p>\n<p class=\"article-p\" data-section=\"detail-body\"><a href=\"https:\/\/www.fakt.pl\/polityka\/migi-dla-ukrainy-sprawdzilem-co-nieoficjalnie-mowia-o-przekazaniu-przedstawiciele-sil\/2c26m2r\" id=\"74f59e15-bb7c-43f4-b061-b65e681bdcaf\" rel=\"nofollow noopener\" target=\"_blank\">MiG-i dla Ukrainy. Sprawdzi\u0142em, co nieoficjalnie m\u00f3wi\u0105 o ich przekazaniu przedstawiciele Si\u0142 Powietrznych. &#8222;Kanibalizacja&#8221;<\/a><\/p>\n<p class=\"article-p\" data-section=\"detail-body\"><a href=\"https:\/\/www.fakt.pl\/polityka\/wolodymyr-zelenski-w-polsce-kprp-to-trzy-glowne-tematy-rozmow\/6jnlkjz\" id=\"de45a1d0-8620-4180-b748-b1952c55fa59\" rel=\"nofollow noopener\" target=\"_blank\">Kancelaria Prezydenta o szczeg\u00f3\u0142ach wizyty Ze\u0142enskiego. Porusz\u0105 trzy tematy<\/a><\/p>\n<p class=\"article-p\" data-section=\"detail-body\">(Fakt, X, PAP)<\/p>\n<p>        \/1<\/p>\n<p>                    <img decoding=\"async\" class=\"article-image-img\" loading=\"lazy\" alt=\"\" src=\"https:\/\/www.europesays.com\/pl\/wp-content\/uploads\/2025\/12\/aBYk9kuTURBXy85OGZlOGZjYS0xZWVkLTQxNTYtODg5NC03YWE1MmQ0YzhhMjQuanBlZ5GTAs0DSM0DRd4AAqEwAaExAQ.jpeg\" width=\"840\" height=\"837\"\/><\/p>\n<p>                  &#8211; \/ Archiwum prywatne<\/p>\n<p class=\"article-gallery-p\">\n        Analityk Bart\u0142omiej Kot.\n    <\/p>\n","protected":false},"excerpt":{"rendered":"W poniedzia\u0142ek (15 grudnia) w Berlinie oczekiwani s\u0105 mi\u0119dzy innymi prezydent Francji Emmanuel Macron, premier Wielkiej Brytanii Keir&hellip;\n","protected":false},"author":2,"featured_media":152329,"comment_status":"","ping_status":"","sticky":false,"template":"","format":"standard","meta":{"footnotes":""},"categories":[14],"tags":[32,33,27,34,35,28,31,25,40,41,80,29,30,26,82,83,84],"class_list":{"0":"post-152328","1":"post","2":"type-post","3":"status-publish","4":"format-standard","5":"has-post-thumbnail","7":"category-swiat","8":"tag-breaking-news","9":"tag-breakingnews","10":"tag-headlines","11":"tag-latest-news","12":"tag-latestnews","13":"tag-naglowki","14":"tag-najwazniejsze-artykuly","15":"tag-news","16":"tag-polish","17":"tag-polski","18":"tag-swiat","19":"tag-top-stories","20":"tag-topstories","21":"tag-wiadomosci","22":"tag-world","23":"tag-world-news","24":"tag-worldnews"},"share_on_mastodon":{"url":"https:\/\/pubeurope.com\/@pl\/115724467903517609","error":""},"_links":{"self":[{"href":"https:\/\/www.europesays.com\/pl\/wp-json\/wp\/v2\/posts\/152328","targetHints":{"allow":["GET"]}}],"collection":[{"href":"https:\/\/www.europesays.com\/pl\/wp-json\/wp\/v2\/posts"}],"about":[{"href":"https:\/\/www.europesays.com\/pl\/wp-json\/wp\/v2\/types\/post"}],"author":[{"embeddable":true,"href":"https:\/\/www.europesays.com\/pl\/wp-json\/wp\/v2\/users\/2"}],"replies":[{"embeddable":true,"href":"https:\/\/www.europesays.com\/pl\/wp-json\/wp\/v2\/comments?post=152328"}],"version-history":[{"count":0,"href":"https:\/\/www.europesays.com\/pl\/wp-json\/wp\/v2\/posts\/152328\/revisions"}],"wp:featuredmedia":[{"embeddable":true,"href":"https:\/\/www.europesays.com\/pl\/wp-json\/wp\/v2\/media\/152329"}],"wp:attachment":[{"href":"https:\/\/www.europesays.com\/pl\/wp-json\/wp\/v2\/media?parent=152328"}],"wp:term":[{"taxonomy":"category","embeddable":true,"href":"https:\/\/www.europesays.com\/pl\/wp-json\/wp\/v2\/categories?post=152328"},{"taxonomy":"post_tag","embeddable":true,"href":"https:\/\/www.europesays.com\/pl\/wp-json\/wp\/v2\/tags?post=152328"}],"curies":[{"name":"wp","href":"https:\/\/api.w.org\/{rel}","templated":true}]}}