{"id":152330,"date":"2025-12-15T16:13:13","date_gmt":"2025-12-15T16:13:13","guid":{"rendered":"https:\/\/www.europesays.com\/pl\/152330\/"},"modified":"2025-12-15T16:13:13","modified_gmt":"2025-12-15T16:13:13","slug":"lepsza-jakosc-powietrza-co-dalej-z-oplata-klimatyczna","status":"publish","type":"post","link":"https:\/\/www.europesays.com\/pl\/152330\/","title":{"rendered":"Lepsza jako\u015b\u0107 powietrza. Co dalej z op\u0142at\u0105 klimatyczn\u0105?"},"content":{"rendered":"\n<p>Urz\u0105d Miasta Zakopane informuje, \u017ce w\u00a0ostatnich latach jako\u015b\u0107 powietrza w\u00a0mie\u015bcie znacz\u0105co si\u0119 poprawi\u0142a. Kluczowym wska\u017anikiem jest poziom py\u0142u zawieszonego PM10. Od 2023 r. jego \u015brednioroczne st\u0119\u017cenie utrzymuje si\u0119 na poziomie ok. 20 mikrogram\u00f3w na metr sze\u015bcienny, podczas gdy w\u00a02007 r. wynosi\u0142o 66 mikrogram\u00f3w.<\/p>\n<p>\u2013 W Zakopanem widoczny jest bardzo wyra\u017any spadek zanieczyszczenia powietrza py\u0142em PM10 \u2013\u00a0przekaza\u0142 PAP Jan Schwenk, naczelnik Wydzia\u0142u Ochrony \u015arodowiska. Jak doda\u0142, poprawa jest efektem wieloletnich dzia\u0142a\u0144 samorz\u0105du, obejmuj\u0105cych przede wszystkim wymian\u0119 nieekologicznych \u017ar\u00f3de\u0142 ogrzewania, a\u00a0tak\u017ce kontrole i\u00a0dzia\u0142ania edukacyjne.<\/p>\n<p>Miasto wskazuje, \u017ce ogromne znaczenie mia\u0142 rozw\u00f3j ogrzewania geotermalnego oraz rozbudowa sieci ciep\u0142owniczej, kt\u00f3re pozwoli\u0142y ograniczy\u0107 indywidualne paleniska na paliwa sta\u0142e.<\/p>\n<p> <img role=\"presentation\" class=\"absolute left-1\/2 top-1\/2 max-h-[80%] max-w-[100px] -translate-x-1\/2 -translate-y-1\/2\" src=\"https:\/\/v.wpimg.pl\/ZXJfd3AudTkrBBIAbg54LGhcRlAxHQUrPgJGH2MAeGJoSQ1eIBI_K2UHAEVuBTY5KQMMXC0RPyoVERQdMgM9ejc\" loading=\"lazy\" decoding=\"async\"\/><\/p>\n<p>Problem z\u00a0walut\u0105 euro. Ekspert wskazuje na\u00a0przyk\u0142ad Niemiec <\/p>\n<p>Setki zlikwidowanych piec\u00f3w i\u00a0tysi\u0105ce ton mniej emisji <\/p>\n<p>Wed\u0142ug danych samorz\u0105du w\u00a0latach 2015\u20132024 w\u00a0ramach program\u00f3w dotacyjnych zlikwidowano ponad 800 nieekologicznych \u017ar\u00f3de\u0142 ogrzewania. Urz\u0105d podkre\u015bla jednak, \u017ce rzeczywista liczba wymienionych kot\u0142\u00f3w jest wy\u017csza, poniewa\u017c cz\u0119\u015b\u0107 mieszka\u0144c\u00f3w przeprowadzi\u0142a modernizacje bez wsparcia gminy.<\/p>\n<p>Efekty ekologiczne s\u0105 wymierne. W\u00a0latach 2018\u20132023 Zakopane ograniczy\u0142o emisj\u0119 o\u00a021,5 tys. ton CO2, 84 tony py\u0142\u00f3w PM10 oraz niemal 34 tony py\u0142\u00f3w PM2,5. Dane te dotycz\u0105 projekt\u00f3w realizowanych w\u00a0ramach Regionalnego Programu Operacyjnego, przy czym \u2013\u00a0jak zaznacza miasto \u2013\u00a0faktyczny efekt jest jeszcze wi\u0119kszy.<\/p>\n<p> <img role=\"presentation\" class=\"absolute left-1\/2 top-1\/2 max-h-[80%] max-w-[100px] -translate-x-1\/2 -translate-y-1\/2\" src=\"https:\/\/v.wpimg.pl\/ZXJfd3AudTkrBBIAbg54LGhcRlAxHQUrPgJGH2MAeGJoSQ1eIBI_K2UHAEVuBTY5KQMMXC0RPyoVERQdMgM9ejc\" loading=\"lazy\" decoding=\"async\"\/> <\/p>\n<p>Do dzia\u0142a\u0144 poprawiaj\u0105cych jako\u015b\u0107 powietrza nale\u017c\u0105 m.in. Program ochrony powietrza w\u00a0Gminie Miasto Zakopane, program &#8222;Czyste Powietrze&#8221;, finansowany z\u00a0bud\u017cetu miasta program wymiany \u017ar\u00f3de\u0142 ogrzewania, lokalny program os\u0142onowy oraz zwolnienie z\u00a0podatku od nieruchomo\u015bci dla u\u017cytkownik\u00f3w ekologicznych system\u00f3w grzewczych.<\/p>\n<p> <a href=\"https:\/\/www.money.pl\/gospodarka\/ropa-drozeje-doniesienia-z-chinskiej-gospodarki-podbijaja-ceny-7232644414163872a.html\" class=\"teaser-inline\" rel=\"nofollow noopener\" target=\"_blank\">  <img decoding=\"async\" src=\"https:\/\/www.europesays.com\/pl\/wp-content\/uploads\/2025\/12\/YjNkOTZhdgsvCTlndRN7HmxRbT0zSnVIO0l1dnVZa1J-E2AyMwQ8GCsbIHo9GiwaLxw_eioEdgs-AmAia0c9Az0bIzUjRzwHLA4r.jpeg\" width=\"0\" height=\"0\" loading=\"lazy\" class=\"wp-media-image cropped\" alt=\"Ropa dro\u017ceje. Doniesienia z chi\u0144skiej gospodarki podbijaj\u0105 ceny\"\/><\/p>\n<p>Ropa dro\u017ceje. Doniesienia z chi\u0144skiej gospodarki podbijaj\u0105 ceny<\/p>\n<p><\/a> <\/p>\n<p>Pomiary jako\u015bci powietrza prowadzi Wojew\u00f3dzki Inspektorat Ochrony \u015arodowiska na stacji zlokalizowanej na G\u00f3rnej R\u00f3wni Krupowej.<\/p>\n<p> <img role=\"presentation\" class=\"absolute left-1\/2 top-1\/2 max-h-[80%] max-w-[100px] -translate-x-1\/2 -translate-y-1\/2\" src=\"https:\/\/v.wpimg.pl\/ZXJfd3AudTkrBBIAbg54LGhcRlAxHQUrPgJGH2MAeGJoSQ1eIBI_K2UHAEVuBTY5KQMMXC0RPyoVERQdMgM9ejc\" loading=\"lazy\" decoding=\"async\"\/><\/p>\n<p>Czyste powietrze a\u00a0op\u0142ata klimatyczna <\/p>\n<p>Jako\u015b\u0107 powietrza ma w\u00a0Zakopanem szczeg\u00f3lne znaczenie tak\u017ce z\u00a0powod\u00f3w finansowych. Czysto\u015b\u0107 powietrza jest jednym z\u00a0warunk\u00f3w pobierania op\u0142aty miejscowej lub klimatycznej od turyst\u00f3w. W\u00a0tym roku Naczelny S\u0105d Administracyjny uzna\u0142, \u017ce miasto nie mia\u0142o prawa pobra\u0107 takiej op\u0142aty od jednego ze skar\u017c\u0105cych z\u00a0uwagi na z\u0142\u0105 jako\u015b\u0107 powietrza.<\/p>\n<p>Samorz\u0105d podkre\u015bla jednak, \u017ce obowi\u0105zuj\u0105ca uchwa\u0142a z\u00a02013 r. nakazuje pobieranie daniny, a\u00a0ocena jako\u015bci powietrza dotyczy obszaru niemal ca\u0142ej Ma\u0142opolski. W\u00a0tym kontek\u015bcie poprawa parametr\u00f3w w\u00a0samym Zakopanem jest dla miasta istotnym argumentem w\u00a0sporze o\u00a0legalno\u015b\u0107 op\u0142aty.<\/p>\n","protected":false},"excerpt":{"rendered":"Urz\u0105d Miasta Zakopane informuje, \u017ce w\u00a0ostatnich latach jako\u015b\u0107 powietrza w\u00a0mie\u015bcie znacz\u0105co si\u0119 poprawi\u0142a. Kluczowym wska\u017anikiem jest poziom py\u0142u&hellip;\n","protected":false},"author":2,"featured_media":152331,"comment_status":"","ping_status":"","sticky":false,"template":"","format":"standard","meta":{"footnotes":""},"categories":[12],"tags":[32,33,36,37,27,34,35,28,31,25,42,38,40,39,41,29,30,26],"class_list":{"0":"post-152330","1":"post","2":"type-post","3":"status-publish","4":"format-standard","5":"has-post-thumbnail","7":"category-polska","8":"tag-breaking-news","9":"tag-breakingnews","10":"tag-featured-news","11":"tag-featurednews","12":"tag-headlines","13":"tag-latest-news","14":"tag-latestnews","15":"tag-naglowki","16":"tag-najwazniejsze-artykuly","17":"tag-news","18":"tag-pl","19":"tag-poland","20":"tag-polish","21":"tag-polska","22":"tag-polski","23":"tag-top-stories","24":"tag-topstories","25":"tag-wiadomosci"},"share_on_mastodon":{"url":"https:\/\/pubeurope.com\/@pl\/115724472394425836","error":""},"_links":{"self":[{"href":"https:\/\/www.europesays.com\/pl\/wp-json\/wp\/v2\/posts\/152330","targetHints":{"allow":["GET"]}}],"collection":[{"href":"https:\/\/www.europesays.com\/pl\/wp-json\/wp\/v2\/posts"}],"about":[{"href":"https:\/\/www.europesays.com\/pl\/wp-json\/wp\/v2\/types\/post"}],"author":[{"embeddable":true,"href":"https:\/\/www.europesays.com\/pl\/wp-json\/wp\/v2\/users\/2"}],"replies":[{"embeddable":true,"href":"https:\/\/www.europesays.com\/pl\/wp-json\/wp\/v2\/comments?post=152330"}],"version-history":[{"count":0,"href":"https:\/\/www.europesays.com\/pl\/wp-json\/wp\/v2\/posts\/152330\/revisions"}],"wp:featuredmedia":[{"embeddable":true,"href":"https:\/\/www.europesays.com\/pl\/wp-json\/wp\/v2\/media\/152331"}],"wp:attachment":[{"href":"https:\/\/www.europesays.com\/pl\/wp-json\/wp\/v2\/media?parent=152330"}],"wp:term":[{"taxonomy":"category","embeddable":true,"href":"https:\/\/www.europesays.com\/pl\/wp-json\/wp\/v2\/categories?post=152330"},{"taxonomy":"post_tag","embeddable":true,"href":"https:\/\/www.europesays.com\/pl\/wp-json\/wp\/v2\/tags?post=152330"}],"curies":[{"name":"wp","href":"https:\/\/api.w.org\/{rel}","templated":true}]}}