{"id":152332,"date":"2025-12-15T16:14:10","date_gmt":"2025-12-15T16:14:10","guid":{"rendered":"https:\/\/www.europesays.com\/pl\/152332\/"},"modified":"2025-12-15T16:14:10","modified_gmt":"2025-12-15T16:14:10","slug":"zurek-tlumaczy-sie-ze-slow-o-przywozeniu-ziobry-w-bagazniku-czepiamy-sie-slowek","status":"publish","type":"post","link":"https:\/\/www.europesays.com\/pl\/152332\/","title":{"rendered":"\u017burek t\u0142umaczy si\u0119 ze s\u0142\u00f3w o &#8222;przywo\u017ceniu Ziobry w baga\u017cniku&#8221;. &#8222;Czepiamy si\u0119 s\u0142\u00f3wek&#8221;"},"content":{"rendered":"<ul class=\"list-summary__items summary\">\n<li>TSUE orzek\u0142, \u017ce Polska musi uzna\u0107 ma\u0142\u017ce\u0144stwa jednop\u0142ciowe, kt\u00f3re zawarto za granic\u0105;\u00a0<\/li>\n<li>Jak m\u00f3wi\u0142 w TOK Waldemar \u017burek, &#8222;pierwsze analizy \u015bwiadcz\u0105 o tym, \u017ce musimy jednak chyba bada\u0107, czy by\u0142o to ma\u0142\u017ce\u0144stwo weekendowe, czy te\u017c to osoby, kt\u00f3re od d\u0142u\u017cszego czasu przebywaj\u0105 za granic\u0105&#8221;;\u00a0<\/li>\n<li>Szef resortu sprawiedliwo\u015bci skomentowa\u0142 tak\u017ce swoj\u0105 ostatni\u0105 wypowied\u017a dotycz\u0105ca Zbigniewa Ziobry. &#8222;Has\u0142o 'przewo\u017cenie w baga\u017cniku&#8217; jest oczywi\u015bcie figur\u0105 retoryczn\u0105&#8221; &#8211; zapewnia\u0142.<\/li>\n<\/ul>\n<p>\n<a href=\"https:\/\/www.tokfm.pl\/polska\/tsue-polska-musi-uznac-malzenstwa-jednoplciowe\" target=\"_self\" rel=\"dofollow noopener\">Trybuna\u0142 Sprawiedliwo\u015bci Unii Europejskiej 25 listopada na kanwie sprawy z Polski orzek\u0142, \u017ce pa\u0144stwo cz\u0142onkowskie ma obowi\u0105zek uzna\u0107 ma\u0142\u017ce\u0144stwa par tej samej p\u0142ci, kt\u00f3re zosta\u0142y zawarte legalnie w innym kraju UE, nawet je\u015bli prawo tego kraju nie uznaje takich zwi\u0105zk\u00f3w.<\/a><\/p>\n<p>Szef resortu sprawiedliwo\u015bci by\u0142 pytany w TOK FM, czy\u00a0rozwi\u0105zania, kt\u00f3re Polska przyjmie, b\u0119d\u0105 oznacza\u0142y, \u017ce para mo\u017ce pojecha\u0107 do Berlina, wzi\u0105\u0107 tam \u015blub, po czym przyjecha\u0107 do Polski i tu zarejestrowa\u0107 si\u0119 jako ma\u0142\u017ce\u0144stwo.<\/p>\n<p>&#8211; Chyba nie do ko\u0144ca, dlatego \u017ce z tre\u015bci uzasadnienia tego orzeczenia wynika, \u017ce jednak zwi\u0105zek ten musi by\u0107 poza granicami w jaki\u015b spos\u00f3b &#8222;zestabilizowany&#8221;. Pierwsze analizy \u015bwiadcz\u0105 wi\u0119c o tym, \u017ce musimy jednak chyba bada\u0107, czy by\u0142o to ma\u0142\u017ce\u0144stwo weekendowe &#8211; w tym sensie, \u017ce przez weekend pojechali, zawarli zwi\u0105zek ma\u0142\u017ce\u0144ski i wr\u00f3cili, czy te\u017c by\u0142y to osoby, kt\u00f3re od d\u0142u\u017cszego czasu przebywaj\u0105 za granic\u0105 &#8211; m\u00f3wi\u0142 Waldemar \u017burek w &#8222;Poranku TOK FM&#8221;.\u00a0<\/p>\n<p>Zastrzeg\u0142 od razu, \u017ce nie b\u0119dzie to proste. Tym bardziej, \u017ce g\u0142osy specjalist\u00f3w s\u0105 na ten temat r\u00f3\u017cne. Minister przypomnia\u0142, \u017ce prof. \u0141\u0119towska m\u00f3wi: &#8222;Nic nie trzeba zmienia\u0107, mo\u017cna wpisywa\u0107&#8221;. &#8211; Ale mamy odpowiednie rubryki w dokumentach stanu cywilnego. Tam jest: &#8222;m\u0119\u017cczyzna&#8221;,\u00a0 &#8222;kobieta&#8221;, wi\u0119c musimy tak dostosowa\u0107 to prawo, \u017ceby\u015bmy nie tworzyli fikcji &#8211; podkre\u015bli\u0142.\u00a0<\/p>\n<p>&#8211; Ale jak b\u0119dziecie bada\u0107 czy kto\u015b pojecha\u0142 tylko na weekend i zawar\u0142 ma\u0142\u017ce\u0144stwo, czy mo\u017ce mieszka\u0142 tam d\u0142u\u017cej?\u00a0 &#8211; dopytywa\u0142a Dominika Wielowieyska.\u00a0<\/p>\n<p>&#8211; Na pewno jest to rzecz niezwykle trudna. Na ten moment nie wiemy, jak b\u0119dzie &#8211;\u00a0odpowiedzia\u0142 minister.\u00a0<\/p>\n<p>Zwr\u00f3ci\u0142 przy tym uwag\u0119, \u017ce cz\u0119\u015b\u0107 os\u00f3b uwa\u017ca, \u017ce &#8222;mo\u017cna to jeszcze dopi\u0105\u0107 do\u00a0projektu ustawy o statusie osoby najbli\u017cej &#8211;\u00a0tak, \u017ceby przyspieszy\u0107 realizacj\u0119 orzeczenia&#8221;. &#8211; Tutaj jednak jestem sceptyczny. Dlaczego? Procedujemy ju\u017c np. kwesti\u0119 rozwod\u00f3w w urz\u0119dach stanu cywilnego i tam musimy wyd\u0142u\u017cy\u0107 vacatio legis, by dostosowa\u0107 system informatyczny &#8211; t\u0142umaczy\u0142.\u00a0<\/p>\n<p>Dopytywany, co z osobami, kt\u00f3re np. dwa\u00a0lata temu pojecha\u0142y z Polski, by wzi\u0105\u0107 &#8222;\u015blub weekendowy&#8221;, a potem wr\u00f3ci\u0142y do kraju, odpowiedzia\u0142 kr\u00f3tko: &#8222;Te\u017c trudno mi powiedzie\u0107&#8221;. &#8211; Gdybym to ja mia\u0142 decydowa\u0107,\u00a0 to uzna\u0142bym, \u017ce je\u017celi \u015blub jest wa\u017cny, to wpisujemy. Natomiast musimy analizowa\u0107 rozstrzygni\u0119cie TSUE i to nas b\u0119dzie w jaki\u015b spos\u00f3b wi\u0105za\u0107 &#8211; doda\u0142.\u00a0<\/p>\n<p>    <a name=\"eztoc31667406_0_4\" id=\"eztoc31667406_0_4\"\/>\u017burek o wypowiedzi na temat Ziobry: Czepiamy si\u0119 s\u0142\u00f3wek<\/p>\n<p>Waldemar \u017burek odni\u00f3s\u0142 si\u0119 tak\u017ce w TOK FM do swojej wcze\u015bniejszej wypowiedzi dotycz\u0105cej Zbigniewa Ziobry. Po konferencji by\u0142ego szefa resortu sprawiedliwo\u015bci &#8211; ta odby\u0142a si\u0119 za pomoc\u0105 komunikatora internetowego &#8211; powiedzia\u0142, \u017ce by\u0142 to &#8222;cyrk i \u017cenuj\u0105ca komedia&#8221;.\u00a0<\/p>\n<p>&#8211; To jest tch\u00f3rzostwo. Rodzaj jakiej\u015b zabawy pana Ziobry, bo wielokrotnie m\u00f3wi\u0142, \u017ce stanie z podniesion\u0105 przy\u0142bic\u0105, kreowa\u0142 si\u0119 na szeryfa. Szeryf to kto\u015b, kto si\u0119 nie boi zmierzy\u0107. My mamy wolne media i wolne s\u0105dy, przestrzegamy procedur. Naprawd\u0119, jak by\u015bmy chcieli, to by\u015bmy go w baga\u017cniku przywie\u017ali, s\u0142u\u017cby na ca\u0142ym \u015bwiecie robi\u0105 takie rzeczy, nic nowego &#8211; m\u00f3wi\u0142 te\u017c wtedy Waldemar \u017burek.\u00a0<\/p>\n<p>Teraz przyzna\u0142 w TOK FM, \u017ce cho\u0107 przez jednych jest krytykowany, to inni\u00a0rozumiej\u0105 &#8222;t\u0119 s\u0142own\u0105 retoryk\u0119, kt\u00f3ra czasem pozwala m\u00f3wi\u0107 sloganami&#8221;.\u00a0<\/p>\n<p>&#8211; Has\u0142o przewo\u017cenie w baga\u017cniku jest oczywi\u015bcie figur\u0105 retoryczn\u0105. Mamy \u015bwiadomo\u015b\u0107, \u017ce wiele os\u00f3b sprowadzano tak, by zrobi\u0107 to po cichu i skutecznie.\u00a0Prosz\u0119 te\u017c zwr\u00f3ci\u0107 uwag\u0119, co powiedzia\u0142em, \u017ce go nie przywieziemy, wi\u0119c czepiamy si\u0119\u00a0s\u0142\u00f3wek &#8211; podsumowa\u0142 w TOK FM.\u00a0<\/p>\n<p><a name=\"eztoc31667406_0_5\" id=\"eztoc31667406_0_5\"\/>&#8222;Je\u017celi p\u00f3jdziemy na skr\u00f3ty to b\u0119dziemy dostawa\u0107 gole&#8221;\u00a0<\/p>\n<p>Do S\u0105du Rejonowego dla m.st. Warszawy trafi\u0142 akt oskar\u017cenia przeciwko dw\u00f3m kolejnym osobom w \u015bledztwie dotycz\u0105cym nieprawid\u0142owo\u015bci w funkcjonowaniu Rz\u0105dowej Agencji Rezerw Strategicznych &#8211;\u00a0 poinformowa\u0142a Prokuratura Krajowa. Dw\u00f3m oskar\u017conym zarzuca si\u0119 pope\u0142nienie przest\u0119pstwa p\u0142atnej protekcji. Jak zauwa\u017ca\u0142a prowadz\u0105ca,\u00a0mimo \u017ce \u015bledztwo tyle trwa, wci\u0105\u017c nie wiadomo, czy by\u0142y premier b\u0119dzie mia\u0142 postawione zarzuty czy nie.\u00a0<\/p>\n<p>Minister \u017burek wskaza\u0142 w tym kontek\u015bcie, \u017ce kiedy przyszed\u0142 do prokuratury &#8222;na wszystkich wa\u017cnych stanowiskach byli ludzie Ziobry&#8221;. &#8211; Dzisiaj jeszcze do tej pory tak mam, \u017ce jest pi\u0119ciu\u00a0zast\u0119pc\u00f3w, nominat\u00f3w ministra Ziobry, zast\u0119pc\u00f3w prokuratora generalnego &#8211; doda\u0142.<\/p>\n<p>&#8211; A problem nie polega na sprowadzeniu Micha\u0142a Kuczmierowskiego, by\u0142ego szefa RARS, do Polski? Bo p\u00f3ki nie b\u0119dzie sprowadzony to nie b\u0119dzie decyzji czy s\u0105 zarzuty wobec Mateusza Morawieckiego? &#8211; chcia\u0142a te\u017c wiedzie\u0107 prowadz\u0105ca.<\/p>\n<p>&#8211; Jedno z drugim nie jest powi\u0105zane. Oczywi\u015bcie na pewno pan Kuczmierowski pom\u00f3g\u0142by w tych sprawach, ale procedury s\u0105 uruchomione &#8211; odpowiedzia\u0142 \u017burek.\u00a0<\/p>\n<p>Przypomnijmy, by\u0142y szef Rz\u0105dowej Agencji Rezerw Strategicznych Micha\u0142 K.\u00a0nie trafi\u0142 do Polski, po tym jak wyszed\u0142 z londy\u0144skiego aresztu. W lipcu przed brytyjskim s\u0105dem odb\u0119dzie si\u0119 proces o jego ekstradycj\u0119.<\/p>\n<p>&#8211;\u00a0Oczywi\u015bcie, gdyby to ode mnie zale\u017ca\u0142o to jutro bym chcia\u0142 wys\u0142a\u0107 akt oskar\u017cenia do s\u0105du, ale mam okre\u015blon\u0105 grup\u0119 prokurator\u00f3w, kt\u00f3rzy pracuj\u0105 bardzo ci\u0119\u017cko\u00a0pod\u00a0ogromn\u0105 presj\u0105.\u00a0Je\u017celi b\u0119dziemy\u00a0si\u0119\u00a0starali\u00a0i\u015b\u0107\u00a0na skr\u00f3ty to b\u0119dziemy dostawa\u0107 gole.\u00a0Wida\u0107 ju\u017c zreszt\u0105\u00a0jak\u00a0niekt\u00f3re rzeczy, kt\u00f3re pchamy do s\u0105du s\u0105\u00a0czasem\u00a0bardzo skrupulatnie oceniane z obu stron.\u00a0Przecie\u017c s\u0105dy te\u017c mamy nasycone osobami, kt\u00f3re by\u0142y powi\u0105zane z buduj\u0105cym si\u0119 re\u017cimem &#8211;\u00a0podsumowa\u0142 w TOK FM.<\/p>\n<p><a name=\"eztoc31667406_0_6\" id=\"eztoc31667406_0_6\"\/>26 zarzut\u00f3w dla Ziobry\u00a0<\/p>\n<p>Sejm uchyli\u0142 immunitet poselski Ziobrze i wyrazi\u0142 zgod\u0119 na jego zatrzymanie oraz ewentualne aresztowanie 7 listopada w zwi\u0105zku z zarzucanymi nadu\u017cyciami w Funduszu Sprawiedliwo\u015bci za rz\u0105d\u00f3w PiS. Tego samego dnia, kilka godzin p\u00f3\u017aniej, prokurator wyda\u0142 postanowienie o przedstawieniu Ziobrze 26 zarzut\u00f3w oraz o zatrzymaniu go i przymusowym doprowadzeniu przez ABW. W \u015bledztwie podejrzanymi s\u0105 tak\u017ce m.in. by\u0142y wiceszef resortu sprawiedliwo\u015bci, pose\u0142 PiS Marcin Romanowski, wobec kt\u00f3rego s\u0105d w grudniu ub.r. wyda\u0142 decyzj\u0119 o aresztowaniu. Romanowski otrzyma\u0142 azyl polityczny na W\u0119grzech.<\/p>\n<p>W po\u0142owie listopada do S\u0105du Rejonowego dla Warszawy-Mokotowa skierowano wniosek prokuratury o aresztowanie Ziobry na trzy miesi\u0105ce. Posiedzenie s\u0105du w tej sprawie ma si\u0119 odby\u0107 22 grudnia.<\/p>\n<p>Do tej pory Ziobro przebywa\u0142 w Budapeszcie, a ostatnio by\u0142 te\u017c w Brukseli. Ziobro nie sprecyzowa\u0142 jednoznacznie swoich plan\u00f3w na przysz\u0142o\u015b\u0107 ani w sprawie azylu politycznego na W\u0119grzech, ani powrotu do Polski. W ubieg\u0142ym tygodniu Ziobro zadeklarowa\u0142, \u017ce stawi si\u0119 w kraju w ci\u0105gu kilku godzin, je\u015bli &#8222;zostanie przywr\u00f3cony losowy przydzia\u0142 spraw s\u0119dziom&#8221;, zostan\u0105 przywr\u00f3ceni &#8222;nielegalnie odwo\u0142ani prezesi s\u0105d\u00f3w&#8221; oraz &#8222;legalna w\u0142adza w prokuraturze, w tym legalny prokurator krajowy&#8221;.<\/p>\n<p>\u0179r\u00f3d\u0142o: TOK FM, PAP\u00a0<\/p>\n","protected":false},"excerpt":{"rendered":"TSUE orzek\u0142, \u017ce Polska musi uzna\u0107 ma\u0142\u017ce\u0144stwa jednop\u0142ciowe, kt\u00f3re zawarto za granic\u0105;\u00a0 Jak m\u00f3wi\u0142 w TOK Waldemar \u017burek,&hellip;\n","protected":false},"author":2,"featured_media":152333,"comment_status":"","ping_status":"","sticky":false,"template":"","format":"standard","meta":{"footnotes":""},"categories":[5],"tags":[32,33,36,37,27,34,35,28,31,25,26282,42,38,40,907,39,41,29,30,8652,2558,26,7977],"class_list":{"0":"post-152332","1":"post","2":"type-post","3":"status-publish","4":"format-standard","5":"has-post-thumbnail","7":"category-naglowki","8":"tag-breaking-news","9":"tag-breakingnews","10":"tag-featured-news","11":"tag-featurednews","12":"tag-headlines","13":"tag-latest-news","14":"tag-latestnews","15":"tag-naglowki","16":"tag-najwazniejsze-artykuly","17":"tag-news","18":"tag-pary-jednoplciowe","19":"tag-pl","20":"tag-poland","21":"tag-polish","22":"tag-polityka","23":"tag-polska","24":"tag-polski","25":"tag-top-stories","26":"tag-topstories","27":"tag-tsue","28":"tag-waldemar-zurek","29":"tag-wiadomosci","30":"tag-zbigniew-ziobro"},"share_on_mastodon":{"url":"https:\/\/pubeurope.com\/@pl\/115724475821483513","error":""},"_links":{"self":[{"href":"https:\/\/www.europesays.com\/pl\/wp-json\/wp\/v2\/posts\/152332","targetHints":{"allow":["GET"]}}],"collection":[{"href":"https:\/\/www.europesays.com\/pl\/wp-json\/wp\/v2\/posts"}],"about":[{"href":"https:\/\/www.europesays.com\/pl\/wp-json\/wp\/v2\/types\/post"}],"author":[{"embeddable":true,"href":"https:\/\/www.europesays.com\/pl\/wp-json\/wp\/v2\/users\/2"}],"replies":[{"embeddable":true,"href":"https:\/\/www.europesays.com\/pl\/wp-json\/wp\/v2\/comments?post=152332"}],"version-history":[{"count":0,"href":"https:\/\/www.europesays.com\/pl\/wp-json\/wp\/v2\/posts\/152332\/revisions"}],"wp:featuredmedia":[{"embeddable":true,"href":"https:\/\/www.europesays.com\/pl\/wp-json\/wp\/v2\/media\/152333"}],"wp:attachment":[{"href":"https:\/\/www.europesays.com\/pl\/wp-json\/wp\/v2\/media?parent=152332"}],"wp:term":[{"taxonomy":"category","embeddable":true,"href":"https:\/\/www.europesays.com\/pl\/wp-json\/wp\/v2\/categories?post=152332"},{"taxonomy":"post_tag","embeddable":true,"href":"https:\/\/www.europesays.com\/pl\/wp-json\/wp\/v2\/tags?post=152332"}],"curies":[{"name":"wp","href":"https:\/\/api.w.org\/{rel}","templated":true}]}}