{"id":152334,"date":"2025-12-15T16:15:17","date_gmt":"2025-12-15T16:15:17","guid":{"rendered":"https:\/\/www.europesays.com\/pl\/152334\/"},"modified":"2025-12-15T16:15:17","modified_gmt":"2025-12-15T16:15:17","slug":"pilka-nozna-spotkanie-ws-przyszlosci-roberta-lewandowskiego-w-barcelonie","status":"publish","type":"post","link":"https:\/\/www.europesays.com\/pl\/152334\/","title":{"rendered":"Pi\u0142ka no\u017cna. Spotkanie ws. przysz\u0142o\u015bci Roberta Lewandowskiego w Barcelonie"},"content":{"rendered":"<p class=\"typography ids-typeset-body ids-typeset-body--preset-large link paragraph ids-paragraph ids-paragraph--default\">Przysz\u0142o\u015b\u0107 <a href=\"https:\/\/sport.interia.pl\/pilka-nozna\/profil-robert-lewandowski,sppi,2157\" target=\"_self\" rel=\"nofollow noopener\">Roberta Lewandowskiego<\/a> w FC Barcelonie jest pod znakiem zapytania. Kilka tygodni w hiszpa\u0144skich mediach pojawi\u0142y si\u0119 informacje, \u017ce klub na pewno nie przed\u0142u\u017cy umowy z Polakiem. Ta wygasa 30 czerwca 2026 roku i w\u00f3wczas 37-latek b\u0119dzie musia\u0142 sobie szuka\u0107 nowego klubu.<\/p>\n<p>Tajne spotkanie agenta Roberta Lewandowskiego<\/p>\n<p class=\"typography ids-typeset-body ids-typeset-body--preset-large link paragraph ids-paragraph ids-paragraph--default\">Nie jest tajemnic\u0105, \u017ce Lewandowski \u015bwietnie czuje si\u0119 w Barcelonie i chcia\u0142by pozosta\u0107 w klubie jeszcze przez rok. Hiszpa\u0144ski &#8222;Sport&#8221; przekaza\u0142 najnowsze informacje ws. przysz\u0142o\u015bci Polaka. Dziennikarz Carlos Monfort ustali\u0142, \u017ce w sobot\u0119 dosz\u0142o do spotkania prezydenta Barcelony i agenta Lewandowskiego &#8211; Piniego Zahaviego.<\/p>\n<p class=\"typography ids-typeset-body ids-typeset-body--preset-large link paragraph ids-paragraph ids-paragraph--default\">Zahavi mia\u0142 przekaza\u0107 Laporcie, \u017ce Lewandowski jest gotowy przed\u0142u\u017cy\u0107 umow\u0119 o rok. Co us\u0142ysza\u0142? &#8211; &#8222;Klub uwa\u017ca, \u017ce jest jeszcze za wcze\u015bnie na podj\u0119cie ostatecznej decyzji i woli poczeka\u0107 i zobaczy\u0107, jak Robert spisze si\u0119 w najwa\u017cniejszej cz\u0119\u015bci sezonu, gdy b\u0119dzie napi\u0119ty terminarz meczowy.&#8221; &#8211; czytamy.<\/p>\n<p class=\"typography ids-typeset-body ids-typeset-body--preset-large link paragraph ids-paragraph ids-paragraph--default\">Dziennikarz pisze, \u017ce Barcelona chcia\u0142aby, aby Lewandowski zaprezentowa\u0142 poziom podobny do tego, kt\u00f3ry prezentowa\u0142 w trzech poprzednich sezonach, gdy strzela\u0142 33, 26 i 38 bramek. Obecnie Polak ma na swoim koncie 8 trafie\u0144.<\/p>\n<p class=\"typography ids-typeset-body ids-typeset-body--preset-large link paragraph ids-paragraph ids-paragraph--default\">&#8211; &#8222;Polak b\u0119dzie oceniany w ka\u017cdym kolejnym meczu (&#8230;). Klub nie ukrywa, \u017ce jego odej\u015bcie da\u0142oby znaczn\u0105 elastyczno\u015b\u0107 w kwestii wynagrodze\u0144, ale jednocze\u015bnie zdaje sobie spraw\u0119, \u017ce posiadanie takiego zawodnika to warto\u015b\u0107 dodana zar\u00f3wno na boisku, jak i w szatni&#8221; &#8211; czytamy.<\/p>\n<p class=\"typography ids-typeset-body ids-typeset-body--preset-large link paragraph ids-paragraph ids-paragraph--default\">We wtorek (16 grudnia) &#8222;Duma Katalonii&#8221; zmierzy si\u0119 w ramach 1\/16 Pucharu Kr\u00f3la z Guadalajar\u0105. Hiszpa\u0144skie media informuj\u0105, \u017ce 37-latek znajdzie si\u0119 poza kadr\u0105 meczow\u0105 na to starcie.<\/p>\n<p>FC Barcelona \u2013 Athletic Bilbao. Skr\u00f3t meczu [WIDEO]Eleven Sports<\/p>\n<p><img decoding=\"async\" class=\"ids-image-holder__img\" loading=\"lazy\" alt=\"Pi\u0142karz w stroju FC Barcelona z uniesionym ramieniem wskazuje wyci\u0105gni\u0119tym palcem kierunek, na d\u0142oni widoczny banda\u017c. W tle rozmyta publiczno\u015b\u0107 na stadionie.\" title=\"Robert Lewandowski\" width=\"5780\" height=\"3428\" src=\"https:\/\/www.europesays.com\/pl\/wp-content\/uploads\/2025\/12\/000M156ZWQ36KE82-C323-F4.webp.webp\"\/><\/p>\n<p>Robert LewandowskiAFP<\/p>\n<p><img decoding=\"async\" class=\"ids-image-holder__img\" loading=\"lazy\" alt=\"Robert Lewandowski\" title=\"Robert Lewandowski\" width=\"2154\" height=\"1434\" src=\"https:\/\/www.europesays.com\/pl\/wp-content\/uploads\/2025\/12\/000L3CLSVVTI1L05-C323-F4.webp.webp\"\/><\/p>\n<p>Robert LewandowskiMATTHIEU MIRVILLE \/ MATTHIEU MIRVILLE \/ DPPI VIA AFPAFP<\/p>\n<p><img decoding=\"async\" class=\"ids-image-holder__img\" loading=\"lazy\" alt=\"Pi\u0142karz w granatowo-bordowej koszulce z napisem na plecach gestykuluje podczas meczu, w tle widoczny jest rozmazany stadion oraz inni zawodnicy.\" title=\"Robert Lewandowski\" width=\"4245\" height=\"2700\" src=\"https:\/\/www.europesays.com\/pl\/wp-content\/uploads\/2025\/12\/000LQN0F2RMVIW1G-C323-F4.webp.webp\"\/><\/p>\n<p>Robert LewandowskiUrbanandsportAFP<\/p>\n<p><a class=\"ids-undecorated-link source ids-page-info--source__link\" href=\"https:\/\/www.interia.pl\" rel=\"nofollow noopener\" target=\"_blank\"><img decoding=\"async\" class=\"ids-image-holder__img\" loading=\"lazy\" alt=\"\" title=\"\" height=\"24px\" src=\"https:\/\/www.europesays.com\/pl\/wp-content\/uploads\/2025\/12\/1765807331_324_0009A60QQ5I2TYF7-C202-F4.webp.webp\"\/><\/a><\/p>\n<p>Masz sugestie, uwagi albo widzisz b\u0142\u0105d? Napisz do nas<\/p>\n","protected":false},"excerpt":{"rendered":"Przysz\u0142o\u015b\u0107 Roberta Lewandowskiego w FC Barcelonie jest pod znakiem zapytania. Kilka tygodni w hiszpa\u0144skich mediach pojawi\u0142y si\u0119 informacje,&hellip;\n","protected":false},"author":2,"featured_media":152335,"comment_status":"","ping_status":"","sticky":false,"template":"","format":"standard","meta":{"footnotes":""},"categories":[24],"tags":[42,38,40,39,41,127,126],"class_list":{"0":"post-152334","1":"post","2":"type-post","3":"status-publish","4":"format-standard","5":"has-post-thumbnail","7":"category-sport","8":"tag-pl","9":"tag-poland","10":"tag-polish","11":"tag-polska","12":"tag-polski","13":"tag-sport","14":"tag-sports"},"share_on_mastodon":{"url":"https:\/\/pubeurope.com\/@pl\/115724479887584979","error":""},"_links":{"self":[{"href":"https:\/\/www.europesays.com\/pl\/wp-json\/wp\/v2\/posts\/152334","targetHints":{"allow":["GET"]}}],"collection":[{"href":"https:\/\/www.europesays.com\/pl\/wp-json\/wp\/v2\/posts"}],"about":[{"href":"https:\/\/www.europesays.com\/pl\/wp-json\/wp\/v2\/types\/post"}],"author":[{"embeddable":true,"href":"https:\/\/www.europesays.com\/pl\/wp-json\/wp\/v2\/users\/2"}],"replies":[{"embeddable":true,"href":"https:\/\/www.europesays.com\/pl\/wp-json\/wp\/v2\/comments?post=152334"}],"version-history":[{"count":0,"href":"https:\/\/www.europesays.com\/pl\/wp-json\/wp\/v2\/posts\/152334\/revisions"}],"wp:featuredmedia":[{"embeddable":true,"href":"https:\/\/www.europesays.com\/pl\/wp-json\/wp\/v2\/media\/152335"}],"wp:attachment":[{"href":"https:\/\/www.europesays.com\/pl\/wp-json\/wp\/v2\/media?parent=152334"}],"wp:term":[{"taxonomy":"category","embeddable":true,"href":"https:\/\/www.europesays.com\/pl\/wp-json\/wp\/v2\/categories?post=152334"},{"taxonomy":"post_tag","embeddable":true,"href":"https:\/\/www.europesays.com\/pl\/wp-json\/wp\/v2\/tags?post=152334"}],"curies":[{"name":"wp","href":"https:\/\/api.w.org\/{rel}","templated":true}]}}