{"id":152338,"date":"2025-12-15T16:17:11","date_gmt":"2025-12-15T16:17:11","guid":{"rendered":"https:\/\/www.europesays.com\/pl\/152338\/"},"modified":"2025-12-15T16:17:11","modified_gmt":"2025-12-15T16:17:11","slug":"laptopy-oraz-smartfony-w-2026-roku-moga-debiutowac-z-wyraznie-mniejsza-iloscia-pamieci-ram-to-skutek-panujacego-kryzysu","status":"publish","type":"post","link":"https:\/\/www.europesays.com\/pl\/152338\/","title":{"rendered":"Laptopy oraz smartfony w 2026 roku mog\u0105 debiutowa\u0107 z wyra\u017anie mniejsz\u0105 ilo\u015bci\u0105 pami\u0119ci RAM. To skutek panuj\u0105cego kryzysu"},"content":{"rendered":"<p><img decoding=\"async\" class=\"teaserfoto\" src=\"https:\/\/www.europesays.com\/pl\/wp-content\/uploads\/2025\/12\/49275.png\" alt=\"Laptopy oraz smartfony w 2026 roku mog\u0105 debiutowa\u0107 z wyra\u017anie mniejsz\u0105 ilo\u015bci\u0105 pami\u0119ci RAM. To skutek panuj\u0105cego kryzysu\"\/>Od wielu tygodni Internet zalewa fala informacji na temat dramatycznej wr\u0119cz sytuacji na rynku pami\u0119ci RAM. W ci\u0105gu ostatnich dw\u00f3ch miesi\u0119cy, zestawy pami\u0119ci podro\u017ca\u0142y przynajmniej kilkukrotnie i wszystko wskazuje na to, \u017ce przez ca\u0142y przysz\u0142y rok sytuacja nie tylko nie ulegnie poprawie, ale b\u0119dzie znacznie gorzej ni\u017c teraz. Najnowsze informacje na temat trend\u00f3w w notebookach oraz smartfonach jasno sugeruj\u0105, \u017ce problem z dost\u0119pno\u015bci\u0105 pami\u0119ci b\u0119dzie mia\u0142 wp\u0142yw na konfiguracje urz\u0105dze\u0144 z obu wymienionych kategorii.<\/p>\n<p>Prognozy przewiduj\u0105, \u017ce w 2026 roku wiele laptop\u00f3w oraz smartfon\u00f3w b\u0119dzie sprzedawanych z mniejsz\u0105 ilo\u015bci\u0105 pami\u0119ci RAM ni\u017c ich odpowiedniki z tego i poprzednich lat. Notebook z 8 GB oraz smartfon z 4 GB RAM mo\u017ce sta\u0107 si\u0119 standardem w przysz\u0142ym roku w przypadku wielu modeli.<\/p>\n<p><a class=\"colorbox\" href=\"https:\/\/www.purepc.pl\/image\/news\/2025\/12\/15_laptopy_oraz_smartfony_w_2026_roku_moga_debiutowac_z_wyraznie_mniejsza_iloscia_pamieci_ram_to_skutek_panujacego_kryzysu_0_b.jpg\" rel=\"nofollow noopener\" target=\"_blank\"><img decoding=\"async\" src=\"https:\/\/www.europesays.com\/pl\/wp-content\/uploads\/2025\/12\/15_laptopy_oraz_smartfony_w_2026_roku_moga_debiutowac_z_wyraznie_mniejsza_iloscia_pamieci_ram_to_sku.jpeg\" alt=\"Laptopy oraz smartfony w 2026 roku mog\u0105 debiutowa\u0107 z wyra\u017anie mniejsz\u0105 ilo\u015bci\u0105 pami\u0119ci RAM. To skutek panuj\u0105cego kryzysu [1]\"\/><\/a><\/p>\n<p><a title=\"Zam\u00f3w pami\u0119\u0107 RAM ju\u017c dzi\u015b, odbierz za p\u00f3\u0142tora roku. Wp\u0142yw partnerstwa OpenAI z g\u0142\u00f3wnymi producentami DRAM\" href=\"https:\/\/www.purepc.pl\/pamiec-ram-ceny-dostepnosc-amazon-samsung-sk-hynix-openai-ai\" rel=\"nofollow noopener\" target=\"_blank\">Zam\u00f3w pami\u0119\u0107 RAM ju\u017c dzi\u015b, odbierz za p\u00f3\u0142tora roku. Wp\u0142yw partnerstwa OpenAI z g\u0142\u00f3wnymi producentami DRAM<\/a><\/p>\n<p>Firma TrendForce opublikowa\u0142a wst\u0119pne informacje na temat zmian w konfiguracji <a href=\"https:\/\/www.purepc.pl\/tagi\/pamiec-ram\" rel=\"nofollow noopener\" target=\"_blank\">pami\u0119ci RAM<\/a> dla <a href=\"https:\/\/www.purepc.pl\/tagi\/laptop\" rel=\"nofollow noopener\" target=\"_blank\">laptop\u00f3w<\/a> oraz <a href=\"https:\/\/www.purepc.pl\/tagi\/smartfon\" rel=\"nofollow noopener\" target=\"_blank\">smartfon\u00f3w<\/a>, jakie pojawi\u0105 si\u0119 w przysz\u0142ym roku. Jedyny rynek, gdzie nie przewiduje si\u0119 zmian w konfiguracji RAM-u, to high-endowe notebooki oraz topowe smartfony. W pierwszym przypadku nadal powinni\u015bmy liczy\u0107 na 16-64 GB (cho\u0107 modeli z 16 GB b\u0119dzie wyra\u017anie wi\u0119cej ni\u017c tych o konfiguracji np. 32 lub 64 GB), podczas gdy w smartfonach &#8211; od 12 do 16 GB. Segment mid-range w przypadku laptop\u00f3w ma ulec modyfikacji w tym za\u0142o\u017ceniu, i\u017c w 2026 roku znacznie wi\u0119cej notebook\u00f3w ze \u015bredniej p\u00f3\u0142ki cenowej b\u0119d\u0105 sprzedawane domy\u015blnie z 8 GB pami\u0119ci zamiast 16 GB. Konfiguracje z wi\u0119ksz\u0105 ilo\u015bci\u0105 RAM-u nadal b\u0119d\u0105 si\u0119 pojawia\u0107, ale b\u0119dzie ich wyra\u017anie mniej oraz dodatkowo w wy\u017cszej cenie. W przypadku smartfon\u00f3w TrendForce spodziewa si\u0119 obni\u017cenia ilo\u015bci z 6-12 GB do 6-8 GB w przysz\u0142orocznych urz\u0105dzeniach z segmentu \u015bredniego.<\/p>\n<p><a class=\"colorbox\" href=\"https:\/\/www.purepc.pl\/image\/news\/2025\/12\/15_laptopy_oraz_smartfony_w_2026_roku_moga_debiutowac_z_wyraznie_mniejsza_iloscia_pamieci_ram_to_skutek_panujacego_kryzysu_1_b.png\" rel=\"nofollow noopener\" target=\"_blank\"><img decoding=\"async\" src=\"https:\/\/www.europesays.com\/pl\/wp-content\/uploads\/2025\/12\/15_laptopy_oraz_smartfony_w_2026_roku_moga_debiutowac_z_wyraznie_mniejsza_iloscia_pamieci_ram_to_sku.png\" alt=\"Laptopy oraz smartfony w 2026 roku mog\u0105 debiutowa\u0107 z wyra\u017anie mniejsz\u0105 ilo\u015bci\u0105 pami\u0119ci RAM. To skutek panuj\u0105cego kryzysu [2]\"\/><\/a><\/p>\n<p><a title=\"Samsung i SK Hynix odmawiaj\u0105 zwi\u0119kszenia mocy produkcyjnych DRAM mimo niedobor\u00f3w i astronomicznych cen\" href=\"https:\/\/www.purepc.pl\/samsung-sk-hynix-pamieci-dram-nie-zwieksza-mocy-produkcyjnej-rozuduja-fabryk-niedobor-ceny-beda-rosly\" rel=\"nofollow noopener\" target=\"_blank\">Samsung i SK Hynix odmawiaj\u0105 zwi\u0119kszenia mocy produkcyjnych DRAM mimo niedobor\u00f3w i astronomicznych cen<\/a><\/p>\n<p>Je\u015bli chodzi o rynek entry-level, czyli podstawowych modeli notebook\u00f3w oraz smartfon\u00f3w, zmiany dotkn\u0105 przede wszystkim smartfony. W przypadku laptop\u00f3w oczekuje si\u0119 pozostawienia 8 GB jako bazowej konfiguracji (brak mo\u017cliwo\u015bci dalszego obni\u017cenia ze wzgl\u0119du chocia\u017cby na wymagania wsp\u00f3\u0142czesnych system\u00f3w, tj. Windows 11). Je\u015bli chodzi o najta\u0144sze smartfony, to oczekuje si\u0119 spadku dost\u0119pnej pami\u0119ci RAM &#8211; konfiguracje z 8 GB zostan\u0105 zast\u0105pione przez odpowiedniki z 4 GB. Bior\u0105c pod uwag\u0119 problemy z dost\u0119pno\u015bci\u0105 ko\u015bci oraz ceny rosn\u0105ce w zastraszaj\u0105cym wr\u0119cz tempie, istnieje bardzo du\u017ce prawdopodobie\u0144stwo, \u017ce prognozy dotycz\u0105ce zmniejszenia ilo\u015bci RAM-u dla laptop\u00f3w i smartfon\u00f3w tak\u017ce i tutaj si\u0119 sprawdz\u0105.<\/p>\n<p>\u0179r\u00f3d\u0142o: TrendForce<\/p>\n","protected":false},"excerpt":{"rendered":"Od wielu tygodni Internet zalewa fala informacji na temat dramatycznej wr\u0119cz sytuacji na rynku pami\u0119ci RAM. W ci\u0105gu&hellip;\n","protected":false},"author":2,"featured_media":152339,"comment_status":"","ping_status":"","sticky":false,"template":"","format":"standard","meta":{"footnotes":""},"categories":[20],"tags":[1140,703,5161,120,118,119,13813,3863,444,42,38,40,39,41,19360,116,114,115,640,121,117],"class_list":{"0":"post-152338","1":"post","2":"type-post","3":"status-publish","4":"format-standard","5":"has-post-thumbnail","7":"category-nauka-i-technika","8":"tag-cena","9":"tag-kryzys","10":"tag-laptop","11":"tag-nauka","12":"tag-nauka-i-technika","13":"tag-naukatechnika","14":"tag-notebook","15":"tag-pamiec-ram","16":"tag-pc","17":"tag-pl","18":"tag-poland","19":"tag-polish","20":"tag-polska","21":"tag-polski","22":"tag-ram","23":"tag-science","24":"tag-science-and-technology","25":"tag-sciencetechnology","26":"tag-smartfon","27":"tag-technika","28":"tag-technology"},"share_on_mastodon":{"url":"https:\/\/pubeurope.com\/@pl\/115724487758586661","error":""},"_links":{"self":[{"href":"https:\/\/www.europesays.com\/pl\/wp-json\/wp\/v2\/posts\/152338","targetHints":{"allow":["GET"]}}],"collection":[{"href":"https:\/\/www.europesays.com\/pl\/wp-json\/wp\/v2\/posts"}],"about":[{"href":"https:\/\/www.europesays.com\/pl\/wp-json\/wp\/v2\/types\/post"}],"author":[{"embeddable":true,"href":"https:\/\/www.europesays.com\/pl\/wp-json\/wp\/v2\/users\/2"}],"replies":[{"embeddable":true,"href":"https:\/\/www.europesays.com\/pl\/wp-json\/wp\/v2\/comments?post=152338"}],"version-history":[{"count":0,"href":"https:\/\/www.europesays.com\/pl\/wp-json\/wp\/v2\/posts\/152338\/revisions"}],"wp:featuredmedia":[{"embeddable":true,"href":"https:\/\/www.europesays.com\/pl\/wp-json\/wp\/v2\/media\/152339"}],"wp:attachment":[{"href":"https:\/\/www.europesays.com\/pl\/wp-json\/wp\/v2\/media?parent=152338"}],"wp:term":[{"taxonomy":"category","embeddable":true,"href":"https:\/\/www.europesays.com\/pl\/wp-json\/wp\/v2\/categories?post=152338"},{"taxonomy":"post_tag","embeddable":true,"href":"https:\/\/www.europesays.com\/pl\/wp-json\/wp\/v2\/tags?post=152338"}],"curies":[{"name":"wp","href":"https:\/\/api.w.org\/{rel}","templated":true}]}}