{"id":152342,"date":"2025-12-15T16:19:08","date_gmt":"2025-12-15T16:19:08","guid":{"rendered":"https:\/\/www.europesays.com\/pl\/152342\/"},"modified":"2025-12-15T16:19:08","modified_gmt":"2025-12-15T16:19:08","slug":"niemcy-zaciesniaja-wspolprace-z-ukraina-oglosili-dziesieciopunktowy-plan","status":"publish","type":"post","link":"https:\/\/www.europesays.com\/pl\/152342\/","title":{"rendered":"Niemcy zacie\u015bniaj\u0105 wsp\u00f3\u0142prac\u0119 z Ukrain\u0105. Og\u0142osili dziesi\u0119ciopunktowy plan"},"content":{"rendered":"<p class=\"ods-c-paragraph \">Spo\u015br\u00f3d dziesi\u0119ciu punkt\u00f3w pierwszy dotyczy regularnych konsultacji mi\u0119dzy ministerstwami obrony w sprawach polityki zbrojeniowej. Kolejne obejmuj\u0105 m.in. utworzenie w Berlinie biura \u0142\u0105cznikowego ukrai\u0144skiego przemys\u0142u zbrojeniowego pod nazw\u0105 &#8222;Ukraine Freedom House&#8221; czy wzmocnienie personelu wojskowego przy ambasadzie Niemiec w Kijowie.<\/p>\n<p class=\"ods-c-paragraph \">Zgodnie z dokumentem Ukraina ma produkowa\u0107 opracowane przez siebie drony bojowe w Niemczech. W tym celu zawarto ju\u017c porozumienie mi\u0119dzy ukrai\u0144skim producentem dron\u00f3w Frontline Robotics a niemieck\u0105 firm\u0105 zbrojeniow\u0105 Quantum Systems.<\/p>\n<p>Dalszy ci\u0105g artyku\u0142u pod materia\u0142em wideo<\/p>\n<p> Jakie s\u0105 punkty dziesi\u0119ciopunktowego planu Niemiec z Ukrain\u0105? <\/p>\n<p> Kiedy ujawniono plan wsp\u00f3\u0142pracy niemiecko-ukrai\u0144skiej? <\/p>\n<p> Jakie firmy s\u0105 zaanga\u017cowane w produkcj\u0119 dron\u00f3w bojowych? <\/p>\n<p> Kto do\u0142\u0105czy\u0142 do rozm\u00f3w w Berlinie z Wo\u0142odymyrem Ze\u0142enskim? <\/p>\n<p>  Sygna\u0142 dla USA. Niemcy b\u0119d\u0105 \u015bci\u015ble wsp\u00f3\u0142pracowa\u0107 z Ukrain\u0105<\/p>\n<p class=\"ods-c-paragraph \">Rz\u0105d w Berlinie rozwa\u017ca tak\u017ce wykorzystanie federalnych gwarancji inwestycyjnych w celu wspierania zaanga\u017cowania niemieckich firm zbrojeniowych w Ukrainie. Obie strony maj\u0105 wprowadzi\u0107 \u015brodki zapobiegaj\u0105ce korupcji przy zakupach zbrojeniowych.<\/p>\n<p class=\"ods-c-paragraph \">Plan przewiduje r\u00f3wnie\u017c analiz\u0119 mo\u017cliwo\u015bci wsp\u00f3lnych zakup\u00f3w uzbrojenia przeznaczonego do ochrony przestrzeni powietrznej NATO, w szczeg\u00f3lno\u015bci dron\u00f3w przechwytuj\u0105cych. Bro\u0144 ta by\u0142aby produkowana w Ukrainie. Agencja Reutera ocenia, \u017ce Berlin i Kij\u00f3w, og\u0142aszaj\u0105c plan, staraj\u0105 si\u0119 wys\u0142a\u0107 prezydentowi USA Donaldowi Trumpowi sygna\u0142, \u017ce Europa stoi po stronie Ukrainy.<\/p>\n<p class=\"ods-c-paragraph \">&#8222;Silny ukrai\u0144ski przemys\u0142 obronny ma kluczowe znaczenie dla obrony przed rosyjsk\u0105 inwazj\u0105 i jest istotnym elementem gwarancji bezpiecze\u0144stwa, maj\u0105cych odstraszy\u0107 przysz\u0142\u0105 agresj\u0119 Rosji&#8221; \u2014 g\u0142osi dokument, udost\u0119pniony podczas pobytu prezydenta Ukrainy Wo\u0142odymyra Ze\u0142enskiego w Berlinie.<\/p>\n<p>   Rozmowy w Berlinie. Do\u0142\u0105cz\u0105 europejscy przyw\u00f3dcy<\/p>\n<p class=\"ods-c-paragraph \">W poniedzia\u0142ek w Berlinie zako\u0144czy\u0142a si\u0119 <a href=\"https:\/\/wiadomosci.onet.pl\/swiat\/wolodymyr-zelenski-rozmawial-z-amerykanami-wyszedl-po-pieciu-godzinach\/n2yew7y\" id=\"ecdeb2bd-56a4-4473-825a-9317d2f59a7d\" rel=\"nofollow noopener\" target=\"_blank\">druga runda rozm\u00f3w Wo\u0142odymyra Ze\u0142enskiego i ukrai\u0144skiej delegacji z wys\u0142annikami prezydenta USA Donalda Trumpa<\/a>: Steve&#8217;em Witkoffem i Jaredem Kushnerem.<\/p>\n<p class=\"ods-c-paragraph \">Wieczorem do Wo\u0142odymyra Ze\u0142enskiego i kanclerza Niemiec Friedricha Merza maj\u0105 do\u0142\u0105czy\u0107 w urz\u0119dzie kanclerskim politycy europejscy najwy\u017cszego szczebla. Na t\u0119 sesj\u0119 negocjacji, prawdopodobnie ostatni\u0105 w Berlinie, zaproszenie otrzyma\u0142a tak\u017ce delegacja ameryka\u0144ska.<\/p>\n","protected":false},"excerpt":{"rendered":"Spo\u015br\u00f3d dziesi\u0119ciu punkt\u00f3w pierwszy dotyczy regularnych konsultacji mi\u0119dzy ministerstwami obrony w sprawach polityki zbrojeniowej. Kolejne obejmuj\u0105 m.in. utworzenie&hellip;\n","protected":false},"author":2,"featured_media":151190,"comment_status":"","ping_status":"","sticky":false,"template":"","format":"standard","meta":{"footnotes":""},"categories":[14],"tags":[32,33,44,27,1239,34,35,28,31,48,160,25,295,46,40,41,9297,47,80,29,30,415,26,309,82,83,84],"class_list":{"0":"post-152342","1":"post","2":"type-post","3":"status-publish","4":"format-standard","5":"has-post-thumbnail","7":"category-swiat","8":"tag-breaking-news","9":"tag-breakingnews","10":"tag-donald_trump","11":"tag-headlines","12":"tag-kijow","13":"tag-latest-news","14":"tag-latestnews","15":"tag-naglowki","16":"tag-najwazniejsze-artykuly","17":"tag-nat_styl","18":"tag-nato","19":"tag-news","20":"tag-niemcy","21":"tag-omp","22":"tag-polish","23":"tag-polski","24":"tag-przemysl_zbrojeniowy","25":"tag-screening_general","26":"tag-swiat","27":"tag-top-stories","28":"tag-topstories","29":"tag-ukraina","30":"tag-wiadomosci","31":"tag-wolodymyr_zelenski","32":"tag-world","33":"tag-world-news","34":"tag-worldnews"},"share_on_mastodon":{"url":"https:\/\/pubeurope.com\/@pl\/115724495488610835","error":""},"_links":{"self":[{"href":"https:\/\/www.europesays.com\/pl\/wp-json\/wp\/v2\/posts\/152342","targetHints":{"allow":["GET"]}}],"collection":[{"href":"https:\/\/www.europesays.com\/pl\/wp-json\/wp\/v2\/posts"}],"about":[{"href":"https:\/\/www.europesays.com\/pl\/wp-json\/wp\/v2\/types\/post"}],"author":[{"embeddable":true,"href":"https:\/\/www.europesays.com\/pl\/wp-json\/wp\/v2\/users\/2"}],"replies":[{"embeddable":true,"href":"https:\/\/www.europesays.com\/pl\/wp-json\/wp\/v2\/comments?post=152342"}],"version-history":[{"count":0,"href":"https:\/\/www.europesays.com\/pl\/wp-json\/wp\/v2\/posts\/152342\/revisions"}],"wp:featuredmedia":[{"embeddable":true,"href":"https:\/\/www.europesays.com\/pl\/wp-json\/wp\/v2\/media\/151190"}],"wp:attachment":[{"href":"https:\/\/www.europesays.com\/pl\/wp-json\/wp\/v2\/media?parent=152342"}],"wp:term":[{"taxonomy":"category","embeddable":true,"href":"https:\/\/www.europesays.com\/pl\/wp-json\/wp\/v2\/categories?post=152342"},{"taxonomy":"post_tag","embeddable":true,"href":"https:\/\/www.europesays.com\/pl\/wp-json\/wp\/v2\/tags?post=152342"}],"curies":[{"name":"wp","href":"https:\/\/api.w.org\/{rel}","templated":true}]}}