{"id":152343,"date":"2025-12-15T16:20:10","date_gmt":"2025-12-15T16:20:10","guid":{"rendered":"https:\/\/www.europesays.com\/pl\/152343\/"},"modified":"2025-12-15T16:20:10","modified_gmt":"2025-12-15T16:20:10","slug":"karol-nawrocki-podpisal-ustawe-gornicza","status":"publish","type":"post","link":"https:\/\/www.europesays.com\/pl\/152343\/","title":{"rendered":"Karol Nawrocki podpisa\u0142 ustaw\u0119 g\u00f3rnicz\u0105"},"content":{"rendered":"<p>&#8222;<a href=\"https:\/\/www.money.pl\/gospodarka\/prezydent-nawrocki-deklaruje-podpis-pod-ustawa-gornicza-czeka-na-ruch-senatu-7229248364256160a.html\" rel=\"noopener noreferrer nofollow\" target=\"_blank\">Ustawa nie jest idealna, mamy tego \u015bwiadomo\u015b\u0107<\/a>. Po rozmowach ze stron\u0105 spo\u0142eczn\u0105 Pan Prezydent podj\u0105\u0142 decyzje, \u017ce wyst\u0105pi z\u00a0inicjatyw\u0105 zmiany tej ustawy by obj\u0119\u0142a wszystkich g\u00f3rnik\u00f3w. Nie mo\u017cna doprowadzi\u0107 do sytuacji gdzie pracownicy jednej bran\u017cy b\u0119d\u0105 r\u00f3\u017cnie traktowani w\u00a0Polsce&#8221; &#8211;\u00a0napisa\u0142 Karola Rabenda.<\/p>\n<p>Nowelizacja przewiduje m.in. os\u0142ony dla odchodz\u0105cych z\u00a0pracy g\u00f3rnik\u00f3w i\u00a0innych pracownik\u00f3w przedsi\u0119biorstw g\u00f3rniczych. Ustawa okre\u015bla m.in. warunki uprawnie\u0144 do urlop\u00f3w g\u00f3rniczych i\u00a0urlop\u00f3w dla cz\u0119\u015bci innych pracownik\u00f3w (z 80 proc. wynagrodzenia obliczanego jak za urlop wypoczynkowy, bez obowi\u0105zku wykonywania pracy) oraz do jednorazowych odpraw w\u00a0kwocie 170 tys. z\u0142 netto, bez konieczno\u015bci p\u0142acenia podatku.<\/p>\n<p>Mocne s\u0142owa Czarzastego. Tak powiedzia\u0142 o\u00a0Karolu Nawrockim <\/p>\n<p>Odprawami b\u0119d\u0105 obj\u0119ci nie tylko pracownicy Polskiej Grupy G\u00f3rniczej, Po\u0142udniowego Koncernu W\u0119glowego i\u00a0W\u0119glokoksu Kraj, ale te\u017c Jastrz\u0119bskiej Sp\u00f3\u0142ki W\u0119glowej i\u00a0w\u00a0przysz\u0142o\u015bci <a href=\"https:\/\/www.money.pl\/wiadomosci\/bogdanka.html\" rel=\"noopener noreferrer nofollow\" target=\"_blank\">Bogdanki<\/a>. Ustawa rozszerza os\u0142ony na wszystkich pracownik\u00f3w przedsi\u0119biorstw g\u00f3rniczych, a\u00a0nie tylko na pracownik\u00f3w zak\u0142ad\u00f3w g\u00f3rniczych &#8211;\u00a0jak by\u0142o w\u00a0pierwotnej wersji projektu. Da to mo\u017cliwo\u015b\u0107 skorzystania z\u00a0os\u0142on pracownikom administracji czy dzia\u0142aj\u0105cych w\u00a0obr\u0119bie sp\u00f3\u0142ek wyspecjalizowanych zak\u0142ad\u00f3w np. remontowych czy inwestycyjnych.<\/p>\n","protected":false},"excerpt":{"rendered":"&#8222;Ustawa nie jest idealna, mamy tego \u015bwiadomo\u015b\u0107. Po rozmowach ze stron\u0105 spo\u0142eczn\u0105 Pan Prezydent podj\u0105\u0142 decyzje, \u017ce wyst\u0105pi&hellip;\n","protected":false},"author":2,"featured_media":152344,"comment_status":"","ping_status":"","sticky":false,"template":"","format":"standard","meta":{"footnotes":""},"categories":[12],"tags":[32,33,36,37,27,34,35,28,31,25,42,38,40,39,41,29,30,26],"class_list":{"0":"post-152343","1":"post","2":"type-post","3":"status-publish","4":"format-standard","5":"has-post-thumbnail","7":"category-polska","8":"tag-breaking-news","9":"tag-breakingnews","10":"tag-featured-news","11":"tag-featurednews","12":"tag-headlines","13":"tag-latest-news","14":"tag-latestnews","15":"tag-naglowki","16":"tag-najwazniejsze-artykuly","17":"tag-news","18":"tag-pl","19":"tag-poland","20":"tag-polish","21":"tag-polska","22":"tag-polski","23":"tag-top-stories","24":"tag-topstories","25":"tag-wiadomosci"},"share_on_mastodon":{"url":"https:\/\/pubeurope.com\/@pl\/115724499294719758","error":""},"_links":{"self":[{"href":"https:\/\/www.europesays.com\/pl\/wp-json\/wp\/v2\/posts\/152343","targetHints":{"allow":["GET"]}}],"collection":[{"href":"https:\/\/www.europesays.com\/pl\/wp-json\/wp\/v2\/posts"}],"about":[{"href":"https:\/\/www.europesays.com\/pl\/wp-json\/wp\/v2\/types\/post"}],"author":[{"embeddable":true,"href":"https:\/\/www.europesays.com\/pl\/wp-json\/wp\/v2\/users\/2"}],"replies":[{"embeddable":true,"href":"https:\/\/www.europesays.com\/pl\/wp-json\/wp\/v2\/comments?post=152343"}],"version-history":[{"count":0,"href":"https:\/\/www.europesays.com\/pl\/wp-json\/wp\/v2\/posts\/152343\/revisions"}],"wp:featuredmedia":[{"embeddable":true,"href":"https:\/\/www.europesays.com\/pl\/wp-json\/wp\/v2\/media\/152344"}],"wp:attachment":[{"href":"https:\/\/www.europesays.com\/pl\/wp-json\/wp\/v2\/media?parent=152343"}],"wp:term":[{"taxonomy":"category","embeddable":true,"href":"https:\/\/www.europesays.com\/pl\/wp-json\/wp\/v2\/categories?post=152343"},{"taxonomy":"post_tag","embeddable":true,"href":"https:\/\/www.europesays.com\/pl\/wp-json\/wp\/v2\/tags?post=152343"}],"curies":[{"name":"wp","href":"https:\/\/api.w.org\/{rel}","templated":true}]}}