{"id":152345,"date":"2025-12-15T16:21:10","date_gmt":"2025-12-15T16:21:10","guid":{"rendered":"https:\/\/www.europesays.com\/pl\/152345\/"},"modified":"2025-12-15T16:21:10","modified_gmt":"2025-12-15T16:21:10","slug":"gra-o-wielka-stawke-tusk-oskarza-nawrockiego","status":"publish","type":"post","link":"https:\/\/www.europesays.com\/pl\/152345\/","title":{"rendered":"&#8222;Gra o wielk\u0105 stawk\u0119&#8221; Tusk oskar\u017ca Nawrockiego"},"content":{"rendered":"<p>Najwi\u0119kszy outlet \u015bwi\u0105teczny. Niskie ceny i\u00a0ogromny wyb\u00f3r <\/p>\n<p>\u2013 Mo\u017cna s\u0105dzi\u0107, \u017ce g\u0142\u00f3wnym zainteresowanym obecno\u015bci\u0105 Polski przy stole negocjacyjnym powinien by\u0107 Wo\u0142odymyr Ze\u0142enski. Tak by\u0142oby, gdyby nasze relacje by\u0142y w\u0142a\u015bciwie u\u0142o\u017cone. Tymczasem prezydent Ze\u0142enski bierze Polsk\u0119 za pewn\u0105 stabiln\u0105, oczywist\u0105 warto\u015b\u0107, wok\u00f3\u0142 kt\u00f3rej nie trzeba wykonywa\u0107 \u017cadnych szczeg\u00f3lnych ruch\u00f3w, a\u00a0zdecydowanie ch\u0119tniej porusza si\u0119 w\u00a0\u015brodowisku lider\u00f3w Europy Zachodniej \u2013 powiedzia\u0142 Wirtualnej Polsce Nawrocki.<\/p>\n<p>Nawrocki uderza. Tusk odpowiada <\/p>\n<p>Do krytycznych wypowiedzi prezydenta odni\u00f3s\u0142 si\u0119 w\u00a0poniedzia\u0142ek premier Donald Tusk. &#8222;Je\u015bli pan prezydent nie chce lub nie potrafi pom\u00f3c, to przynajmniej niech nie przeszkadza&#8221; \u2013 napisa\u0142 premier we wpisie na platformie X.<\/p>\n<p>Premier podkre\u015bli\u0142 powag\u0119 sytuacji, sugeruj\u0105c, \u017ce dzia\u0142ania prezydenta szkodz\u0105 polskiemu bezpiecze\u0144stwu. &#8222;Mi\u0119dzynarodowa gra toczy si\u0119 dzi\u015b o\u00a0wielk\u0105 stawk\u0119: bezpiecze\u0144stwo Polski i\u00a0niepodleg\u0142o\u015b\u0107 Ukrainy&#8221; \u2013\u00a0pisa\u0142 w\u00a0opublikowanym wpisie.<\/p>\n<p>Podczas wywiadu Nawrocki stwierdzi\u0142 te\u017c, \u017ce rz\u0105d doprowadzi\u0142 do sytuacji, w\u00a0kt\u00f3rej Ukraina nie postrzega Polski jako wa\u017cnego partnera do rozm\u00f3w, ale jako niewzruszone wsparcie. \u2013 Mam poczucie, \u017ce prezydent Wo\u0142odymyr Ze\u0142enski przez ostatnie lata przywyk\u0142 do sytuacji, w\u00a0kt\u00f3rej bierze Polsk\u0119 za pewnik. Z\u00a0nami nic nie trzeba ustala\u0107, nie trzeba rozmawia\u0107, bo byli\u015bmy i\u00a0dawali\u015bmy wszystko \u2013 m\u00f3wi\u0142 Karol Nawrocki.<\/p>\n","protected":false},"excerpt":{"rendered":"Najwi\u0119kszy outlet \u015bwi\u0105teczny. Niskie ceny i\u00a0ogromny wyb\u00f3r \u2013 Mo\u017cna s\u0105dzi\u0107, \u017ce g\u0142\u00f3wnym zainteresowanym obecno\u015bci\u0105 Polski przy stole negocjacyjnym&hellip;\n","protected":false},"author":2,"featured_media":152346,"comment_status":"","ping_status":"","sticky":false,"template":"","format":"standard","meta":{"footnotes":""},"categories":[5],"tags":[32,33,36,37,27,34,35,28,31,25,42,38,40,39,41,29,30,26],"class_list":{"0":"post-152345","1":"post","2":"type-post","3":"status-publish","4":"format-standard","5":"has-post-thumbnail","7":"category-naglowki","8":"tag-breaking-news","9":"tag-breakingnews","10":"tag-featured-news","11":"tag-featurednews","12":"tag-headlines","13":"tag-latest-news","14":"tag-latestnews","15":"tag-naglowki","16":"tag-najwazniejsze-artykuly","17":"tag-news","18":"tag-pl","19":"tag-poland","20":"tag-polish","21":"tag-polska","22":"tag-polski","23":"tag-top-stories","24":"tag-topstories","25":"tag-wiadomosci"},"share_on_mastodon":{"url":"https:\/\/pubeurope.com\/@pl\/115724503400578667","error":""},"_links":{"self":[{"href":"https:\/\/www.europesays.com\/pl\/wp-json\/wp\/v2\/posts\/152345","targetHints":{"allow":["GET"]}}],"collection":[{"href":"https:\/\/www.europesays.com\/pl\/wp-json\/wp\/v2\/posts"}],"about":[{"href":"https:\/\/www.europesays.com\/pl\/wp-json\/wp\/v2\/types\/post"}],"author":[{"embeddable":true,"href":"https:\/\/www.europesays.com\/pl\/wp-json\/wp\/v2\/users\/2"}],"replies":[{"embeddable":true,"href":"https:\/\/www.europesays.com\/pl\/wp-json\/wp\/v2\/comments?post=152345"}],"version-history":[{"count":0,"href":"https:\/\/www.europesays.com\/pl\/wp-json\/wp\/v2\/posts\/152345\/revisions"}],"wp:featuredmedia":[{"embeddable":true,"href":"https:\/\/www.europesays.com\/pl\/wp-json\/wp\/v2\/media\/152346"}],"wp:attachment":[{"href":"https:\/\/www.europesays.com\/pl\/wp-json\/wp\/v2\/media?parent=152345"}],"wp:term":[{"taxonomy":"category","embeddable":true,"href":"https:\/\/www.europesays.com\/pl\/wp-json\/wp\/v2\/categories?post=152345"},{"taxonomy":"post_tag","embeddable":true,"href":"https:\/\/www.europesays.com\/pl\/wp-json\/wp\/v2\/tags?post=152345"}],"curies":[{"name":"wp","href":"https:\/\/api.w.org\/{rel}","templated":true}]}}