{"id":152347,"date":"2025-12-15T16:22:08","date_gmt":"2025-12-15T16:22:08","guid":{"rendered":"https:\/\/www.europesays.com\/pl\/152347\/"},"modified":"2025-12-15T16:22:08","modified_gmt":"2025-12-15T16:22:08","slug":"piotr-zyla-nie-wytrzymal-ws-wosp-i-owsiaka-podjal-ostateczna-decyzje","status":"publish","type":"post","link":"https:\/\/www.europesays.com\/pl\/152347\/","title":{"rendered":"Piotr \u017by\u0142a nie wytrzyma\u0142 ws. WO\u015aP i Owsiaka. Podj\u0105\u0142 ostateczn\u0105 decyzj\u0119"},"content":{"rendered":"<p class=\"typography ids-typeset-body ids-typeset-body--preset-large link paragraph ids-paragraph ids-paragraph--default\">Jaki\u015b czas temu <a href=\"https:\/\/www.pomponik.pl\/gwiazdy-i-produkcje-jerzy-owsiak,gsbi,6581\" rel=\"nofollow noopener\" target=\"_blank\">Jerzy Owsiak<\/a> oficjalnie og\u0142osi\u0142, \u017ce kolejny fina\u0142 Wielkiej Orkiestry \u015awi\u0105tecznej Pomocy odb\u0119dzie si\u0119 25 stycznia 2025 roku. Tu\u017c po przekazaniu tych informacji 72-latek og\u0142osi\u0142 co\u015b jeszcze. Zapowiedzia\u0142, \u017ce powoli wycofuje si\u0119 z dzia\u0142a\u0144 WO\u015aP i przekazuje stery innym.<\/p>\n<p>Jerzy Owsiak og\u0142osi\u0142 ws. WO\u015aP. Kolejny fina\u0142 b\u0119dzie ju\u017c inny<\/p>\n<p class=\"typography ids-typeset-body ids-typeset-body--preset-large link paragraph ids-paragraph ids-paragraph--default\">&#8222;Orkiestra przechodzi na nowy styl pracy zmierzaj\u0105cy do usamodzielnienia si\u0119 zespo\u0142u. Staram si\u0119 ju\u017c jak najmniej wtr\u0105ca\u0107 w bie\u017c\u0105ce prace (&#8230;) Nie trzeba by\u0107 dyrygentem do samego ko\u0144ca&#8221; &#8211; wyjawi\u0142 w rozmowie z PAP.<\/p>\n<p class=\"typography ids-typeset-body ids-typeset-body--preset-large link paragraph ids-paragraph ids-paragraph--default\">&#8222;Ja swoje zrobi\u0142em&#8221; &#8211; doda\u0142 dumny Jerzy, zapewniaj\u0105c jednak, \u017ce podczas samych fina\u0142\u00f3w b\u0119dzie oczywi\u015bcie nadal obecny.<\/p>\n<p class=\"typography ids-typeset-body ids-typeset-body--preset-large link paragraph ids-paragraph ids-paragraph--default\">Do kolejnego fina\u0142u zosta\u0142 wi\u0119c nieco ponad miesi\u0105c, a wielu ju\u017c zastanawia si\u0119, co tym razem wymy\u015bl\u0105 gwiazdy, kt\u00f3re co roku potrafi\u0105 nie\u017ale zaskoczy\u0107. Prym wiod\u0105 w tym m.in. nasi skoczkowie i sportowcy.<\/p>\n<p>Polscy skoczkowie wspieraj\u0105 WO\u015aP od lat. Gest Stocha wprawi\u0142 radn\u0105 w os\u0142upienie<\/p>\n<p class=\"typography ids-typeset-body ids-typeset-body--preset-large link paragraph ids-paragraph ids-paragraph--default\">Swego czasu g\u0142o\u015bno by\u0142o m.in. o <a href=\"https:\/\/www.pomponik.pl\/gwiazdy-i-produkcje-kamil-stoch,gsbi,1371\" rel=\"nofollow noopener\" target=\"_blank\">Kamilu Stochu<\/a>, kt\u00f3ry wprawi\u0142 w niema\u0142e os\u0142upienie pewn\u0105 radn\u0105 Redy. Cho\u0107 skoczek odda\u0142 na WO\u015aP m.in. plastron z Lillehammer z w\u0142asnym autografem. Na tym jednak nie koniec, bo gdy radna Redy si\u0119 do niego zg\u0142osi\u0142a z pro\u015bb\u0105 o jeszcze jaki\u015b podarek, ten od razu zareagowa\u0142.<\/p>\n<p class=\"typography ids-typeset-body ids-typeset-body--preset-large link paragraph ids-paragraph ids-paragraph--default\">&#8222;W naj\u015bmielszych snach nie s\u0105dzi\u0142am, \u017ce poza autografami, kt\u00f3re chcia\u0142am otrzyma\u0107, zostaniemy obdarowani plastronem z autografem z Turnieju Czterech Skoczni w Bischofshofen z 2024, w kt\u00f3rym skaka\u0142 sam Kamil Stoch&#8221; &#8211; ekscytowa\u0142a si\u0119 podczas zesz\u0142orocznego fina\u0142u kobieta w rozmowie z nadmorski24.pl.<\/p>\n<p class=\"typography ids-typeset-body ids-typeset-body--preset-large link paragraph ids-paragraph ids-paragraph--default\">Jeszcze g\u0142o\u015bniej by\u0142o o ruchu <a href=\"https:\/\/www.pomponik.pl\/gwiazdy-i-produkcje-piotr-zyla,gsbi,3484\" rel=\"nofollow noopener\" target=\"_blank\">Piotra \u017by\u0142y<\/a>, kt\u00f3ry postanowi\u0142 przeku\u0107 sw\u0105 pora\u017ck\u0119 w sukces i zrobi\u0107 co\u015b dobrego. Chodzi o jego kombinezon, przez kt\u00f3ry zosta\u0142 zdyskwalifikowany podczas P\u015a w Zakopanem. Str\u00f3j by\u0142 bowiem nieprzepisowy.<\/p>\n<p class=\"typography ids-typeset-body ids-typeset-body--preset-large link paragraph ids-paragraph ids-paragraph--default\">&#8222;Piotrek dosta\u0142 dyskwalifikacj\u0119 za kombinezon. Nie zagra\u0142 centymetr w biodrze (&#8230;)&#8221; &#8211; wyja\u015bni\u0142 trener Michal Dole\u017cal.<\/p>\n<p>Piotr \u017by\u0142a odda\u0142 kombinezon na WO\u015aP. Takiego ruchu to nawet Owsiak si\u0119 nie spodziewa\u0142<\/p>\n<p class=\"typography ids-typeset-body ids-typeset-body--preset-large link paragraph ids-paragraph ids-paragraph--default\">Na ruch Piotra nie trzeba by\u0142o d\u0142ugo czeka\u0107. \u017by\u0142a nie wytrzyma\u0142 i og\u0142osi\u0142 w\u00f3wczas na Facebooku, \u017ce &#8222;ma na zbyciu kombinezon&#8221;. Cho\u0107 ostatecznie okaza\u0142o si\u0119, \u017ce nie by\u0142 to ten str\u00f3j, za kt\u00f3ry go zdyskwalifikowali, moment okaza\u0142 si\u0119 idealny, bo o aferze by\u0142o g\u0142o\u015bno na ca\u0142\u0105 Polsk\u0119. I tak str\u00f3j trafi\u0142 na WO\u015aP.<\/p>\n<p class=\"typography ids-typeset-body ids-typeset-body--preset-large link paragraph ids-paragraph ids-paragraph--default\">&#8222;Hmm, mam kombinezon na zbyciu, mo\u017ce kto\u015b ch\u0119tny&#8221; &#8211; oznajmi\u0142, dodaj\u0105c p\u0142acz\u0105c\u0105 ze \u015bmiechu emotikon\u0119.<\/p>\n<p class=\"typography ids-typeset-body ids-typeset-body--preset-large link paragraph ids-paragraph ids-paragraph--default\">Kibice uznali, \u017ce w ten spos\u00f3b wyma\u017c\u0105 z\u0142e wspomnienia zwi\u0105zane z kombinezonem i zacz\u0119li g\u0142\u0119biej si\u0119ga\u0107 do kieszeni. Takiego fina\u0142u chyba sam Owsiak si\u0119 nie spodziewa\u0142, bowiem kombinezon \u017by\u0142y ostatecznie poszed\u0142 za ponad 10 tysi\u0119cy z\u0142otych.\u00a0<\/p>\n<p class=\"typography ids-typeset-body ids-typeset-body--preset-large link paragraph ids-paragraph ids-paragraph--default\">Nic wi\u0119c dziwnego, \u017ce wielu kibic\u00f3w skok\u00f3w ju\u017c zastanawia si\u0119, na co tym razem wpadnie Piotr i jak wesprze WO\u015aP w tym roku. Na razie sam skoczek skrz\u0119tnie jednak w tej sprawie milczy.<\/p>\n<p class=\"typography ids-typeset-body ids-typeset-body--preset-large link paragraph ids-paragraph ids-paragraph--default\">Zobacz te\u017c:<\/p>\n<p class=\"typography ids-typeset-body ids-typeset-body--preset-large link paragraph ids-paragraph ids-paragraph--default\"><a href=\"https:\/\/www.pomponik.pl\/plotki\/news-kolejne-smutne-wiesci-o-stochu-z-nieoczekiwanej-strony-pojaw,nId,7873172\" target=\"_blank\" rel=\"nofollow noopener\">Kolejne smutne wie\u015bci o Stochu. Z nieoczekiwanej strony pojawi\u0142a si\u0119 \u017cona Ewa<\/a><\/p>\n<p class=\"typography ids-typeset-body ids-typeset-body--preset-large link paragraph ids-paragraph ids-paragraph--default\"><a href=\"https:\/\/www.pomponik.pl\/plotki\/news-ewa-stoch-przerwala-milczenie-w-koncu-oficjalnie-potwierdzil,nId,7857431\" target=\"_blank\" rel=\"nofollow noopener\">Ewa Stoch przerwa\u0142a milczenie. W ko\u0144cu oficjalnie potwierdzi\u0142a<\/a><\/p>\n<p class=\"typography ids-typeset-body ids-typeset-body--preset-large link paragraph ids-paragraph ids-paragraph--default\"><a href=\"https:\/\/www.pomponik.pl\/plotki\/news-zona-stocha-podzielila-sie-wspomnieniem-zwiazanym-z-kubackim,nId,7840383\" target=\"_blank\" rel=\"nofollow noopener\">\u017bona Stocha podzieli\u0142a si\u0119 wspomnieniem z innym. A to zaskoczenie<\/a><\/p>\n<p>Agnieszka Kaczorowska wskazuje jednego celebryt\u0119 z ogromnym potencja\u0142em do wygranej w &#8222;Ta\u0144cu z gwiazdami&#8221;pomponik.pl<\/p>\n","protected":false},"excerpt":{"rendered":"Jaki\u015b czas temu Jerzy Owsiak oficjalnie og\u0142osi\u0142, \u017ce kolejny fina\u0142 Wielkiej Orkiestry \u015awi\u0105tecznej Pomocy odb\u0119dzie si\u0119 25 stycznia&hellip;\n","protected":false},"author":2,"featured_media":152348,"comment_status":"","ping_status":"","sticky":false,"template":"","format":"standard","meta":{"footnotes":""},"categories":[24],"tags":[42,38,40,39,41,127,126],"class_list":{"0":"post-152347","1":"post","2":"type-post","3":"status-publish","4":"format-standard","5":"has-post-thumbnail","7":"category-sport","8":"tag-pl","9":"tag-poland","10":"tag-polish","11":"tag-polska","12":"tag-polski","13":"tag-sport","14":"tag-sports"},"share_on_mastodon":{"url":"https:\/\/pubeurope.com\/@pl\/115724507344215632","error":""},"_links":{"self":[{"href":"https:\/\/www.europesays.com\/pl\/wp-json\/wp\/v2\/posts\/152347","targetHints":{"allow":["GET"]}}],"collection":[{"href":"https:\/\/www.europesays.com\/pl\/wp-json\/wp\/v2\/posts"}],"about":[{"href":"https:\/\/www.europesays.com\/pl\/wp-json\/wp\/v2\/types\/post"}],"author":[{"embeddable":true,"href":"https:\/\/www.europesays.com\/pl\/wp-json\/wp\/v2\/users\/2"}],"replies":[{"embeddable":true,"href":"https:\/\/www.europesays.com\/pl\/wp-json\/wp\/v2\/comments?post=152347"}],"version-history":[{"count":0,"href":"https:\/\/www.europesays.com\/pl\/wp-json\/wp\/v2\/posts\/152347\/revisions"}],"wp:featuredmedia":[{"embeddable":true,"href":"https:\/\/www.europesays.com\/pl\/wp-json\/wp\/v2\/media\/152348"}],"wp:attachment":[{"href":"https:\/\/www.europesays.com\/pl\/wp-json\/wp\/v2\/media?parent=152347"}],"wp:term":[{"taxonomy":"category","embeddable":true,"href":"https:\/\/www.europesays.com\/pl\/wp-json\/wp\/v2\/categories?post=152347"},{"taxonomy":"post_tag","embeddable":true,"href":"https:\/\/www.europesays.com\/pl\/wp-json\/wp\/v2\/tags?post=152347"}],"curies":[{"name":"wp","href":"https:\/\/api.w.org\/{rel}","templated":true}]}}