{"id":152353,"date":"2025-12-15T16:26:10","date_gmt":"2025-12-15T16:26:10","guid":{"rendered":"https:\/\/www.europesays.com\/pl\/152353\/"},"modified":"2025-12-15T16:26:10","modified_gmt":"2025-12-15T16:26:10","slug":"niemcy-zaciesniaja-wspolprace-z-ukraina-oglosili-dziesieciopunktowy-plan-onet","status":"publish","type":"post","link":"https:\/\/www.europesays.com\/pl\/152353\/","title":{"rendered":"Niemcy zacie\u015bniaj\u0105 wsp\u00f3\u0142prac\u0119 z Ukrain\u0105. Og\u0142osili dziesi\u0119ciopunktowy plan &#8211; Onet"},"content":{"rendered":"<ol>\n<li><a href=\"https:\/\/news.google.com\/rss\/articles\/CBMi0AFBVV95cUxPbF9DY2NuWGpveWNDUk9MU3BRWUg3TXNlWkNCTjVpV0wyR21BbnlqanhyanFmdkJTVW5WNnJZRzFXYUtabTQ2U1g2clZGWGVJdXhWczg4WUdiakpjQkpGTmVvTUVkOG83NWNteERIRnpNazJISjlhbVgtRjB3c1J6Y2pHV1Z5WnRsMWVNTlRKemh0alZvRzl4cXdmbHJOWnM3UnRSQUtKNkRaRkdaSlRlNWdoc0pxVXJQVXVOV0EySVRKOENKNU9GS3k5ZF9YOUNj?oc=5\" target=\"_blank\" rel=\"nofollow noopener\">Niemcy zacie\u015bniaj\u0105 wsp\u00f3\u0142prac\u0119 z Ukrain\u0105. Og\u0142osili dziesi\u0119ciopunktowy plan<\/a>&nbsp;&nbsp;Onet<\/li>\n<li><a href=\"https:\/\/news.google.com\/rss\/articles\/CBMiqgFBVV95cUxOY1dyQ05ubnFYOFFtYXRmeHBhRC0weEo4cDJqZVJOUmNyYzIzQ19OdTRVZmZtVm5fcS1nYkVuMkd2Q3hRV011Rk9namZrVWhlME1vdXdtNGtjWmVHUDl4ZEp6V3JRX0ZJMnFvZ3hma1I4b044M2FFa3NIdUtIR05kNXIwQk41eUp1a1A3UzZ3RGhnbm0xVmJJM09KMGtHMm5VT0owX3VQUzctZw?oc=5\" target=\"_blank\" rel=\"nofollow noopener\">Wo\u0142odymyr Ze\u0142enski zabra\u0142 g\u0142os po spotkaniu w Berlinie. &#8222;Doceniamy przyw\u00f3dcz\u0105 rol\u0119 Niemiec&#8221;<\/a>&nbsp;&nbsp;Onet Wiadomo\u015bci<\/li>\n<li><a href=\"https:\/\/news.google.com\/rss\/articles\/CBMixgFBVV95cUxNVURiNzlOaGNqV1dZZ2xtSGVIZGl6N2dqZDMxd29jb1pkREFEZWhJcW53eGpSU0VzZXYxQVBiWkVvVy1IcGo1TWJfVlBHM1pmWmJTMGpfMTFjWTNXLWVXazlhbkd6eEIzdGRjd2xqT0VLa2xwaUtSZlU5Q0ptMjdzQlEyMVJ1VnpYSkFXMVFPNmRzVzJWVnJ1WWw2ZkxnSzlXdXdtTUYzTFlMTERxc3BpbHh3RWlwTkJIbnhuQTgyNno1YW14MFE?oc=5\" target=\"_blank\" rel=\"nofollow noopener\">Niemcy: Przy stole negocjacyjnym brakuje najwa\u017cniejszego uczestnika<\/a>&nbsp;&nbsp;Dziennik.pl<\/li>\n<li><a href=\"https:\/\/news.google.com\/rss\/articles\/CBMirgFBVV95cUxONWp0eWN3amZRVnpZeE8xNDZEcTRYYUNoUVVMdzZYQzl5NWtZd0lmaWtmcHRibW1QMVEzUUJRVjFWMVVER1BPN2NyM2NFTUJSUEQ0ZFpUUHRDMnAyNXpsTkJxekZOV200VjdRb2FhMVhOdnVCeTBQU1Vsb0UyWnlSYVcyWjdFVEZLLWpoNjBmRkpZM2dYeG5ONUdfdWNFWVVqc3RUSFN2S2RwNjhya1E?oc=5\" target=\"_blank\" rel=\"nofollow noopener\">\u017bo\u0142nierze pod &#8222;europejsk\u0105 flag\u0105&#8221; w Ukrainie. Weber m\u00f3wi wprost<\/a>&nbsp;&nbsp;Business Insider Polska<\/li>\n<li><a href=\"https:\/\/news.google.com\/rss\/articles\/CBMiqwFBVV95cUxQSGkxMThRQXVRU1NWaGJNWS1CcF9Ua1Z1MmJTUWJFcm85cXBHYWFKV2ptZ1ctWldIRWlWTkJRUXVxaHJHdE14TWZac3dSdmszUklBY2hQRFV0NHFXaFNPUlAtT1ZBTXpucjdjYmhIbENYdl95Sl9mYS02MDJiRUhjS3k1dG5oMUY3OEJtYk5HS0JkSFRid1ItemhTakw4MnBjMkJTRlJET1VaWU0?oc=5\" target=\"_blank\" rel=\"nofollow noopener\">&#8222;Kluczowe znaczenie&#8221;. Berlin i Kij\u00f3w zacie\u015bniaj\u0105 wsp\u00f3\u0142prac\u0119 obronn\u0105<\/a>&nbsp;&nbsp;WP Wiadomo\u015bci<\/li>\n<\/ol>\n","protected":false},"excerpt":{"rendered":"Niemcy zacie\u015bniaj\u0105 wsp\u00f3\u0142prac\u0119 z Ukrain\u0105. Og\u0142osili dziesi\u0119ciopunktowy plan&nbsp;&nbsp;Onet Wo\u0142odymyr Ze\u0142enski zabra\u0142 g\u0142os po spotkaniu w Berlinie. &#8222;Doceniamy przyw\u00f3dcz\u0105&hellip;\n","protected":false},"author":2,"featured_media":150976,"comment_status":"","ping_status":"","sticky":false,"template":"","format":"standard","meta":{"footnotes":""},"categories":[14],"tags":[32,33,58,27,67,1107,34,35,28,31,1395,53,25,773,52,68,51,55,40,41,11459,47,80,29,30,390,65,50,26,309,82,83,84],"class_list":{"0":"post-152353","1":"post","2":"type-post","3":"status-publish","4":"format-standard","5":"has-post-thumbnail","7":"category-swiat","8":"tag-breaking-news","9":"tag-breakingnews","10":"tag-donald_trump_prezydent_usa","11":"tag-headlines","12":"tag-intextvideo_splayer","13":"tag-kijow_miasto","14":"tag-latest-news","15":"tag-latestnews","16":"tag-naglowki","17":"tag-najwazniejsze-artykuly","18":"tag-nato_sojusz_polnocnoatlantycki","19":"tag-new_header","20":"tag-news","21":"tag-niemcy_rfn_republika_federalna_niemiec","22":"tag-onet3","23":"tag-onet3d","24":"tag-onet3d_2i","25":"tag-phx","26":"tag-polish","27":"tag-polski","28":"tag-przemysl_zbrojeniowy_zbrojeniowka_produkcja_broni","29":"tag-screening_general","30":"tag-swiat","31":"tag-top-stories","32":"tag-topstories","33":"tag-ukraina_ukrainiec_ukrainka_ukraincy_ukrainki","34":"tag-update_me","35":"tag-v2021","36":"tag-wiadomosci","37":"tag-wolodymyr_zelenski","38":"tag-world","39":"tag-world-news","40":"tag-worldnews"},"share_on_mastodon":{"url":"","error":"Validation failed: Text character limit of 500 exceeded"},"_links":{"self":[{"href":"https:\/\/www.europesays.com\/pl\/wp-json\/wp\/v2\/posts\/152353","targetHints":{"allow":["GET"]}}],"collection":[{"href":"https:\/\/www.europesays.com\/pl\/wp-json\/wp\/v2\/posts"}],"about":[{"href":"https:\/\/www.europesays.com\/pl\/wp-json\/wp\/v2\/types\/post"}],"author":[{"embeddable":true,"href":"https:\/\/www.europesays.com\/pl\/wp-json\/wp\/v2\/users\/2"}],"replies":[{"embeddable":true,"href":"https:\/\/www.europesays.com\/pl\/wp-json\/wp\/v2\/comments?post=152353"}],"version-history":[{"count":0,"href":"https:\/\/www.europesays.com\/pl\/wp-json\/wp\/v2\/posts\/152353\/revisions"}],"wp:featuredmedia":[{"embeddable":true,"href":"https:\/\/www.europesays.com\/pl\/wp-json\/wp\/v2\/media\/150976"}],"wp:attachment":[{"href":"https:\/\/www.europesays.com\/pl\/wp-json\/wp\/v2\/media?parent=152353"}],"wp:term":[{"taxonomy":"category","embeddable":true,"href":"https:\/\/www.europesays.com\/pl\/wp-json\/wp\/v2\/categories?post=152353"},{"taxonomy":"post_tag","embeddable":true,"href":"https:\/\/www.europesays.com\/pl\/wp-json\/wp\/v2\/tags?post=152353"}],"curies":[{"name":"wp","href":"https:\/\/api.w.org\/{rel}","templated":true}]}}