{"id":152354,"date":"2025-12-15T16:27:11","date_gmt":"2025-12-15T16:27:11","guid":{"rendered":"https:\/\/www.europesays.com\/pl\/152354\/"},"modified":"2025-12-15T16:27:11","modified_gmt":"2025-12-15T16:27:11","slug":"zapalenie-swiec-chanukowych-w-sejmie-czarzasty-chcialem-przeprosic","status":"publish","type":"post","link":"https:\/\/www.europesays.com\/pl\/152354\/","title":{"rendered":"Zapalenie \u015bwiec chanukowych w Sejmie. Czarzasty: Chcia\u0142em przeprosi\u0107"},"content":{"rendered":"<p>W\u0142odzimierz Czarzasty nawi\u0105za\u0142 podczas swojego wyst\u0105pienia do wydarzenia, gdy pose\u0142 Konfederacji Grzegorz Braun zgasi\u0142 \u015bwiece chanukowe przy u\u017cyciu ga\u015bnicy. &#8211; Niestety w tym miejscu, dwa lata temu, mia\u0142 miejsce haniebny atak na \u015bwiat\u0142a nadziei, jakie zapalamy, i na ludzi, kt\u00f3rych to \u015bwiat\u0142o zgromadzi\u0142o &#8211; powiedzia\u0142. Doda\u0142, \u017ce przeprasza za tamt\u0105 sytuacj\u0119 w imieniu Sejmu.<\/p>\n<p>\u00a0<\/p>\n<p>ZOBACZ: <a href=\"https:\/\/www.polsatnews.pl\/wiadomosc\/2025-12-15\/nie-chce-miec-nic-wspolnego-stanowcza-deklaracja-slowackiego-premiera-ws-ukrainy\/\" rel=\"nofollow noopener\" target=\"_blank\">&#8222;Nie chc\u0119 mie\u0107 nic wsp\u00f3lnego&#8221;. Stanowcza deklaracja s\u0142owackiego premiera ws. Ukrainy<\/a><\/p>\n<p>\u00a0<\/p>\n<p>Czarzasty podkre\u015bli\u0142, \u017ce jest zgoda &#8222;na dialog oraz sp\u00f3r w duchu tolerancji i szacunku dla my\u015bl\u0105cych, modl\u0105cych si\u0119, \u015bwi\u0119tuj\u0105cych inaczej &#8222;. &#8211; Oczekujemy te\u017c podobnej postawy od innych. Polska wra\u017cliwo\u015b\u0107 zas\u0142uguje na zrozumienie i szacunek &#8211; doda\u0142.<\/p>\n<p>Czarzasty: Antysemityzm wci\u0105\u017c prowadzi do zachowa\u0144 zbrodniczych<\/p>\n<p>Polityk zauwa\u017cy\u0142, \u017ce uroczysto\u015b\u0107 w Sejmie odbywa si\u0119 w cieniu niedzielnej tragedii w Sydney. W ataku na australijskiej pla\u017cy Bondi gin\u0119\u0142o 15 os\u00f3b oraz jeden z napastnik\u00f3w, a 42 osoby zosta\u0142y ranne. Sprawcami strzelaniny byli ojciec i syn. Do zamachu dosz\u0142o w momencie, kiedy zebrani na pla\u017cy australijscy \u017bydzi przyst\u0105pili do zapalania chanukowej \u015bwiecy.<\/p>\n<p>\u00a0<\/p>\n<p>&#8211; Dzisiejsza uroczysto\u015b\u0107 odbywa si\u0119 jednak w cieniu tragedii w Sydney. Sk\u0142adam kondolencje przedstawicielom spo\u0142eczno\u015bci \u017cydowskiej. Wydarzenia w Australii wskazuj\u0105, \u017ce antysemityzm wci\u0105\u017c prowadzi do zachowa\u0144 zbrodniczych. Zbrodnie motywowane antysemityzmem to nie przesz\u0142o\u015b\u0107, nie historia, ale to r\u00f3wnie\u017c nasza smutna tera\u017aniejszo\u015b\u0107 &#8211; powiedzia\u0142 Czarzasty.<\/p>\n<p>\u00a0<\/p>\n<p>ZOBACZ: <a href=\"https:\/\/www.polsatnews.pl\/wiadomosc\/2025-12-15\/rzecznik-kremla-o-pokoju-na-ukrainie-wskazal-kamien-wegielny\/\" rel=\"nofollow noopener\" target=\"_blank\">Ukraina zrezygnuje z cz\u0142onkostwa w NATO? Jest reakcja Kremla<\/a><\/p>\n<p>\u00a0<\/p>\n<p>Polityk zwr\u00f3ci\u0142 uwag\u0119, \u017ce &#8222;przemoc cz\u0119sto zaczyna si\u0119 od happeningu, od s\u0142owa napisanego w internecie, czy wykrzyczanego na marszu, a ko\u0144czy tak jak na pla\u017cy w Sydney&#8221;. &#8211; Jako marsza\u0142ek deklaruj\u0119, \u017ce w polskim Sejmie nie ma miejsca na nienawi\u015b\u0107, ani na antysemityzm &#8211; podkre\u015bli\u0142 Czarzasty.<\/p>\n<p>Naczelny rabin Polski: Mamy wsp\u00f3ln\u0105 dusz\u0119\u00a0<\/p>\n<p>Na uroczysto\u015bci zapalenia \u015bwiec chanukowych obecni byli m.in. ambasador USA w Polsce Tom Rose, ambasador Izraela Jakow Finkelstein oraz Michael Schudrich, naczelny rabin Polski.<\/p>\n<p>\u00a0<\/p>\n<p>&#8211; \u017bycz\u0119 wszystkim, aby\u015bmy przej\u0119li to przes\u0142anie, kt\u00f3re wychodzi od \u015bwi\u0119ta Chanuki i w polskim Sejmie: wolno\u015b\u0107, religia, tolerancja, miejsce dla wszystkich &#8211; powiedzia\u0142 obecny na spotkaniu rabin Szalom Dow Ber Stambler, szef polskiego oddzia\u0142u Chabad Lubawicz.<\/p>\n<p>\u00a0<\/p>\n<p>Rabin Schudrich podkre\u015bli\u0142 natomiast, \u017ce \u017bydzi i Polacy maj\u0105 &#8222;wsp\u00f3ln\u0105 dusz\u0105&#8221;. &#8211; Jest tragedia, to i jest reakcja, \u017ce budujemy jeszcze raz. I to jest ta wsp\u00f3lna dusza. Po 1989 r. budowali\u015bmy niesamowit\u0105, siln\u0105, pi\u0119kn\u0105 now\u0105, star\u0105 Polsk\u0119 &#8211; podkre\u015bli\u0142.<\/p>\n<p>\u00a0<\/p>\n<p>Ambasador Izraela w Polsce: \u015awiat\u0142o zawsze zwyci\u0119\u017ca ciemno\u015b\u0107<\/p>\n<p>Ambasador Izraela w Polsce Jakow Finkelstein oceni\u0142, \u017ce kontynuowanie tradycji chanukowej w Sejmie pokazuje wielowyznaniow\u0105, tolerancyjn\u0105 twarz Polski. Podkre\u015bli\u0142, \u017ce w obecnych czasach potrzeba \u201e\u015bwiat\u0142a nadziei dla Ukrainy, Europy, Izraela, Iranu, dla tych, kt\u00f3rzy cierpi\u0105 w Afryce, dla naszych s\u0105siad\u00f3w w Palestynie\u201d.<\/p>\n<p>\u00a0<\/p>\n<p>ZOBACZ: <a href=\"https:\/\/www.polsatnews.pl\/wiadomosc\/2025-12-08\/grzegorz-braun-przed-sadem-europosel-zlozyl-zaskakujacy-wniosek\/\" rel=\"nofollow noopener\" target=\"_blank\">Grzegorz Braun przed s\u0105dem. Europose\u0142 z\u0142o\u017cy\u0142 zaskakuj\u0105cy wniosek<\/a><\/p>\n<p>\u00a0<\/p>\n<p>Ambasador doda\u0142 w j\u0119zyku polskim, \u017ce niedzielny atak w Sydney przypomina o ludziach, kt\u00f3rzy wci\u0105\u017c &#8222;pr\u00f3buj\u0105 zgasi\u0107 \u015bwiat\u0142o Chanuki, \u015bwiat\u0142o tolerancji i \u015bwiat\u0142o wolno\u015bci&#8221; &#8211; Ci ludzie nie powinni igra\u0107 z ogniem, bo \u017cydowska historia uczy nas jednego &#8211; \u015bwiat\u0142o zawsze zwyci\u0119\u017ca ciemno\u015b\u0107 &#8211; zauwa\u017cy\u0142.<\/p>\n<p>\u00a0<\/p>\n<p>Ambasador USA w Polsce Thomas Rose zaznaczy\u0142, \u017ce Chanuka upami\u0119tnia powstanie, kt\u00f3re mia\u0142o miejsce w II wieku p.n.e. i walczy\u0142o o wolno\u015b\u0107 wyznania i wolno\u015b\u0107 polityczn\u0105. Jak doda\u0142, \u015bwi\u0119to symbolizuje, \u017ce &#8222;nie ma wolno\u015bci bez po\u015bwi\u0119cenia, a jak raz oddamy swoj\u0105 to\u017csamo\u015b\u0107, bardzo ci\u0119\u017cko j\u0105 odzyska\u0107&#8221;. Oceni\u0142, \u017ce jest to bardzo widoczne w Polsce. &#8211; Tym, kt\u00f3rzy pytaj\u0105 mnie, jak mo\u017cemy ocali\u0107 siebie, swoj\u0105 to\u017csamo\u015b\u0107, m\u00f3wi\u0119: przyjed\u017acie do Polski i uczcie si\u0119 od Polak\u00f3w, jak broni\u0107 siebie, swojej kultury, swojej to\u017csamo\u015bci i swojej wolno\u015bci &#8211; doda\u0142.<\/p>\n<p>\u00a0<\/p>\n<p>Widzia\u0142e\u015b co\u015b wa\u017cnego? Przy\u015blij zdj\u0119cie, film lub napisz, co si\u0119 sta\u0142o. Skorzystaj z naszej <a href=\"https:\/\/www.polsatnews.pl\/platforma-widzow\/\" target=\"_blank\" rel=\"noopener noreferrer nofollow\">Wrzutni<\/a><\/p>\n<p>                <img decoding=\"async\" src=\"https:\/\/www.europesays.com\/pl\/wp-content\/uploads\/2025\/12\/5sx9qf6thqzxffseuucwdtyfrretgbh8.jpg\" alt=\"\" itemprop=\"contentUrl\" style=\"position:absolute; width: 100%; max-height: 100%;\"\/><video controls=\"\" controlslist=\"nodownload\" poster=\"https:\/\/www.europesays.com\/pl\/wp-content\/uploads\/2025\/12\/5sx9qf6thqzxffseuucwdtyfrretgbh8.jpg\" class=\"videoPlayer player6855648 news__video\" data-id=\"6855648\">Twoja przegl\u0105darka nie wspiera odtwarzacza wideo&#8230;<\/video><\/p>\n<p>&#13;<br \/>\n                    \t\t\t\t\t\t\t\t\t\t\t\t\tadg&#13;<br \/>\n\t\t\t\t\/\t\t\t\t\t\tpolsatnews.pl&#13;<br \/>\n\t\t\t\t\/\t\t\t\t\t\tPAP&#13;<br \/>\n\t\t\t\t\t&#13;\n                \t<\/p>\n<p>                <a class=\"news__read-more-button\" href=\"https:\/\/www.polsatnews.pl\/\" rel=\"nofollow noopener\" target=\"_blank\">Czytaj wi\u0119cej<\/a><\/p>\n","protected":false},"excerpt":{"rendered":"W\u0142odzimierz Czarzasty nawi\u0105za\u0142 podczas swojego wyst\u0105pienia do wydarzenia, gdy pose\u0142 Konfederacji Grzegorz Braun zgasi\u0142 \u015bwiece chanukowe przy u\u017cyciu&hellip;\n","protected":false},"author":2,"featured_media":152355,"comment_status":"","ping_status":"","sticky":false,"template":"","format":"standard","meta":{"footnotes":""},"categories":[12],"tags":[32,33,36,37,27,34,35,28,31,25,42,38,40,39,41,29,30,26],"class_list":{"0":"post-152354","1":"post","2":"type-post","3":"status-publish","4":"format-standard","5":"has-post-thumbnail","7":"category-polska","8":"tag-breaking-news","9":"tag-breakingnews","10":"tag-featured-news","11":"tag-featurednews","12":"tag-headlines","13":"tag-latest-news","14":"tag-latestnews","15":"tag-naglowki","16":"tag-najwazniejsze-artykuly","17":"tag-news","18":"tag-pl","19":"tag-poland","20":"tag-polish","21":"tag-polska","22":"tag-polski","23":"tag-top-stories","24":"tag-topstories","25":"tag-wiadomosci"},"share_on_mastodon":{"url":"https:\/\/pubeurope.com\/@pl\/115724527352584729","error":""},"_links":{"self":[{"href":"https:\/\/www.europesays.com\/pl\/wp-json\/wp\/v2\/posts\/152354","targetHints":{"allow":["GET"]}}],"collection":[{"href":"https:\/\/www.europesays.com\/pl\/wp-json\/wp\/v2\/posts"}],"about":[{"href":"https:\/\/www.europesays.com\/pl\/wp-json\/wp\/v2\/types\/post"}],"author":[{"embeddable":true,"href":"https:\/\/www.europesays.com\/pl\/wp-json\/wp\/v2\/users\/2"}],"replies":[{"embeddable":true,"href":"https:\/\/www.europesays.com\/pl\/wp-json\/wp\/v2\/comments?post=152354"}],"version-history":[{"count":0,"href":"https:\/\/www.europesays.com\/pl\/wp-json\/wp\/v2\/posts\/152354\/revisions"}],"wp:featuredmedia":[{"embeddable":true,"href":"https:\/\/www.europesays.com\/pl\/wp-json\/wp\/v2\/media\/152355"}],"wp:attachment":[{"href":"https:\/\/www.europesays.com\/pl\/wp-json\/wp\/v2\/media?parent=152354"}],"wp:term":[{"taxonomy":"category","embeddable":true,"href":"https:\/\/www.europesays.com\/pl\/wp-json\/wp\/v2\/categories?post=152354"},{"taxonomy":"post_tag","embeddable":true,"href":"https:\/\/www.europesays.com\/pl\/wp-json\/wp\/v2\/tags?post=152354"}],"curies":[{"name":"wp","href":"https:\/\/api.w.org\/{rel}","templated":true}]}}