{"id":152356,"date":"2025-12-15T16:28:08","date_gmt":"2025-12-15T16:28:08","guid":{"rendered":"https:\/\/www.europesays.com\/pl\/152356\/"},"modified":"2025-12-15T16:28:08","modified_gmt":"2025-12-15T16:28:08","slug":"sensacyjny-kandydat-do-sciagniecia-roberta-lewandowskiego-szukali-domu-przeglad-sportowy-onet","status":"publish","type":"post","link":"https:\/\/www.europesays.com\/pl\/152356\/","title":{"rendered":"Sensacyjny kandydat do \u015bci\u0105gni\u0119cia Roberta Lewandowskiego. &quot;Szukali domu&quot; &#8211; Przegl\u0105d Sportowy Onet"},"content":{"rendered":"<ol>\n<li><a href=\"https:\/\/news.google.com\/rss\/articles\/CBMiygFBVV95cUxNOGw2Vy1xYm9qRjR3ZlotTHlrV19UWFVLcjdYQm1JNFVEdTFrLTMwcFRrZERiUjFrTEI1d1I2bVdzT0N4UnhTSDVHR19kODZwZm0wcHRZT2JiMGpsVklYeDFUWmhlUVl3bmJENUVqOHA3WElRSkc4TTNYSl9KWjBtREYwNHJqRFladVdoR2d5bmNkNVctOFJxR2VRT3pMNlRqTlB5OVdOcXJBdjQ3aXRobWJwenJFd0M1Sjc1ZF81UVFndUdfUUtpakhR?oc=5\" target=\"_blank\" rel=\"nofollow noopener\">Sensacyjny kandydat do \u015bci\u0105gni\u0119cia Roberta Lewandowskiego. &#8222;Szukali domu&#8221;<\/a>&nbsp;&nbsp;Przegl\u0105d Sportowy Onet<\/li>\n<li><a href=\"https:\/\/news.google.com\/rss\/articles\/CBMiugFBVV95cUxQZnU2bjNZOGNnYVlLMi1sZW54YVd2NFZXd1lVbzNPejdxWnpsaVNEYWNIQzdPdlhzYkprMVBwd2RXT3RDRTduT0JNU3FRX2tJODg0YWNzbmhMeHVzZEc1OHpETHJ1b3VGNXJmOXJ2MkpIRFFsWDlxeUZjUHBQUGw3X2FJa29oRlpZamZxa21iR0R6LWNCZ0hVWmFtYlN6OUlqcWtzV2Y0eXJaOGQ0QjNLREthaTM4RlFJTkE?oc=5\" target=\"_blank\" rel=\"nofollow noopener\">Media: Lewandowski podj\u0105\u0142 decyzj\u0119 ws. przysz\u0142o\u015bci. Jest reakcja Barcelony<\/a>&nbsp;&nbsp;SportoweFakty<\/li>\n<li><a href=\"https:\/\/news.google.com\/rss\/articles\/CBMivwFBVV95cUxPU0FydWthZTl3N1Q4OFBUdTc3NHZHbWxUMzZyS0VYbWhoNWFxdW1qQzF5VjIyZXF2X3ZUdC03MzZXSnd5WEhuendGUlNTRUhkdlpZRDVBNmVSN2dEZVVDOTh0bDNUQ1VNS2dkaTRzd2ZKWW9xLU54NVRwTFNwZWtuUjIwNXpiS0FzUHROc09CWEFUVm5oT1R1YVVuckNRYXdJVTRMU2NuLXNfd1lUZG9uY0J3NnU5bnM5OVpIZG15aw?oc=5\" target=\"_blank\" rel=\"nofollow noopener\">Zwrot akcji w Barcelonie, nast\u0119pca Lewandowskiego skre\u015blony. Flick ju\u017c go nie chce<\/a>&nbsp;&nbsp;Sport w INTERIA.PL<\/li>\n<li><a href=\"https:\/\/news.google.com\/rss\/articles\/CBMipgFBVV95cUxPTzBkbGhJS3V0YzRpZ1N6NVNkNHdpOFJRMTY5ZklNazNiejg5REJzLW45RjEyc1dkNkZ6MmZuWk1QOHc3aHFNLTVTdzBFTmJCVXdSTDl1dDNkSEhHUm9zMi1sUEhNQWZNb0hOYXVoNjlyWXFFRTlVQ2phck5wZ1JPUzQtRmU3UFFJMkhrSk0weHUxcWJXRm9ORWZlbGJSMncyQkZud21R?oc=5\" target=\"_blank\" rel=\"nofollow noopener\">Lewandowski zostanie w Barcelonie?! Oto kluczowy warunek<\/a>&nbsp;&nbsp;Sport.pl<\/li>\n<li><a href=\"https:\/\/news.google.com\/rss\/articles\/CBMirwFBVV95cUxNUnRZemFfNzFNT1JFMm1tUElYaWd2aW40ZkNXOGQ3ZXNYN2lVcnNWRkg1RVQ5UW85OS1hSWdsTDRtWVVBQlRKMm9qb1NaT2xETE5KNzRxWFJmbWtEYjZvRG5LSnFyVHFPeXhFLTdVU1l1WGlLSWFFcUd0YUYyWE8wLUdMd2ZVbk9iYk56VS1reDJrT3VROU93dldsWXBvLUN5OF83T0dCa2J0TVZkQ0M4?oc=5\" target=\"_blank\" rel=\"nofollow noopener\">Sport: Agent Lewandowskiego spotka\u0142 si\u0119 z Laport\u0105! Oto szczeg\u00f3\u0142y<\/a>&nbsp;&nbsp;Meczyki.pl<\/li>\n<\/ol>\n","protected":false},"excerpt":{"rendered":"Sensacyjny kandydat do \u015bci\u0105gni\u0119cia Roberta Lewandowskiego. &#8222;Szukali domu&#8221;&nbsp;&nbsp;Przegl\u0105d Sportowy Onet Media: Lewandowski podj\u0105\u0142 decyzj\u0119 ws. przysz\u0142o\u015bci. Jest reakcja&hellip;\n","protected":false},"author":2,"featured_media":152357,"comment_status":"","ping_status":"","sticky":false,"template":"","format":"standard","meta":{"footnotes":""},"categories":[5],"tags":[32,33,303,36,37,27,67,2051,34,35,28,31,25,549,42,38,40,39,41,136,128,300,47,135,29,30,26,130],"class_list":{"0":"post-152356","1":"post","2":"type-post","3":"status-publish","4":"format-standard","5":"has-post-thumbnail","7":"category-naglowki","8":"tag-breaking-news","9":"tag-breakingnews","10":"tag-fc_barcelona","11":"tag-featured-news","12":"tag-featurednews","13":"tag-headlines","14":"tag-intextvideo_splayer","15":"tag-laliga","16":"tag-latest-news","17":"tag-latestnews","18":"tag-naglowki","19":"tag-najwazniejsze-artykuly","20":"tag-news","21":"tag-pber","22":"tag-pl","23":"tag-poland","24":"tag-polish","25":"tag-polska","26":"tag-polski","27":"tag-ps_detal_new","28":"tag-psv2","29":"tag-robert_lewandowski","30":"tag-screening_general","31":"tag-sport_sport","32":"tag-top-stories","33":"tag-topstories","34":"tag-wiadomosci","35":"tag-wiadomosci_sportowe"},"share_on_mastodon":{"url":"https:\/\/pubeurope.com\/@pl\/115724530871988720","error":""},"_links":{"self":[{"href":"https:\/\/www.europesays.com\/pl\/wp-json\/wp\/v2\/posts\/152356","targetHints":{"allow":["GET"]}}],"collection":[{"href":"https:\/\/www.europesays.com\/pl\/wp-json\/wp\/v2\/posts"}],"about":[{"href":"https:\/\/www.europesays.com\/pl\/wp-json\/wp\/v2\/types\/post"}],"author":[{"embeddable":true,"href":"https:\/\/www.europesays.com\/pl\/wp-json\/wp\/v2\/users\/2"}],"replies":[{"embeddable":true,"href":"https:\/\/www.europesays.com\/pl\/wp-json\/wp\/v2\/comments?post=152356"}],"version-history":[{"count":0,"href":"https:\/\/www.europesays.com\/pl\/wp-json\/wp\/v2\/posts\/152356\/revisions"}],"wp:featuredmedia":[{"embeddable":true,"href":"https:\/\/www.europesays.com\/pl\/wp-json\/wp\/v2\/media\/152357"}],"wp:attachment":[{"href":"https:\/\/www.europesays.com\/pl\/wp-json\/wp\/v2\/media?parent=152356"}],"wp:term":[{"taxonomy":"category","embeddable":true,"href":"https:\/\/www.europesays.com\/pl\/wp-json\/wp\/v2\/categories?post=152356"},{"taxonomy":"post_tag","embeddable":true,"href":"https:\/\/www.europesays.com\/pl\/wp-json\/wp\/v2\/tags?post=152356"}],"curies":[{"name":"wp","href":"https:\/\/api.w.org\/{rel}","templated":true}]}}