{"id":152358,"date":"2025-12-15T16:29:10","date_gmt":"2025-12-15T16:29:10","guid":{"rendered":"https:\/\/www.europesays.com\/pl\/152358\/"},"modified":"2025-12-15T16:29:10","modified_gmt":"2025-12-15T16:29:10","slug":"aryna-sabalenka-wyprzedzila-ige-swiatek-sa-wyniki-wta-oglasza-przeglad-sportowy-onet","status":"publish","type":"post","link":"https:\/\/www.europesays.com\/pl\/152358\/","title":{"rendered":"Aryna Sabalenka wyprzedzi\u0142a Ig\u0119 \u015awi\u0105tek! S\u0105 wyniki. WTA og\u0142asza &#8211; Przegl\u0105d Sportowy Onet"},"content":{"rendered":"<ol>\n<li><a href=\"https:\/\/news.google.com\/rss\/articles\/CBMirAFBVV95cUxPUF9KOG94UThVSnc0dHVzOHgta01fcG1ySms3SEpJM0xCblJkMlFMT2h4ZC0xdkx0aHZJMUxIVmtBSkxwNUJudnE4QnB5dThyaHp1T2hrSjhkNllrOU9DNUh5QmpRUE42Q1dSaUVNeW1Vam1ZNV9ZSXVjY1JMQ0YxcWtrVW5xbUVnRWxNMEgyYVN2QWw3ekJ5eW5zSER2Wl9JbnVETk5JUWZOdnFN?oc=5\" target=\"_blank\" rel=\"nofollow noopener\">Aryna Sabalenka wyprzedzi\u0142a Ig\u0119 \u015awi\u0105tek! S\u0105 wyniki. WTA og\u0142asza<\/a>&nbsp;&nbsp;Przegl\u0105d Sportowy Onet<\/li>\n<li><a href=\"https:\/\/news.google.com\/rss\/articles\/CBMitgFBVV95cUxQRkwxcU1zdjZOMGtBaVdxSEpncV9GZVQ4OVhZMENvT2Fybk81ek1QVmJlZ0Jvd1hILXZwclNERHFsQXh0Q241YWVleXdWdkdnUlNkOXFsaVhxcEZ5TV9xVFhtWUxjTUEwR20xam1qelFhcTVheGZWUlhjWlNFOW5iREFRRnhOWFFhOVpORHEwb2p5RXZrOVpfcDJ3eUtYbGVXYU1WckhlbUxXMHdtellQaHd5RFRnZw?oc=5\" target=\"_blank\" rel=\"nofollow noopener\">Zgas\u0142a ostatnia nadzieja Igi \u015awi\u0105tek. Koniec spekulacji. Oficjalny komunikat WTA<\/a>&nbsp;&nbsp;Sport w INTERIA.PL<\/li>\n<li><a href=\"https:\/\/news.google.com\/rss\/articles\/CBMimwFBVV95cUxQU21UekRVUVIyLWZRT1FweHNnVlNPR2pGVDQyMG9QWWZHV0F1bXNiT1ZFM0lrV0c2WkgtUFhLQktOakJXMkFEZWhEa0xnMG5qUHBXYUNHLXhFUzRKbVNLbUs4YVd3VTgwalRjbXpMdzVIZE5pdERyN0dmbXN1a0FyMHdMdHMyb2QzNWlkN25sc3NtVnBINmNncDk2bw?oc=5\" target=\"_blank\" rel=\"nofollow noopener\">\u015awi\u0105tek pomini\u0119ta. WTA przyzna\u0142a nagrody za sezon 2025<\/a>&nbsp;&nbsp;SportoweFakty<\/li>\n<li><a href=\"https:\/\/news.google.com\/rss\/articles\/CBMiqwFBVV95cUxQUXlhT24wWE1xTjd2TEV3LVlONkgtS0w3ejFIdWo3YWZSaVdQeUg2cVNGemtjZktyaGJBQ3FfdWZuZV8yMF9lcW1qdWhOM0ZraWVyMVZOZVpKSFVZd2xIbHlpUHRiRjhsSl9JTDZBZzV3dVN2OHFnRVZrWjFmWDRLaDZGSGVLb2dtaDBDeHlMb0VhX1ZCUnJnNmU4TjE1WElidmxseXgybmRFV00?oc=5\" target=\"_blank\" rel=\"nofollow noopener\">Kibice wybrali ulubion\u0105 tenisistk\u0119 roku 2025. Burza w sieci Tenis<\/a>&nbsp;&nbsp;Sport.pl<\/li>\n<li><a href=\"https:\/\/news.google.com\/rss\/articles\/CBMiowFBVV95cUxOWEJFangxS2p5b09yallQeU5MajYyeGVGM1BqNnJTNngyRGtqaVpIb296Z1lqX3ZQLVFka1RyV1IzRFZ6MFBxbGNjZWs4dnJ6anhMZG1rZy1WSmFTYjhjVGlLSkZ4el9Kc2tSZ1pjSVdvS18tOVlnWURSeV9WVzM0Wk1KN2VrX3JNVkp0czM4aTJFX2FfTlFjeWluRGw3XzhWUU80?oc=5\" target=\"_blank\" rel=\"nofollow noopener\">WTA og\u0142asza oficjalnie! \u015awi\u0105tek przegra\u0142a z Sabalenk\u0105<\/a>&nbsp;&nbsp;www.polsatsport.pl<\/li>\n<\/ol>\n","protected":false},"excerpt":{"rendered":"Aryna Sabalenka wyprzedzi\u0142a Ig\u0119 \u015awi\u0105tek! S\u0105 wyniki. WTA og\u0142asza&nbsp;&nbsp;Przegl\u0105d Sportowy Onet Zgas\u0142a ostatnia nadzieja Igi \u015awi\u0105tek. Koniec spekulacji.&hellip;\n","protected":false},"author":2,"featured_media":152359,"comment_status":"","ping_status":"","sticky":false,"template":"","format":"standard","meta":{"footnotes":""},"categories":[24],"tags":[7544,1352,5218,19590,252,67,13838,549,42,38,40,39,41,136,28861,128,47,127,135,126,156,22568,130,17823],"class_list":{"0":"post-152358","1":"post","2":"type-post","3":"status-publish","4":"format-standard","5":"has-post-thumbnail","7":"category-sport","8":"tag-amanda_anisimova","9":"tag-aryna_sabalenka","10":"tag-coco_gauff","11":"tag-elena_rybakina","12":"tag-iga_swiatek","13":"tag-intextvideo_splayer","14":"tag-madison_keys","15":"tag-pber","16":"tag-pl","17":"tag-poland","18":"tag-polish","19":"tag-polska","20":"tag-polski","21":"tag-ps_detal_new","22":"tag-ps_omp_tst0","23":"tag-psv2","24":"tag-screening_general","25":"tag-sport","26":"tag-sport_sport","27":"tag-sports","28":"tag-tenis","29":"tag-us_open","30":"tag-wiadomosci_sportowe","31":"tag-wimbledon"},"share_on_mastodon":{"url":"https:\/\/pubeurope.com\/@pl\/115724534829994275","error":""},"_links":{"self":[{"href":"https:\/\/www.europesays.com\/pl\/wp-json\/wp\/v2\/posts\/152358","targetHints":{"allow":["GET"]}}],"collection":[{"href":"https:\/\/www.europesays.com\/pl\/wp-json\/wp\/v2\/posts"}],"about":[{"href":"https:\/\/www.europesays.com\/pl\/wp-json\/wp\/v2\/types\/post"}],"author":[{"embeddable":true,"href":"https:\/\/www.europesays.com\/pl\/wp-json\/wp\/v2\/users\/2"}],"replies":[{"embeddable":true,"href":"https:\/\/www.europesays.com\/pl\/wp-json\/wp\/v2\/comments?post=152358"}],"version-history":[{"count":0,"href":"https:\/\/www.europesays.com\/pl\/wp-json\/wp\/v2\/posts\/152358\/revisions"}],"wp:featuredmedia":[{"embeddable":true,"href":"https:\/\/www.europesays.com\/pl\/wp-json\/wp\/v2\/media\/152359"}],"wp:attachment":[{"href":"https:\/\/www.europesays.com\/pl\/wp-json\/wp\/v2\/media?parent=152358"}],"wp:term":[{"taxonomy":"category","embeddable":true,"href":"https:\/\/www.europesays.com\/pl\/wp-json\/wp\/v2\/categories?post=152358"},{"taxonomy":"post_tag","embeddable":true,"href":"https:\/\/www.europesays.com\/pl\/wp-json\/wp\/v2\/tags?post=152358"}],"curies":[{"name":"wp","href":"https:\/\/api.w.org\/{rel}","templated":true}]}}