{"id":152364,"date":"2025-12-15T16:33:05","date_gmt":"2025-12-15T16:33:05","guid":{"rendered":"https:\/\/www.europesays.com\/pl\/152364\/"},"modified":"2025-12-15T16:33:05","modified_gmt":"2025-12-15T16:33:05","slug":"dlaczego-donald-trump-chce-sie-pozbyc-wolodymyra-zelenskiego","status":"publish","type":"post","link":"https:\/\/www.europesays.com\/pl\/152364\/","title":{"rendered":"Dlaczego Donald Trump chce si\u0119 pozby\u0107 Wo\u0142odymyra Ze\u0142enskiego?"},"content":{"rendered":"<p>                <a data-gtm-trigger=\"image\" href=\"https:\/\/www.rp.pl\/dyplomacja\/art43474101-reset-usa-z-rosja-z-wielkimi-pieniedzmi-w-tle-chodzi-m-in-o-nord-stream\" class=\"contentLink\" rel=\"nofollow noopener\" target=\"_blank\"><\/p>\n<p>            <img loading=\"lazy\" decoding=\"async\" src=\"https:\/\/www.europesays.com\/pl\/wp-content\/uploads\/2025\/12\/donald-trump-i-wladimir-putin\"  alt=\"Donald Trump i W\u0142adimir Putin\" class=\"has--dimensions  lazyLoad\" width=\"108\" height=\"108\"\/><\/p>\n<p>                <\/a><\/p>\n<p class=\"articleBodyBlock article--paragraph\" id=\"block-id-8joTsOcH4B\">\n    Lwia cz\u0119\u015b\u0107 Ukrai\u0144c\u00f3w (75 proc.) zdecydowanie odrzuca <a href=\"https:\/\/www.rp.pl\/dyplomacja\/art43376841-znamy-wszystkie-28-punktow-planu-pokojowego-donalda-trumpa-dla-rosji-i-ukrainy-oto-ich-tresc\" target=\"_blank\" rel=\"follow nofollow noopener\">plan pokojowy<\/a>, kt\u00f3ry zak\u0142ada wycofanie ukrai\u0144skich si\u0142 z Donbasu, ograniczenie liczebno\u015bci armii ukrai\u0144skiej czy nadanie rosyjskiemu statusu j\u0119zyka pa\u0144stwowego. Wi\u0119kszo\u015b\u0107 respondent\u00f3w uwa\u017ca, \u017ce wojna powinna si\u0119 zatrzyma\u0107 na obecnej linii frontu, bez \u017cadnych ust\u0119pstw terytorialnych. Ukrai\u0144cy nie wierz\u0105 te\u017c w szybkie zako\u0144czenie wojny. Jedynie 9 proc. ankietowanych my\u015bli, \u017ce wojna ustanie w tym roku albo na pocz\u0105tku nast\u0119pnego. Co czwarty Ukrainiec dopuszcza mo\u017cliwo\u015b\u0107 zako\u0144czenia wojny do ko\u0144ca przysz\u0142ego roku. Niemal co trzeci ankietowany uwa\u017ca jednak, \u017ce najwcze\u015bniej konflikt ustanie dopiero w 2027 r. albo nawet p\u00f3\u017aniej.\u00a0\n<\/p>\n<p>    Ukraina rezygnuje z d\u0105\u017cenia do cz\u0142onkostwa w NATO? Kijowski politolog: Wo\u0142odymyr Ze\u0142enski nie powiedzia\u0142 nic nowego<\/p>\n<p class=\"articleBodyBlock article--paragraph\" id=\"block-id-9FiLSwIJVu\">\n    W biurze prezydenta Ukrainy doskonale zdaj\u0105 sobie spraw\u0119 z nastroj\u00f3w Ukrai\u0144c\u00f3w. Jednak po <a href=\"https:\/\/www.rp.pl\/polityka\/art41864771-klotnia-w-bialym-domu-trump-oskarza-zelenskiego-o-igranie-z-iii-wojna-swiatowa\" target=\"_blank\" rel=\"follow nofollow noopener\">lutowej k\u0142\u00f3tni w Bia\u0142ym Domu<\/a> w\u0142adze w Kijowie najwyra\u017aniej pr\u00f3buj\u0105 unika\u0107 eskalacji w relacjach z USA i nie chc\u0105 przyspiesza\u0107 zbli\u017cenia Waszyngtonu z Moskw\u0105. Wol\u0105 wi\u0119c przytakiwa\u0107, a nie odrzuca\u0107 nawet najbardziej w\u0105tpliwych pomys\u0142\u00f3w Trumpa.\n<\/p>\n<p class=\"articleBodyBlock article--paragraph\" id=\"block-id-NbapDBxR_x\">\n    Nieoficjalnie w Kijowie m\u00f3wi si\u0119, \u017ce w zesz\u0142ym tygodniu w biurze prezydenta odby\u0142o si\u0119 ju\u017c pierwsze spotkanie w sprawie mo\u017cliwo\u015bci zmiany prawa wyborczego. Wcze\u015bniej prezydent Ukrainy poprosi\u0142 parlament o zaproponowanie prawnych mo\u017cliwo\u015bci przeprowadzenia wybor\u00f3w podczas stanu wojennego. Zaznaczy\u0142 jednak, \u017ce musia\u0142oby doj\u015b\u0107 do zawieszenia broni, a zachodni partnerzy Ukrainy musieliby zapewni\u0107 bezpiecze\u0144stwo w trakcie takich wybor\u00f3w. Trudno nawet sobie wyobrazi\u0107, jak wygl\u0105da\u0142aby debata kandydat\u00f3w na prezydenta kraju, kt\u00f3ry po wyborach mo\u017ce wr\u00f3ci\u0107 do wojny na pe\u0142n\u0105 skal\u0119, nie ma zawartego porozumienia pokojowego, nie otrzyma\u0142 twardych gwarancji bezpiecze\u0144stwa i nie ma pewno\u015bci, \u017ce za rok czy dwa Zach\u00f3d nadal b\u0119dzie dok\u0142ada\u0142 setki miliard\u00f3w dolar\u00f3w do ukrai\u0144skiego bud\u017cetu.\n<\/p>\n<p>        Nie b\u0119dzie \u017cadnych wybor\u00f3w, dop\u00f3ki nie dojdzie do zawieszenia broni i nie zapanuje trwa\u0142y pok\u00f3j. My\u015bl\u0119, \u017ce Rada Najwy\u017csza i r\u00f3\u017cne si\u0142y polityczne powinny wyda\u0107 odpowiednie o\u015bwiadczenie w tej sprawie. Bo tego oczekuje wi\u0119kszo\u015b\u0107 ukrai\u0144skiego spo\u0142ecze\u0144stwa.<\/p>\n<p class=\"author pt-2 md:pt-3\">Wo\u0142odymyr Fesenko, czo\u0142owy ukrai\u0144ski politolog<\/p>\n<p class=\"articleBodyBlock article--paragraph\" id=\"block-id-9B1XCVK0_r\">\n    \u2013 Nie b\u0119dzie \u017cadnych wybor\u00f3w, dop\u00f3ki nie dojdzie do zawieszenia broni i nie zapanuje trwa\u0142y pok\u00f3j. My\u015bl\u0119, \u017ce Rada Najwy\u017csza i r\u00f3\u017cne si\u0142y polityczne powinny wyda\u0107 odpowiednie o\u015bwiadczenie w tej sprawie. Bo tego oczekuje wi\u0119kszo\u015b\u0107 ukrai\u0144skiego spo\u0142ecze\u0144stwa \u2013 uwa\u017ca Fesenko.<\/p>\n","protected":false},"excerpt":{"rendered":"Lwia cz\u0119\u015b\u0107 Ukrai\u0144c\u00f3w (75 proc.) zdecydowanie odrzuca plan pokojowy, kt\u00f3ry zak\u0142ada wycofanie ukrai\u0144skich si\u0142 z Donbasu, ograniczenie liczebno\u015bci&hellip;\n","protected":false},"author":2,"featured_media":152365,"comment_status":"","ping_status":"","sticky":false,"template":"","format":"standard","meta":{"footnotes":""},"categories":[14],"tags":[32,33,27,34,35,28,31,25,40,41,80,29,30,26,82,83,84],"class_list":{"0":"post-152364","1":"post","2":"type-post","3":"status-publish","4":"format-standard","5":"has-post-thumbnail","7":"category-swiat","8":"tag-breaking-news","9":"tag-breakingnews","10":"tag-headlines","11":"tag-latest-news","12":"tag-latestnews","13":"tag-naglowki","14":"tag-najwazniejsze-artykuly","15":"tag-news","16":"tag-polish","17":"tag-polski","18":"tag-swiat","19":"tag-top-stories","20":"tag-topstories","21":"tag-wiadomosci","22":"tag-world","23":"tag-world-news","24":"tag-worldnews"},"share_on_mastodon":{"url":"https:\/\/pubeurope.com\/@pl\/115724550785836427","error":""},"_links":{"self":[{"href":"https:\/\/www.europesays.com\/pl\/wp-json\/wp\/v2\/posts\/152364","targetHints":{"allow":["GET"]}}],"collection":[{"href":"https:\/\/www.europesays.com\/pl\/wp-json\/wp\/v2\/posts"}],"about":[{"href":"https:\/\/www.europesays.com\/pl\/wp-json\/wp\/v2\/types\/post"}],"author":[{"embeddable":true,"href":"https:\/\/www.europesays.com\/pl\/wp-json\/wp\/v2\/users\/2"}],"replies":[{"embeddable":true,"href":"https:\/\/www.europesays.com\/pl\/wp-json\/wp\/v2\/comments?post=152364"}],"version-history":[{"count":0,"href":"https:\/\/www.europesays.com\/pl\/wp-json\/wp\/v2\/posts\/152364\/revisions"}],"wp:featuredmedia":[{"embeddable":true,"href":"https:\/\/www.europesays.com\/pl\/wp-json\/wp\/v2\/media\/152365"}],"wp:attachment":[{"href":"https:\/\/www.europesays.com\/pl\/wp-json\/wp\/v2\/media?parent=152364"}],"wp:term":[{"taxonomy":"category","embeddable":true,"href":"https:\/\/www.europesays.com\/pl\/wp-json\/wp\/v2\/categories?post=152364"},{"taxonomy":"post_tag","embeddable":true,"href":"https:\/\/www.europesays.com\/pl\/wp-json\/wp\/v2\/tags?post=152364"}],"curies":[{"name":"wp","href":"https:\/\/api.w.org\/{rel}","templated":true}]}}