{"id":152366,"date":"2025-12-15T16:34:10","date_gmt":"2025-12-15T16:34:10","guid":{"rendered":"https:\/\/www.europesays.com\/pl\/152366\/"},"modified":"2025-12-15T16:34:10","modified_gmt":"2025-12-15T16:34:10","slug":"jelenia-gora-cialo-nastolatki-w-poblizu-szkoly-wszystko-wskazuje-na-zabojstwo","status":"publish","type":"post","link":"https:\/\/www.europesays.com\/pl\/152366\/","title":{"rendered":"Jelenia G\u00f3ra. Cia\u0142o nastolatki w pobli\u017cu szko\u0142y. &#8222;Wszystko wskazuje na zab\u00f3jstwo&#8221;"},"content":{"rendered":"<p>W skr\u00f3cie<\/p>\n<ul class=\"typography ids-typeset-body ids-typeset-body--preset-large list ids-list ids-list--unordered ids-list--size-large \" datatype=\"disc\">\n<li class=\"ids-list-item\">\n<p>Cia\u0142o 12-letniej dziewczynki znaleziono w pobli\u017cu szko\u0142y podstawowej w Jeleniej G\u00f3rze.<\/p>\n<\/li>\n<li class=\"ids-list-item\">\n<p>Policja potwierdza, \u017ce wszystko wskazuje na zab\u00f3jstwo.<\/p>\n<\/li>\n<li class=\"ids-list-item\">\n<p>\u015aledztwo prowadzone jest przez Prokuratur\u0119 Rejonow\u0105, szczeg\u00f3\u0142y sprawy s\u0105 utajnione.<\/p>\n<\/li>\n<li class=\"ids-list-item\"><\/li>\n<\/ul>\n<p class=\"typography ids-typeset-body ids-typeset-body--preset-large link paragraph ids-paragraph ids-paragraph--default\">Jak przekaza\u0142 Interii starszy aspirant \u0141ukasz Por\u0119bski z dolno\u015bl\u0105skiej policji, zg\u0142oszenie o ujawnieniu zw\u0142ok w pobli\u017cu szko\u0142y podstawowej w Jeleniej G\u00f3rze wp\u0142yn\u0119\u0142o\u00a0oko\u0142o godz. 14.50. &#8211; Informowano, \u017ce to najprawdopodobniej dziecko &#8211; przekaza\u0142.<\/p>\n<p class=\"typography ids-typeset-body ids-typeset-body--preset-large link paragraph ids-paragraph ids-paragraph--default\">Podinspektor Edyta Bagrowska z policji w Jeleniej G\u00f3rze przekaza\u0142a, \u017ce najprawdopodobniej dosz\u0142o do zab\u00f3jstwa 12-latki. Doda\u0142a, \u017ce nie ma innych ofiar. &#8211; Trwaj\u0105 czynno\u015bci wyja\u015bniaj\u0105ce w tej sprawie &#8211; o\u015bwiadczy\u0142a.<\/p>\n<p class=\"typography ids-typeset-body ids-typeset-body--preset-large link paragraph ids-paragraph ids-paragraph--default\">&#8211; Na miejsce wys\u0142ano patrol, kt\u00f3ry to potwierdzi\u0142. Prokuratura podj\u0119\u0142a \u015bledztwo &#8211; m\u00f3wi\u0142 starszy aspirant \u0141ukasz Por\u0119bski z KWP we Wroc\u0142awiu.<\/p>\n<p>Tragedia w Jeleniej G\u00f3rze. Cia\u0142o znaleziono przy szkole<\/p>\n<p class=\"typography ids-typeset-body ids-typeset-body--preset-large link paragraph ids-paragraph ids-paragraph--default\">Prokuratura Rejonowa w Jeleniej G\u00f3rze przej\u0119\u0142a spraw\u0119, wszczynaj\u0105c \u015bledztwo i utajniaj\u0105c szczeg\u00f3\u0142owe informacje. &#8211; Z uwagi na to, \u017ce podejrzewany jest czyn wype\u0142niaj\u0105cy znamiona przest\u0119pstwa &#8211; doda\u0142 st. asp. \u0141ukasz Por\u0119bski.<\/p>\n<p class=\"typography ids-typeset-body ids-typeset-body--preset-large link paragraph ids-paragraph ids-paragraph--default\">Cia\u0142o mia\u0142o zosta\u0107 odnalezione w poniedzia\u0142ek na ulicy Wyspia\u0144skiego w Jeleniej G\u00f3rze, oko\u0142o 200 m od szko\u0142y podstawowej &#8211; poda\u0142 jako pierwszy reporter RMF24.<\/p>\n<p>\u015amiszek: Prezydent &#8222;podpala&#8221; spok\u00f3j spo\u0142eczny i robi wojn\u0119 domow\u0105Polsat NewsPolsat News<\/p>\n<p><a class=\"ids-undecorated-link source ids-page-info--source__link\" href=\"https:\/\/www.interia.pl\" rel=\"nofollow noopener\" target=\"_blank\"><img decoding=\"async\" class=\"ids-image-holder__img\" loading=\"lazy\" alt=\"\" title=\"\" height=\"24px\" src=\"https:\/\/www.europesays.com\/pl\/wp-content\/uploads\/2025\/12\/1765807331_324_0009A60QQ5I2TYF7-C202-F4.webp.webp\"\/><\/a><\/p>\n<p>Masz sugestie, uwagi albo widzisz b\u0142\u0105d? Napisz do nas<\/p>\n","protected":false},"excerpt":{"rendered":"W skr\u00f3cie Cia\u0142o 12-letniej dziewczynki znaleziono w pobli\u017cu szko\u0142y podstawowej w Jeleniej G\u00f3rze. Policja potwierdza, \u017ce wszystko wskazuje&hellip;\n","protected":false},"author":2,"featured_media":152367,"comment_status":"","ping_status":"","sticky":false,"template":"","format":"standard","meta":{"footnotes":""},"categories":[12],"tags":[32,33,36,37,27,34,35,28,31,25,42,38,40,39,41,29,30,26],"class_list":{"0":"post-152366","1":"post","2":"type-post","3":"status-publish","4":"format-standard","5":"has-post-thumbnail","7":"category-polska","8":"tag-breaking-news","9":"tag-breakingnews","10":"tag-featured-news","11":"tag-featurednews","12":"tag-headlines","13":"tag-latest-news","14":"tag-latestnews","15":"tag-naglowki","16":"tag-najwazniejsze-artykuly","17":"tag-news","18":"tag-pl","19":"tag-poland","20":"tag-polish","21":"tag-polska","22":"tag-polski","23":"tag-top-stories","24":"tag-topstories","25":"tag-wiadomosci"},"share_on_mastodon":{"url":"https:\/\/pubeurope.com\/@pl\/115724554634499544","error":""},"_links":{"self":[{"href":"https:\/\/www.europesays.com\/pl\/wp-json\/wp\/v2\/posts\/152366","targetHints":{"allow":["GET"]}}],"collection":[{"href":"https:\/\/www.europesays.com\/pl\/wp-json\/wp\/v2\/posts"}],"about":[{"href":"https:\/\/www.europesays.com\/pl\/wp-json\/wp\/v2\/types\/post"}],"author":[{"embeddable":true,"href":"https:\/\/www.europesays.com\/pl\/wp-json\/wp\/v2\/users\/2"}],"replies":[{"embeddable":true,"href":"https:\/\/www.europesays.com\/pl\/wp-json\/wp\/v2\/comments?post=152366"}],"version-history":[{"count":0,"href":"https:\/\/www.europesays.com\/pl\/wp-json\/wp\/v2\/posts\/152366\/revisions"}],"wp:featuredmedia":[{"embeddable":true,"href":"https:\/\/www.europesays.com\/pl\/wp-json\/wp\/v2\/media\/152367"}],"wp:attachment":[{"href":"https:\/\/www.europesays.com\/pl\/wp-json\/wp\/v2\/media?parent=152366"}],"wp:term":[{"taxonomy":"category","embeddable":true,"href":"https:\/\/www.europesays.com\/pl\/wp-json\/wp\/v2\/categories?post=152366"},{"taxonomy":"post_tag","embeddable":true,"href":"https:\/\/www.europesays.com\/pl\/wp-json\/wp\/v2\/tags?post=152366"}],"curies":[{"name":"wp","href":"https:\/\/api.w.org\/{rel}","templated":true}]}}