{"id":152368,"date":"2025-12-15T16:35:08","date_gmt":"2025-12-15T16:35:08","guid":{"rendered":"https:\/\/www.europesays.com\/pl\/152368\/"},"modified":"2025-12-15T16:35:08","modified_gmt":"2025-12-15T16:35:08","slug":"skuteczny-cios-w-moskwe-oto-co-sie-stalo-z-cenami-ropy","status":"publish","type":"post","link":"https:\/\/www.europesays.com\/pl\/152368\/","title":{"rendered":"Skuteczny cios w Moskw\u0119. Oto co si\u0119 sta\u0142o z cenami ropy"},"content":{"rendered":"<p>37 dol. za bary\u0142k\u0119 ropy Urals to najni\u017cszy poziom od po\u0142owy 2020 r., czyli czasu pandemicznego za\u0142amania popytu. Analitycy Refleksu zwracaj\u0105 uwag\u0119, \u017ce w\u00a0ci\u0105gu ostatniego roku Urals potania\u0142a o\u00a025,78 dol. na bary\u0142ce, podczas gdy cena ropy Brent, czyli gatunku wydobywanego przez zachodnie koncerny na Morzu P\u00f3\u0142nocnym, spad\u0142a o\u00a011,53 dol. <\/p>\n<p>Analitycy t\u0142umacz\u0105 te\u017c, \u017ce wyra\u017ane przyspieszenie spadk\u00f3w ceny rosyjskiej ropy nast\u0105pi\u0142o po wej\u015bciu w\u00a0\u017cycie ameryka\u0144skich restrykcji wobec rosyjskich firm naftowych.<\/p>\n<p>Zarobi\u0142 miliony. M\u00f3wi o\u00a0swoich kompleksach <\/p>\n<p>&#8222;W sumie od 21 listopada, czyli momentu wej\u015bcia w\u00a0\u017cycie ameryka\u0144skich sankcji, ropa Urals potania\u0142a o\u00a013,10 dol. na bary\u0142ce. W\u00a0tym samym okresie ceny ropy Brent spad\u0142y symboliczne o\u00a00,30 dol. na bary\u0142ce&#8221; &#8211;\u00a0zwracaj\u0105 uwag\u0119 w\u00a0poniedzia\u0142kowej publikacji.<\/p>\n<p>W ocenie analityk\u00f3w &#8222;presj\u0119 na spadek cen&#8221; rosyjskiej ropy, poza sankcjami, wywiera te\u017c rosn\u0105ca konkurencja na rynku azjatyckim, gdzie trafia ponad 85 proc. eksportowanej rosyjskiej ropy naftowej. &#8222;Arabia Saudyjska po obni\u017cce cen sprzeda\u017cy swojej ropy naftowej dla rynk\u00f3w azjatyckich na grudzie\u0144 zdecydowa\u0142a si\u0119 na podobny ruch w\u00a0styczniu&#8221; &#8211;\u00a0zauwa\u017caj\u0105 eksperci.<\/p>\n","protected":false},"excerpt":{"rendered":"37 dol. za bary\u0142k\u0119 ropy Urals to najni\u017cszy poziom od po\u0142owy 2020 r., czyli czasu pandemicznego za\u0142amania popytu.&hellip;\n","protected":false},"author":2,"featured_media":152369,"comment_status":"","ping_status":"","sticky":false,"template":"","format":"standard","meta":{"footnotes":""},"categories":[5],"tags":[32,33,36,37,27,34,35,28,31,25,42,38,40,39,41,29,30,26],"class_list":{"0":"post-152368","1":"post","2":"type-post","3":"status-publish","4":"format-standard","5":"has-post-thumbnail","7":"category-naglowki","8":"tag-breaking-news","9":"tag-breakingnews","10":"tag-featured-news","11":"tag-featurednews","12":"tag-headlines","13":"tag-latest-news","14":"tag-latestnews","15":"tag-naglowki","16":"tag-najwazniejsze-artykuly","17":"tag-news","18":"tag-pl","19":"tag-poland","20":"tag-polish","21":"tag-polska","22":"tag-polski","23":"tag-top-stories","24":"tag-topstories","25":"tag-wiadomosci"},"share_on_mastodon":{"url":"https:\/\/pubeurope.com\/@pl\/115724558670978521","error":""},"_links":{"self":[{"href":"https:\/\/www.europesays.com\/pl\/wp-json\/wp\/v2\/posts\/152368","targetHints":{"allow":["GET"]}}],"collection":[{"href":"https:\/\/www.europesays.com\/pl\/wp-json\/wp\/v2\/posts"}],"about":[{"href":"https:\/\/www.europesays.com\/pl\/wp-json\/wp\/v2\/types\/post"}],"author":[{"embeddable":true,"href":"https:\/\/www.europesays.com\/pl\/wp-json\/wp\/v2\/users\/2"}],"replies":[{"embeddable":true,"href":"https:\/\/www.europesays.com\/pl\/wp-json\/wp\/v2\/comments?post=152368"}],"version-history":[{"count":0,"href":"https:\/\/www.europesays.com\/pl\/wp-json\/wp\/v2\/posts\/152368\/revisions"}],"wp:featuredmedia":[{"embeddable":true,"href":"https:\/\/www.europesays.com\/pl\/wp-json\/wp\/v2\/media\/152369"}],"wp:attachment":[{"href":"https:\/\/www.europesays.com\/pl\/wp-json\/wp\/v2\/media?parent=152368"}],"wp:term":[{"taxonomy":"category","embeddable":true,"href":"https:\/\/www.europesays.com\/pl\/wp-json\/wp\/v2\/categories?post=152368"},{"taxonomy":"post_tag","embeddable":true,"href":"https:\/\/www.europesays.com\/pl\/wp-json\/wp\/v2\/tags?post=152368"}],"curies":[{"name":"wp","href":"https:\/\/api.w.org\/{rel}","templated":true}]}}