{"id":152404,"date":"2025-12-15T16:54:16","date_gmt":"2025-12-15T16:54:16","guid":{"rendered":"https:\/\/www.europesays.com\/pl\/152404\/"},"modified":"2025-12-15T16:54:16","modified_gmt":"2025-12-15T16:54:16","slug":"w-berlinie-zakonczyla-sie-druga-runda-rozmow-zelenskiego-z-wyslannikami-trumpa","status":"publish","type":"post","link":"https:\/\/www.europesays.com\/pl\/152404\/","title":{"rendered":"W Berlinie zako\u0144czy\u0142a si\u0119 druga runda rozm\u00f3w Ze\u0142enskiego z wys\u0142annikami Trumpa"},"content":{"rendered":"<p class=\"ods-c-paragraph \">Po zako\u0144czeniu rozm\u00f3w z delegacj\u0105 USA Ze\u0142enski uda\u0142 si\u0119 na spotkanie z prezydentem Niemiec Frankiem-Walterem Steinmeierem \u2014 poda\u0142a agencja Interfax-Ukraina.<\/p>\n<p>Dalszy ci\u0105g artyku\u0142u pod materia\u0142em wideo<\/p>\n<p> Kto uczestniczy\u0142 w rozmowach w Berlinie? <\/p>\n<p> Jakie tematy by\u0142y poruszane podczas negocjacji? <\/p>\n<p> Co wynika z zdj\u0119\u0107 opublikowanych po spotkaniach? <\/p>\n<p> Z kim spotka\u0142 si\u0119 Ze\u0142enski po rozmowach z delegacj\u0105 USA? <\/p>\n<p>  Dwudniowe rozmowy o Ukrainie<\/p>\n<p class=\"ods-c-paragraph \">Ze\u0142enski przyby\u0142 do Berlina w niedziel\u0119. Tego samego dnia odby\u0142a si\u0119 pierwsza runda rozm\u00f3w ukrai\u0144skiej delegacji z wys\u0142annikami prezydenta USA. Negocjacje dotyczy\u0142y m.in. mo\u017cliwego zawieszenia broni mi\u0119dzy Ukrain\u0105 a Rosj\u0105.<\/p>\n<p class=\"ods-c-paragraph \">W spotkaniach wzi\u0119li udzia\u0142: sekretarz Rady Bezpiecze\u0144stwa Narodowego i Obrony Ukrainy Rustem Umierow, szef Sztabu Generalnego Ministerstwa Obrony Ukrainy Andrij Hnatow, wiceminister spraw zagranicznych Serhij Kys\u0142ycia oraz doradca szefa Biura Prezydenta O\u0142eksandr Bewz.<\/p>\n<p class=\"ods-c-paragraph \">Po stronie Ukrainy w rozmowach uczestniczy tak\u017ce kanclerz Niemiec Friedrich Merz.<\/p>\n<p class=\"ods-c-paragraph \">Z opublikowanych zdj\u0119\u0107 wynika, \u017ce po stronie ameryka\u0144skiej \u2014 obok Witkoffa i Kushnera \u2014 w rozmowach uczestniczy naczelny dow\u00f3dca po\u0142\u0105czonych si\u0142 zbrojnych NATO w Europie, genera\u0142 Alexus Grynkewich \u2014 napisa\u0142 Interfax.<\/p>\n<p class=\"ods-c-paragraph \">Po kilku godzinach rozm\u00f3w w niedziel\u0119 Witkoff o\u015bwiadczy\u0142, \u017ce strony przeprowadzi\u0142y pog\u0142\u0119bione dyskusje dotycz\u0105ce 20-punktowego planu pokojowego, kwestii gospodarczych oraz innych temat\u00f3w i osi\u0105gn\u0119\u0142y &#8222;znacz\u0105cy post\u0119p&#8221;.<\/p>\n","protected":false},"excerpt":{"rendered":"Po zako\u0144czeniu rozm\u00f3w z delegacj\u0105 USA Ze\u0142enski uda\u0142 si\u0119 na spotkanie z prezydentem Niemiec Frankiem-Walterem Steinmeierem \u2014 poda\u0142a&hellip;\n","protected":false},"author":2,"featured_media":152405,"comment_status":"","ping_status":"","sticky":false,"template":"","format":"standard","meta":{"footnotes":""},"categories":[14],"tags":[2762,32,33,44,27,11049,34,35,28,31,48,25,46,40,41,47,11050,80,29,30,415,26,309,82,83,84],"class_list":{"0":"post-152404","1":"post","2":"type-post","3":"status-publish","4":"format-standard","5":"has-post-thumbnail","7":"category-swiat","8":"tag-berlin","9":"tag-breaking-news","10":"tag-breakingnews","11":"tag-donald_trump","12":"tag-headlines","13":"tag-jared_kushner","14":"tag-latest-news","15":"tag-latestnews","16":"tag-naglowki","17":"tag-najwazniejsze-artykuly","18":"tag-nat_styl","19":"tag-news","20":"tag-omp","21":"tag-polish","22":"tag-polski","23":"tag-screening_general","24":"tag-steve_witkoff","25":"tag-swiat","26":"tag-top-stories","27":"tag-topstories","28":"tag-ukraina","29":"tag-wiadomosci","30":"tag-wolodymyr_zelenski","31":"tag-world","32":"tag-world-news","33":"tag-worldnews"},"share_on_mastodon":{"url":"https:\/\/pubeurope.com\/@pl\/115724633170380905","error":""},"_links":{"self":[{"href":"https:\/\/www.europesays.com\/pl\/wp-json\/wp\/v2\/posts\/152404","targetHints":{"allow":["GET"]}}],"collection":[{"href":"https:\/\/www.europesays.com\/pl\/wp-json\/wp\/v2\/posts"}],"about":[{"href":"https:\/\/www.europesays.com\/pl\/wp-json\/wp\/v2\/types\/post"}],"author":[{"embeddable":true,"href":"https:\/\/www.europesays.com\/pl\/wp-json\/wp\/v2\/users\/2"}],"replies":[{"embeddable":true,"href":"https:\/\/www.europesays.com\/pl\/wp-json\/wp\/v2\/comments?post=152404"}],"version-history":[{"count":0,"href":"https:\/\/www.europesays.com\/pl\/wp-json\/wp\/v2\/posts\/152404\/revisions"}],"wp:featuredmedia":[{"embeddable":true,"href":"https:\/\/www.europesays.com\/pl\/wp-json\/wp\/v2\/media\/152405"}],"wp:attachment":[{"href":"https:\/\/www.europesays.com\/pl\/wp-json\/wp\/v2\/media?parent=152404"}],"wp:term":[{"taxonomy":"category","embeddable":true,"href":"https:\/\/www.europesays.com\/pl\/wp-json\/wp\/v2\/categories?post=152404"},{"taxonomy":"post_tag","embeddable":true,"href":"https:\/\/www.europesays.com\/pl\/wp-json\/wp\/v2\/tags?post=152404"}],"curies":[{"name":"wp","href":"https:\/\/api.w.org\/{rel}","templated":true}]}}