{"id":152414,"date":"2025-12-15T16:59:09","date_gmt":"2025-12-15T16:59:09","guid":{"rendered":"https:\/\/www.europesays.com\/pl\/152414\/"},"modified":"2025-12-15T16:59:09","modified_gmt":"2025-12-15T16:59:09","slug":"sklepy-pozbywaja-sie-garmina-fenix-7-pro-solar-amazon-z-nowa-przecena","status":"publish","type":"post","link":"https:\/\/www.europesays.com\/pl\/152414\/","title":{"rendered":"Sklepy pozbywaj\u0105 si\u0119 Garmina Fenix 7 Pro Solar. Amazon z now\u0105 przecen\u0105"},"content":{"rendered":"<p class=\"art_paragraph\">1999 z\u0142 &#8211; za tyle w\u0142a\u015bnie mo\u017cemy dzi\u015b kupi\u0107 Garmina Fenix 7 Pro Solar 47 mm na Amazonie. Inne sklepy sprzedawaj\u0105 go od 2199 z\u0142, wi\u0119c to dobra oferta. Do kiedy b\u0119dzie taka cena? Tego nie wiadomo, chocia\u017c Amazon cz\u0119sto potrafi szybko wyprzeda\u0107 swoje oferty. Poni\u017cej odsy\u0142amy do sklepu i opisujemy specyfikacj\u0119.\u00a0<\/p>\n<p> Bateria solarna daje 22 dni pracy i 73 godziny GPS. Aplikacja EKG wykrywa migotanie przedsionk\u00f3w<\/p>\n<p class=\"art_paragraph\">Zacznijmy od funkcji solarnej. Soczewka Power Sapphire przetwarza \u015bwiat\u0142o s\u0142oneczne na energi\u0119, wyd\u0142u\u017caj\u0105c czas pracy do 22 dni w trybie zegarka lub maksymalnie 73 godzin w trybie GPS (przy u\u017cytkowaniu przez ca\u0142y okres przy o\u015bwietleniu 50 000 luks\u00f3w).<\/p>\n<p class=\"art_paragraph\"> Aplikacja EKG wykorzystuje wbudowane sensory do rejestracji sygna\u0142\u00f3w elektrycznych kontroluj\u0105cych bicie serca i analizuje dane w celu wykrycia oznak migotania przedsionk\u00f3w (AFib), co mo\u017ce by\u0107 pierwszym sygna\u0142em powa\u017cnych problem\u00f3w kardiologicznych.<\/p>\n<p class=\"art_paragraph\">Ocena gotowo\u015bci do treningu z samego rana szacuje, czy dzie\u0144 jest odpowiedni dla intensywnego wysi\u0142ku czy raczej odpoczynku &#8211; funkcja analizuje jako\u015b\u0107 snu, obci\u0105\u017cenie treningowe i inne wska\u017aniki, \u017ceby zapobiec przetrenowaniu. Poranny raport wy\u015bwietla przegl\u0105d snu, status zmienno\u015bci t\u0119tna, perspektywy treningowe i <a href=\"https:\/\/wiadomosci.gazeta.pl\/wiadomosci\/0,0.html#anchorLink\" rel=\"nofollow noopener\" target=\"_blank\">informacje<\/a> o pogodzie w jednym miejscu.<\/p>\n<p> Na uwag\u0119 zas\u0142uguje te\u017c nawidacja. Wielopasmowy GPS z SatIQ\u00a0jest precyzyjny<\/p>\n<p class=\"art_paragraph\">Technologia SatIQ z wielopasmowym <a href=\"https:\/\/next.gazeta.pl\/gps#anchorLink\" rel=\"nofollow noopener\" target=\"_blank\">GPS<\/a> (L1 + L5) zapewnia najwy\u017csz\u0105 dok\u0142adno\u015b\u0107 pozycjonowania przy jednoczesnej optymalizacji czasu dzia\u0142ania baterii &#8211; system automatycznie prze\u0142\u0105cza si\u0119 mi\u0119dzy trybami GPS w zale\u017cno\u015bci od warunk\u00f3w, wi\u0119c w g\u0119stej zabudowie czy lesie dostaje dodatkowe pasmo dla lepszej precyzji.<\/p>\n<p class=\"art_paragraph\">Fabrycznie za\u0142adowane mapy TopoActive z ca\u0142ego \u015bwiata, mapy SkiView dla ponad 2000 kurort\u00f3w narciarskich i mapy CourseView dla 43 tysi\u0119cy p\u00f3l golfowych dzia\u0142aj\u0105 bez po\u0142\u0105czenia z telefonem. Ocena formy na podbiegach mierzy poziom formy na podjazdach i ocenia post\u0119py w oparciu o pu\u0142ap tlenowy i histori\u0119 treningow\u0105 &#8211; zegarek oblicza si\u0142\u0119 podczas biegu na stromych stokach i wytrzyma\u0142o\u015b\u0107 podczas d\u0142u\u017cszych wzniesie\u0144, pokazuj\u0105c zmiany wydajno\u015bci na przestrzeni czasu. Ocena wytrzyma\u0142o\u015bci \u0142\u0105czy dane treningowe ze wszystkich aktywno\u015bci sportowych, pomagaj\u0105c zrozumie\u0107 wp\u0142yw treningu na og\u00f3ln\u0105 kondycj\u0119.<\/p>\n<p class=\"art_paragraph\">Nadgarstkowy pomiar mocy biegowej pozwala zarz\u0105dza\u0107 wysi\u0142kiem bez zewn\u0119trznych czujnik\u00f3w, a funkcja PacePro dostarcza oparte na GPS wskaz\u00f3wki tempa dla konkretnej trasy lub dystansu podczas zawod\u00f3w.<\/p>\n<p class=\"art_paragraph\">Pami\u0119\u0107 32 GB mie\u015bci playlisty z <a href=\"https:\/\/next.gazeta.pl\/next\/7,151243,29948797,spotify-odcina-sie-od-apple-uzytkownicy-iphone-ow-moga-zostac.html#anchorLink\" rel=\"nofollow noopener\" target=\"_blank\">Spotify<\/a>, Deezer czy YouTube Music dla offline s\u0142uchania podczas bieg\u00f3w, a <a href=\"https:\/\/next.gazeta.pl\/next\/7,151243,32381522,cena-petarda-na-garmin-fenix-7-pro-solar-amazon-przebil-mocno.html#anchorLink\" rel=\"nofollow noopener\" target=\"_blank\">Garmin<\/a> Pay umo\u017cliwia p\u0142atno\u015bci zbli\u017ceniowe bez telefonu. Asystent jet lagu minimalizuje skutki zmiany strefy czasowej przez wskaz\u00f3wki dotycz\u0105ce ekspozycji na \u015bwiat\u0142o, harmonogramu snu i \u0107wicze\u0144. Funkcje bezpiecze\u0144stwa wysy\u0142aj\u0105 wiadomo\u015b\u0107 z aktualn\u0105 lokalizacj\u0105 kontaktom awaryjnym w razie wypadku lub zagro\u017cenia.\u00a0<\/p>\n","protected":false},"excerpt":{"rendered":"1999 z\u0142 &#8211; za tyle w\u0142a\u015bnie mo\u017cemy dzi\u015b kupi\u0107 Garmina Fenix 7 Pro Solar 47 mm na Amazonie.&hellip;\n","protected":false},"author":2,"featured_media":152415,"comment_status":"","ping_status":"","sticky":false,"template":"","format":"standard","meta":{"footnotes":""},"categories":[20],"tags":[120,118,119,42,38,40,39,41,116,114,115,121,117],"class_list":{"0":"post-152414","1":"post","2":"type-post","3":"status-publish","4":"format-standard","5":"has-post-thumbnail","7":"category-nauka-i-technika","8":"tag-nauka","9":"tag-nauka-i-technika","10":"tag-naukatechnika","11":"tag-pl","12":"tag-poland","13":"tag-polish","14":"tag-polska","15":"tag-polski","16":"tag-science","17":"tag-science-and-technology","18":"tag-sciencetechnology","19":"tag-technika","20":"tag-technology"},"share_on_mastodon":{"url":"https:\/\/pubeurope.com\/@pl\/115724652710264205","error":""},"_links":{"self":[{"href":"https:\/\/www.europesays.com\/pl\/wp-json\/wp\/v2\/posts\/152414","targetHints":{"allow":["GET"]}}],"collection":[{"href":"https:\/\/www.europesays.com\/pl\/wp-json\/wp\/v2\/posts"}],"about":[{"href":"https:\/\/www.europesays.com\/pl\/wp-json\/wp\/v2\/types\/post"}],"author":[{"embeddable":true,"href":"https:\/\/www.europesays.com\/pl\/wp-json\/wp\/v2\/users\/2"}],"replies":[{"embeddable":true,"href":"https:\/\/www.europesays.com\/pl\/wp-json\/wp\/v2\/comments?post=152414"}],"version-history":[{"count":0,"href":"https:\/\/www.europesays.com\/pl\/wp-json\/wp\/v2\/posts\/152414\/revisions"}],"wp:featuredmedia":[{"embeddable":true,"href":"https:\/\/www.europesays.com\/pl\/wp-json\/wp\/v2\/media\/152415"}],"wp:attachment":[{"href":"https:\/\/www.europesays.com\/pl\/wp-json\/wp\/v2\/media?parent=152414"}],"wp:term":[{"taxonomy":"category","embeddable":true,"href":"https:\/\/www.europesays.com\/pl\/wp-json\/wp\/v2\/categories?post=152414"},{"taxonomy":"post_tag","embeddable":true,"href":"https:\/\/www.europesays.com\/pl\/wp-json\/wp\/v2\/tags?post=152414"}],"curies":[{"name":"wp","href":"https:\/\/api.w.org\/{rel}","templated":true}]}}