{"id":152424,"date":"2025-12-15T17:05:11","date_gmt":"2025-12-15T17:05:11","guid":{"rendered":"https:\/\/www.europesays.com\/pl\/152424\/"},"modified":"2025-12-15T17:05:11","modified_gmt":"2025-12-15T17:05:11","slug":"ukochana-pawla-delaga-sprzedaje-luksusowa-torebke-cena-szokuje","status":"publish","type":"post","link":"https:\/\/www.europesays.com\/pl\/152424\/","title":{"rendered":"Ukochana Paw\u0142a Del\u0105ga sprzedaje luksusow\u0105 torebk\u0119. Cena szokuje"},"content":{"rendered":"<p class=\"ods-c-paragraph \">Patrycja Komorowska od ponad dw\u00f3ch lat zwi\u0105zana jest z aktorem <a href=\"https:\/\/plejada.pl\/temat\/pawel-delag\/sd0evpc\" id=\"700a94a6-2d52-40c8-89d7-e04d496f628a\" rel=\"nofollow noopener\" target=\"_blank\">Paw\u0142em Del\u0105giem<\/a>. Dzieli ich 20 lat r\u00f3\u017cnicy wieku, a to bywa obiektem komentarzy w sieci. Pocz\u0105tkowo oboje chronili swoj\u0105 prywatno\u015b\u0107, ale z czasem coraz cz\u0119\u015bciej zacz\u0119li dzieli\u0107 si\u0119 wsp\u00f3lnymi zdj\u0119ciami w mediach spo\u0142eczno\u015bciowych. Komorowska regularnie pojawia si\u0119 na bran\u017cowych wydarzeniach u boku aktora, a jej stylizacje cz\u0119sto przyci\u0105gaj\u0105 uwag\u0119. Nie jest tajemnic\u0105, \u017ce w jej garderobie znajduj\u0105 si\u0119 luksusowe dodatki z najwy\u017cszej p\u00f3\u0142ki. Jednym z nich jest kultowa torebka Herm\u00e8s Birkin, kt\u00f3r\u0105 w\u0142a\u015bnie postanowi\u0142a sprzeda\u0107.<\/p>\n<p>Dalszy ci\u0105g artyku\u0142u pod materia\u0142em wideo<\/p>\n<p> Jak\u0105 torebk\u0119 sprzedaje Patrycja Komorowska? <\/p>\n<p> Ile kosztuje torebka wystawiona na sprzeda\u017c? <\/p>\n<p> Jakie s\u0105 wymagania dotycz\u0105ce zakupu torebek Herm\u00e8s? <\/p>\n<p> Od kiedy Patrycja Komorowska jest zwi\u0105zana z Paw\u0142em Del\u0105giem? <\/p>\n<p>     Partnerka Paw\u0142a Del\u0105ga sprzedaje torebk\u0119 na Instagramie. Cena zwala z n\u00f3g<\/p>\n<p class=\"ods-c-paragraph \">Na swoim profilu na Instagramie, przeznaczonym pod wyprzeda\u017c szafy, wystawi\u0142a na sprzeda\u017c torebk\u0119, podkre\u015blaj\u0105c jej idealny stan. Jak zaznaczy\u0142a, okucia wci\u0105\u017c zabezpieczone s\u0105 foli\u0105, co sugeruje, \u017ce dodatek by\u0142 u\u017cywany bardzo rzadko. Kultowy model w szarym odcieniu od razu zwraca uwag\u0119 cen\u0105. Patrycja Komorowska wystawi\u0142a go za 70 tys. z\u0142. Warto podkre\u015bli\u0107, \u017ce jej zakup z pierwszej r\u0119ki nie nale\u017cy do najprostszych. Francuski dom mody umo\u017cliwia jego sprzeda\u017c wy\u0142\u0105cznie klientom posiadaj\u0105cym zweryfikowan\u0105 list\u0119 wcze\u015bniejszych transakcji zakupowych.<\/p>\n<p><img decoding=\"async\" src=\"https:\/\/www.europesays.com\/pl\/wp-content\/uploads\/2025\/12\/Yqck9lBaHR0cHM6Ly9vY2RuLmV1L3B1bHNjbXMvTURBXy9jMzMwYTlmNDYxMmI4NTBkZmZmNTRhYjJjMDYwN2E5MS5wbmeRlQLNA.jpeg\" height=\"529\" width=\"940\" alt=\"Torebka Hermes Birkin wystawiona na sprzeda\u017c przez Patrycj\u0119 Komorowsk\u0105\" loading=\"lazy\" class=\"ods-c-image__img ods-c-image__img--vertical\"\/><\/p>\n<p>Torebka Hermes Birkin wystawiona na sprzeda\u017c przez Patrycj\u0119 Komorowsk\u0105instagram.com\/szafa_pkomorowska<\/p>\n<p class=\"ods-c-paragraph \">Ceny podobnych modeli Birkin na rynku wt\u00f3rnym w zale\u017cno\u015bci od rozmiaru i koloru, na jednej z najwi\u0119kszych platform sprzeda\u017cowych online si\u0119gaj\u0105 od ponad 20 tys. z\u0142 do nawet kilkuset. Z tego powodu cz\u0119sto m\u00f3wi si\u0119 o traktowaniu torebek Herm\u00e8s oraz innych marek luksusowych jako obiektu inwestycyjnego.<\/p>\n<p class=\"ods-c-paragraph \">Dzi\u0119kujemy, \u017ce przeczyta\u0142a\u015b\/e\u015b nasz artyku\u0142 do ko\u0144ca. W serwisie Plejada.pl ka\u017cdego dnia piszemy o najwa\u017cniejszych wydarzeniach show-biznesowych. B\u0105d\u017a na bie\u017c\u0105co! <a rel=\"nofollow noopener\" href=\"https:\/\/profile.google.com\/cp\/Cg0vZy8xMWJ6X19wdHBx\" id=\"c99293a7-2bec-41ae-b43d-06a965b9de2e\" target=\"_blank\">Obserwuj<\/a> Plejad\u0119 w Wiadomo\u015bciach Google. Odwied\u017a nas tak\u017ce na <a rel=\"nofollow noopener\" href=\"https:\/\/www.facebook.com\/plejadapl\" id=\"5989f360-6b93-41a5-ad37-5ee9e892f96e\" target=\"_blank\">Facebooku<\/a>, <a rel=\"nofollow noopener\" href=\"https:\/\/www.instagram.com\/plejadapl\/\" id=\"d3b5114e-0afd-4f88-97e9-bbd294569f32\" target=\"_blank\">Instagramie<\/a>, <a rel=\"nofollow noopener\" href=\"https:\/\/www.youtube.com\/c\/plejada\" id=\"a4fc1357-26bd-4c06-9b46-16095bf4f077\" target=\"_blank\">YouTube<\/a> oraz <a rel=\"nofollow noopener\" href=\"https:\/\/www.tiktok.com\/@plejada_pl\" id=\"b10a176a-c180-4ad3-93a1-7394118c958c\" target=\"_blank\">TikToku<\/a>.<\/p>\n<p class=\"ods-c-paragraph \">Chcesz podzieli\u0107 si\u0119 ciekawym newsem lub zaproponowa\u0107 temat? Skontaktuj si\u0119 z nami, pisz\u0105c e-maila na adres: <a rel=\"nofollow noopener\" href=\"https:\/\/plejada.pl\/newsy\/ukochana-pawla-delaga-sprzedaje-luksusowa-torebke-cena-szokuje\/mailto:plejada@redakcjaonet.pl\" id=\"257e7e91-bc1e-49f3-bb4f-9c217993e423\" target=\"_blank\">plejada@redakcjaonet.pl<\/a>.<\/p>\n<p><script async src=\"\/\/www.instagram.com\/embed.js\"><\/script><script async src=\"\/\/www.tiktok.com\/embed.js\"><\/script><\/p>\n","protected":false},"excerpt":{"rendered":"Patrycja Komorowska od ponad dw\u00f3ch lat zwi\u0105zana jest z aktorem Paw\u0142em Del\u0105giem. Dzieli ich 20 lat r\u00f3\u017cnicy wieku,&hellip;\n","protected":false},"author":2,"featured_media":152425,"comment_status":"","ping_status":"","sticky":false,"template":"","format":"standard","meta":{"footnotes":""},"categories":[22],"tags":[30630,122,7858,30631,48,125,46,30629,42,38,40,39,41,25865,123,47],"class_list":{"0":"post-152424","1":"post","2":"type-post","3":"status-publish","4":"format-standard","5":"has-post-thumbnail","7":"category-rozrywka","8":"tag-birkin","9":"tag-entertainment","10":"tag-hermes","11":"tag-luksusowe_marki","12":"tag-nat_styl","13":"tag-newsy","14":"tag-omp","15":"tag-pawel_delag","16":"tag-pl","17":"tag-poland","18":"tag-polish","19":"tag-polska","20":"tag-polski","21":"tag-rebrand_ai_tst0","22":"tag-rozrywka","23":"tag-screening_general"},"share_on_mastodon":{"url":"https:\/\/pubeurope.com\/@pl\/115724676477006324","error":""},"_links":{"self":[{"href":"https:\/\/www.europesays.com\/pl\/wp-json\/wp\/v2\/posts\/152424","targetHints":{"allow":["GET"]}}],"collection":[{"href":"https:\/\/www.europesays.com\/pl\/wp-json\/wp\/v2\/posts"}],"about":[{"href":"https:\/\/www.europesays.com\/pl\/wp-json\/wp\/v2\/types\/post"}],"author":[{"embeddable":true,"href":"https:\/\/www.europesays.com\/pl\/wp-json\/wp\/v2\/users\/2"}],"replies":[{"embeddable":true,"href":"https:\/\/www.europesays.com\/pl\/wp-json\/wp\/v2\/comments?post=152424"}],"version-history":[{"count":0,"href":"https:\/\/www.europesays.com\/pl\/wp-json\/wp\/v2\/posts\/152424\/revisions"}],"wp:featuredmedia":[{"embeddable":true,"href":"https:\/\/www.europesays.com\/pl\/wp-json\/wp\/v2\/media\/152425"}],"wp:attachment":[{"href":"https:\/\/www.europesays.com\/pl\/wp-json\/wp\/v2\/media?parent=152424"}],"wp:term":[{"taxonomy":"category","embeddable":true,"href":"https:\/\/www.europesays.com\/pl\/wp-json\/wp\/v2\/categories?post=152424"},{"taxonomy":"post_tag","embeddable":true,"href":"https:\/\/www.europesays.com\/pl\/wp-json\/wp\/v2\/tags?post=152424"}],"curies":[{"name":"wp","href":"https:\/\/api.w.org\/{rel}","templated":true}]}}