{"id":152430,"date":"2025-12-15T17:08:08","date_gmt":"2025-12-15T17:08:08","guid":{"rendered":"https:\/\/www.europesays.com\/pl\/152430\/"},"modified":"2025-12-15T17:08:08","modified_gmt":"2025-12-15T17:08:08","slug":"bialy-dom-po-rozmowach-w-berlinie-gwarancje-dla-ukrainy-nie-beda-na-stole-wiecznie","status":"publish","type":"post","link":"https:\/\/www.europesays.com\/pl\/152430\/","title":{"rendered":"Bia\u0142y Dom po rozmowach w Berlinie: gwarancje dla Ukrainy nie b\u0119d\u0105 na stole wiecznie"},"content":{"rendered":"<ul class=\"UnorderedList_container__nmfSl\">\n<li class=\"UnorderedList_listElement__Py7xi\" data-id=\"ai-summary-link\">Du\u017co czytania, a ma\u0142o czasu? Sprawd\u017a\u00a0skr\u00f3t\u00a0artyku\u0142u<\/li>\n<\/ul>\n<p class=\"Paragraph_desktopParagraph__U31Gm\">\u2014 Mamy bardzo, bardzo mocny, bezpieczny pakiet gwarancji bezpiecze\u0144stwa. Wierzymy, \u017ce Rosjanie w ostatecznym porozumieniu zaakceptuj\u0105 wszystkie te rzeczy, kt\u00f3re umo\u017cliwi\u0105 siln\u0105 i niepodleg\u0142\u0105 Ukrain\u0119 \u2014 powiedzia\u0142 jeden z ameryka\u0144skich negocjator\u00f3w podczas telekonferencji prasowej na temat rozm\u00f3w z Ukrain\u0105 i europejsk\u0105 tr\u00f3jk\u0105 (E3) w Berlinie.<\/p>\n<p class=\"VideoPlayerText_videoPlayerText__iDwyz\">Dalszy ci\u0105g materia\u0142u pod wideo<\/p>\n<ul class=\"OchatFollowUps_wrapper__1ry7X\">\n<li class=\"OchatFollowUps_item__Dhyly OchatFollowUps_itemDesktop__R6aBv\">Jakie gwarancje dla Ukrainy s\u0105 obecnie na stole?<\/li>\n<li class=\"OchatFollowUps_item__Dhyly OchatFollowUps_itemDesktop__R6aBv\">Na czym b\u0119d\u0105 wzorowane te gwarancje?<\/li>\n<li class=\"OchatFollowUps_item__Dhyly OchatFollowUps_itemDesktop__R6aBv\">Czy Ukrai\u0144cy s\u0105 zadowoleni z gwarancji bezpiecze\u0144stwa?<\/li>\n<li class=\"OchatFollowUps_item__Dhyly OchatFollowUps_itemDesktop__R6aBv\">Jakie kluczowe kwestie nadal wymagaj\u0105 uzgodnienia?<\/li>\n<\/ul>\n<p>&#8222;Gwarancje te maj\u0105 by\u0107 wzorowane na artykule 5 NATO&#8221; <\/p>\n<p class=\"Paragraph_desktopParagraph__U31Gm\">Jak zaznaczy\u0142, gwarancje te maj\u0105 by\u0107 wzorowane na artykule 5 NATO, ale podkre\u015bli\u0142, \u017ce ta oferta &#8222;nie b\u0119dzie na stole wiecznie&#8221;.<\/p>\n<p class=\"Paragraph_desktopParagraph__U31Gm\">\u2014 Te gwarancje s\u0105 na stole teraz, je\u015bli uda si\u0119 osi\u0105gn\u0105\u0107 pozytywne porozumienie \u2014 powiedzia\u0142.<\/p>\n<p class=\"Paragraph_desktopParagraph__U31Gm\">Drugi z przedstawicieli doda\u0142, \u017ce z gwarancji zadowoleni s\u0105 te\u017c Ukrai\u0144cy.<\/p>\n<p class=\"Paragraph_desktopParagraph__U31Gm\">\u2014 Ukrai\u0144cy powiedzieliby wam, tak jak Europejczycy, \u017ce to najsolidniejszy zestaw protoko\u0142\u00f3w bezpiecze\u0144stwa, jaki kiedykolwiek widzieli. To bardzo, bardzo mocny pakiet. My\u015bl\u0119, \u017ce Rosjanie, miejmy nadziej\u0119, przyjrz\u0105 si\u0119 temu i powiedz\u0105 sobie: w porz\u0105dku, bo nie mamy zamiaru narusza\u0107 \u2014 powiedzia\u0142.<\/p>\n<p class=\"Paragraph_desktopParagraph__U31Gm\">Wed\u0142ug m\u00f3wc\u00f3w, Ukraina zgodzi\u0142a si\u0119 na szereg kluczowych kwestii, lecz wci\u0105\u017c do dopi\u0119cia pozostaje kilka spraw, m.in. terytorium i sprawa Zaporoskiej Elektrowni Atomowej w Enerhodarze.<\/p>\n","protected":false},"excerpt":{"rendered":"Du\u017co czytania, a ma\u0142o czasu? Sprawd\u017a\u00a0skr\u00f3t\u00a0artyku\u0142u \u2014 Mamy bardzo, bardzo mocny, bezpieczny pakiet gwarancji bezpiecze\u0144stwa. Wierzymy, \u017ce Rosjanie&hellip;\n","protected":false},"author":2,"featured_media":152431,"comment_status":"","ping_status":"","sticky":false,"template":"","format":"standard","meta":{"footnotes":""},"categories":[14],"tags":[2762,32,33,58,27,67,34,35,28,31,53,25,52,68,51,55,40,41,47,59,80,29,30,65,50,26,82,83,84],"class_list":{"0":"post-152430","1":"post","2":"type-post","3":"status-publish","4":"format-standard","5":"has-post-thumbnail","7":"category-swiat","8":"tag-berlin","9":"tag-breaking-news","10":"tag-breakingnews","11":"tag-donald_trump_prezydent_usa","12":"tag-headlines","13":"tag-intextvideo_splayer","14":"tag-latest-news","15":"tag-latestnews","16":"tag-naglowki","17":"tag-najwazniejsze-artykuly","18":"tag-new_header","19":"tag-news","20":"tag-onet3","21":"tag-onet3d","22":"tag-onet3d_2i","23":"tag-phx","24":"tag-polish","25":"tag-polski","26":"tag-screening_general","27":"tag-stany_zjednoczone_usa","28":"tag-swiat","29":"tag-top-stories","30":"tag-topstories","31":"tag-update_me","32":"tag-v2021","33":"tag-wiadomosci","34":"tag-world","35":"tag-world-news","36":"tag-worldnews"},"share_on_mastodon":{"url":"https:\/\/pubeurope.com\/@pl\/115724687957614150","error":""},"_links":{"self":[{"href":"https:\/\/www.europesays.com\/pl\/wp-json\/wp\/v2\/posts\/152430","targetHints":{"allow":["GET"]}}],"collection":[{"href":"https:\/\/www.europesays.com\/pl\/wp-json\/wp\/v2\/posts"}],"about":[{"href":"https:\/\/www.europesays.com\/pl\/wp-json\/wp\/v2\/types\/post"}],"author":[{"embeddable":true,"href":"https:\/\/www.europesays.com\/pl\/wp-json\/wp\/v2\/users\/2"}],"replies":[{"embeddable":true,"href":"https:\/\/www.europesays.com\/pl\/wp-json\/wp\/v2\/comments?post=152430"}],"version-history":[{"count":0,"href":"https:\/\/www.europesays.com\/pl\/wp-json\/wp\/v2\/posts\/152430\/revisions"}],"wp:featuredmedia":[{"embeddable":true,"href":"https:\/\/www.europesays.com\/pl\/wp-json\/wp\/v2\/media\/152431"}],"wp:attachment":[{"href":"https:\/\/www.europesays.com\/pl\/wp-json\/wp\/v2\/media?parent=152430"}],"wp:term":[{"taxonomy":"category","embeddable":true,"href":"https:\/\/www.europesays.com\/pl\/wp-json\/wp\/v2\/categories?post=152430"},{"taxonomy":"post_tag","embeddable":true,"href":"https:\/\/www.europesays.com\/pl\/wp-json\/wp\/v2\/tags?post=152430"}],"curies":[{"name":"wp","href":"https:\/\/api.w.org\/{rel}","templated":true}]}}