{"id":152434,"date":"2025-12-15T17:11:07","date_gmt":"2025-12-15T17:11:07","guid":{"rendered":"https:\/\/www.europesays.com\/pl\/152434\/"},"modified":"2025-12-15T17:11:07","modified_gmt":"2025-12-15T17:11:07","slug":"jest-w-zwiazku-z-gwiazdorem-barcelony-tego-nie-moze-przy-niej-robic","status":"publish","type":"post","link":"https:\/\/www.europesays.com\/pl\/152434\/","title":{"rendered":"Jest w zwi\u0105zku z gwiazdorem Barcelony. Tego nie mo\u017ce przy niej robi\u0107"},"content":{"rendered":"<p forced-expanded=\"true\" class=\"part\" data-v-f5947694=\"\" data-v-20ea25b2=\"\">&#8222;Abla&#8221; opowiada\u0142a, \u017ce podczas ogl\u0105dania serialu &#8222;Stranger Things&#8221; us\u0142ysza\u0142a &#8222;prawdziwie rozkoszne mlaskanie&#8221; Olmo, co sk\u0142oni\u0142o j\u0105 do g\u0142o\u015bnego wyra\u017cenia swojej frustracji. Szybko jednak doda\u0142a, \u017ce to by\u0142a tylko przesadzona reakcja, przewiduj\u0105c od razu, \u017ce tabloidy mog\u0142yby stworzy\u0107 z tego sensacyjne nag\u0142\u00f3wki.<\/p>\n<p forced-expanded=\"true\" class=\"part\" data-v-f5947694=\"\" data-v-20ea25b2=\"\">ZOBACZ WIDEO: Jakub Kiwior i jego \u017cona zachwycili. Nagranie robi wra\u017cenie<\/p>\n","protected":false},"excerpt":{"rendered":"&#8222;Abla&#8221; opowiada\u0142a, \u017ce podczas ogl\u0105dania serialu &#8222;Stranger Things&#8221; us\u0142ysza\u0142a &#8222;prawdziwie rozkoszne mlaskanie&#8221; Olmo, co sk\u0142oni\u0142o j\u0105 do g\u0142o\u015bnego&hellip;\n","protected":false},"author":2,"featured_media":152435,"comment_status":"","ping_status":"","sticky":false,"template":"","format":"standard","meta":{"footnotes":""},"categories":[24],"tags":[1157,30633,272,267,538,30632,295,269,42,38,40,39,41,27526,127,268,126],"class_list":{"0":"post-152434","1":"post","2":"type-post","3":"status-publish","4":"format-standard","5":"has-post-thumbnail","7":"category-sport","8":"tag-barcelona","9":"tag-dani-olmo","10":"tag-fc-barcelona","11":"tag-hiszpania","12":"tag-la-liga","13":"tag-laura-schmitt","14":"tag-niemcy","15":"tag-pilka-nozna","16":"tag-pl","17":"tag-poland","18":"tag-polish","19":"tag-polska","20":"tag-polski","21":"tag-rb-lipsk","22":"tag-sport","23":"tag-sportowybar","24":"tag-sports"},"share_on_mastodon":{"url":"https:\/\/pubeurope.com\/@pl\/115724700187668426","error":""},"_links":{"self":[{"href":"https:\/\/www.europesays.com\/pl\/wp-json\/wp\/v2\/posts\/152434","targetHints":{"allow":["GET"]}}],"collection":[{"href":"https:\/\/www.europesays.com\/pl\/wp-json\/wp\/v2\/posts"}],"about":[{"href":"https:\/\/www.europesays.com\/pl\/wp-json\/wp\/v2\/types\/post"}],"author":[{"embeddable":true,"href":"https:\/\/www.europesays.com\/pl\/wp-json\/wp\/v2\/users\/2"}],"replies":[{"embeddable":true,"href":"https:\/\/www.europesays.com\/pl\/wp-json\/wp\/v2\/comments?post=152434"}],"version-history":[{"count":0,"href":"https:\/\/www.europesays.com\/pl\/wp-json\/wp\/v2\/posts\/152434\/revisions"}],"wp:featuredmedia":[{"embeddable":true,"href":"https:\/\/www.europesays.com\/pl\/wp-json\/wp\/v2\/media\/152435"}],"wp:attachment":[{"href":"https:\/\/www.europesays.com\/pl\/wp-json\/wp\/v2\/media?parent=152434"}],"wp:term":[{"taxonomy":"category","embeddable":true,"href":"https:\/\/www.europesays.com\/pl\/wp-json\/wp\/v2\/categories?post=152434"},{"taxonomy":"post_tag","embeddable":true,"href":"https:\/\/www.europesays.com\/pl\/wp-json\/wp\/v2\/tags?post=152434"}],"curies":[{"name":"wp","href":"https:\/\/api.w.org\/{rel}","templated":true}]}}