{"id":152436,"date":"2025-12-15T17:12:13","date_gmt":"2025-12-15T17:12:13","guid":{"rendered":"https:\/\/www.europesays.com\/pl\/152436\/"},"modified":"2025-12-15T17:12:13","modified_gmt":"2025-12-15T17:12:13","slug":"agnieszka-maciag-osierocila-corke-anna-nowak-ibisz-na-pogrzebie-zwrocila-sie-do-14-latki-2","status":"publish","type":"post","link":"https:\/\/www.europesays.com\/pl\/152436\/","title":{"rendered":"Agnieszka Maci\u0105g osieroci\u0142a c\u00f3rk\u0119. Anna Nowak-Ibisz na pogrzebie zwr\u00f3ci\u0142a si\u0119 do 14-latki"},"content":{"rendered":"<p class=\"Paragraph_desktopParagraph__U31Gm\">27 listopada media obieg\u0142a smutna wiadomo\u015b\u0107 o \u015bmierci <a href=\"https:\/\/plejada.pl\/agnieszka-maciag-b-modelka\" id=\"8d3a7379-4475-4635-9974-8cf16277482a\" rel=\"nofollow noopener\" target=\"_blank\">Agnieszki Maci\u0105g<\/a>. By\u0142a modelka zmaga\u0142a si\u0119 z chorob\u0105 nowotworow\u0105. Informacj\u0119 o jej odej\u015bciu przekaza\u0142 w mediach spo\u0142eczno\u015bciowych jej m\u0105\u017c, Robert Wola\u0144ski.<\/p>\n<p class=\"Paragraph_desktopParagraph__U31Gm\">W latach 90. Agnieszka Maci\u0105g osi\u0105gn\u0119\u0142a szczyt mi\u0119dzynarodowej kariery, staj\u0105c na wybiegach najs\u0142ynniejszych dom\u00f3w mody i wsp\u00f3\u0142pracuj\u0105c z presti\u017cowymi markami. W po\u0142owie dekady zdecydowa\u0142a si\u0119 zako\u0144czy\u0107 prac\u0119 modelki i podj\u0105\u0107 nowe wyzwania zawodowe. Zaskoczy\u0142a wszystkich, wchodz\u0105c w \u015bwiat muzyki \u2014 wyda\u0142a album &#8222;Marakesz 5:30&#8221;, wyst\u0105pi\u0142a z zespo\u0142em De Mono na sopockim festiwalu i pojawi\u0142a si\u0119 w a\u017c sze\u015bciu ich teledyskach.<\/p>\n<p class=\"Paragraph_desktopParagraph__U31Gm\">Polecamy: <a href=\"https:\/\/plejada.pl\/newsy\/niewiele-osob-o-tym-pamieta-agnieszka-maciag-wystapila-w-popularnym-serialu\/66k3m2e\" id=\"7855a21e-3c17-43ed-8e87-bb88c1b7b1d9\" rel=\"nofollow noopener\" target=\"_blank\">Niewiele os\u00f3b o tym pami\u0119ta. Agnieszka Maci\u0105g wyst\u0105pi\u0142a w popularnym serialu<\/a><\/p>\n<p class=\"Paragraph_desktopParagraph__U31Gm\">Pogrzeb Agnieszki Maci\u0105g odby\u0142 si\u0119 w poniedzia\u0142ek, 15 grudnia, na Cmentarzu Pow\u0105zki Wojskowe w Warszawie. Uroczysto\u015b\u0107 mia\u0142a charakter \u015bwiecki, co podkre\u015bla\u0142o jej wyj\u0105tkowy i osobisty wymiar. \u017ba\u0142obnicy zgromadzili si\u0119 o godz. 11.00, by wsp\u00f3lnie po\u017cegna\u0107 kobiet\u0119, kt\u00f3ra inspirowa\u0142a tysi\u0105ce.<\/p>\n<ul class=\"OchatFollowUps_wrapper__1ry7X\">\n<li class=\"OchatFollowUps_item__Dhyly OchatFollowUps_itemDesktop__R6aBv\">Kim by\u0142a Agnieszka Maci\u0105g?<\/li>\n<li class=\"OchatFollowUps_item__Dhyly OchatFollowUps_itemDesktop__R6aBv\">Kiedy odby\u0142 si\u0119 pogrzeb Agnieszki Maci\u0105g?<\/li>\n<li class=\"OchatFollowUps_item__Dhyly OchatFollowUps_itemDesktop__R6aBv\">Jakie przes\u0142anie mia\u0142a Anna Nowak-Ibisz dla c\u00f3rki Agnieszki?<\/li>\n<li class=\"OchatFollowUps_item__Dhyly OchatFollowUps_itemDesktop__R6aBv\">Jakie osi\u0105gni\u0119cia mia\u0142a Agnieszka Maci\u0105g w latach 90.?<\/li>\n<\/ul>\n<p>Ostatnie po\u017cegnanie Agnieszki Maci\u0105g <\/p>\n<p class=\"Paragraph_desktopParagraph__U31Gm\">W trakcie ceremonii pogrzebowej g\u0142os zabra\u0142a <a href=\"https:\/\/plejada.pl\/temat\/anna-nowak-ibisz\/t2jgd0m\" id=\"8735a19f-8ce3-4703-8f97-bdfa9d60ea74\" rel=\"nofollow noopener\" target=\"_blank\">Anna Nowak-Ibisz<\/a>, zwracaj\u0105c si\u0119 z poruszaj\u0105cym, pe\u0142nym troski i otuchy przes\u0142aniem do Heleny, c\u00f3rki Agnieszki Maci\u0105g.<\/p>\n<blockquote>\n<p class=\"Paragraph_desktopParagraph__U31Gm\">Na wszystko jest odpowiedni czas. Zaufaj. Nasze serca s\u0105 dla ciebie otwarte tak szeroko, jak ramiona twojej mamy. Helena, jeste\u015b jedn\u0105 z nas. W nas kobietach, kt\u00f3re przysz\u0142y dzisiaj odda\u0107 ho\u0142d twojej mamie, masz nasze siostrzane stado<\/p>\n<\/blockquote>\n<p class=\"Paragraph_desktopParagraph__U31Gm\">\u2014 powiedzia\u0142a.<\/p>\n<p class=\"Paragraph_desktopParagraph__U31Gm\">Zaznaczy\u0142a, \u017ce Agnieszka Maci\u0105g przez ca\u0142e \u017cycie tworzy\u0142a przestrze\u0144 kobiecej solidarno\u015bci, zar\u00f3wno poprzez swoje ksi\u0105\u017cki, jak i s\u0142owa oraz drobne gesty wobec innych kobiet.<\/p>\n<blockquote>\n<p class=\"Paragraph_desktopParagraph__U31Gm\">Twoja mama stworzy\u0142a nasz\u0105 wsp\u00f3lnot\u0119 (&#8230;) cz\u0119sto ratuj\u0105c nam \u017cycie i zmieniaj\u0105c je na lepsze. Pami\u0119taj o tym dzisiaj i zawsze. Jeste\u015bmy siostrami. Mi\u0142o\u015b\u0107 przechodzi przez wszystkie drzwi, nawet te, kt\u00f3re dla nas s\u0105 jeszcze tajemnic\u0105. Wiem, \u017ce b\u0119dziesz kocha\u0107 swoich bliskich tak samo mocno<\/p>\n<\/blockquote>\n<p class=\"Paragraph_desktopParagraph__U31Gm\">\u2014 podsumowa\u0142a.<\/p>\n<p><img decoding=\"async\" class=\"Image_image__0tuHp Image_autoHeight__f2n87 \" height=\"587\" width=\"391\" src=\"https:\/\/www.europesays.com\/pl\/wp-content\/uploads\/2025\/12\/fG_k9kpTURBXy9jODg3MmMwMGU3YjAzMmEwN2MxYjYzM2UyOTQ3Y2UyNi5qcGeSlQLNA6wAwsOVAgDNAkvCw94AA6EwAaExAaEzw.jpeg\" alt=\"Anna Nowak-Ibisz\" loading=\"lazy\" \/>Andras Szilagyi \/ MW Media<\/p>\n<p>Anna Nowak-Ibisz<\/p>\n<p><img decoding=\"async\" class=\"Image_image__0tuHp Image_autoHeight__f2n87 \" height=\"587\" width=\"939\" src=\"https:\/\/www.europesays.com\/pl\/wp-content\/uploads\/2025\/12\/uPyk9kpTURBXy80M2IwOTU1ZGJkZDc1MDc1N2JiMGQwZGU0ODE1YWE2MC5qcGeSlQLNA6wAwsOVAgDNAkvCw94AA6EwAaExAaEzw.jpeg\" alt=\"Agnieszka Maci\u0105g\" loading=\"lazy\" \/>Andras Szilagyi \/ MW Media<\/p>\n<p>Agnieszka Maci\u0105g<\/p>\n<p><img decoding=\"async\" class=\"Image_image__0tuHp Image_autoHeight__f2n87 \" height=\"587\" width=\"939\" src=\"https:\/\/www.europesays.com\/pl\/wp-content\/uploads\/2025\/11\/kDEk9kpTURBXy8zZjIzYTExMTBmZmMyYTM3NDk1MTM0MDE4M2U5OTM5Ni5qcGeSlQLNA6wAwsOVAgDNAkvCw94AA6EwAaExAaEzw.jpeg\" alt=\"Agnieszka Maci\u0105g\" loading=\"lazy\" \/>Piotr Andrzejczak \/ MW Media<\/p>\n<p>Agnieszka Maci\u0105g<\/p>\n<p class=\"Paragraph_desktopParagraph__U31Gm\">Dzi\u0119kujemy, \u017ce przeczyta\u0142a\u015b\/e\u015b nasz artyku\u0142 do ko\u0144ca. W serwisie Plejada.pl ka\u017cdego dnia piszemy o najwa\u017cniejszych wydarzeniach show-biznesowych. B\u0105d\u017a na bie\u017c\u0105co! <a rel=\"nofollow noopener\" href=\"https:\/\/profile.google.com\/cp\/Cg0vZy8xMWJ6X19wdHBx\" id=\"6d28aa38-5dd5-44bd-9403-476221d1474f\" target=\"_blank\">Obserwuj<\/a> Plejad\u0119 w Wiadomo\u015bciach Google. Odwied\u017a nas tak\u017ce na <a rel=\"nofollow noopener\" href=\"https:\/\/www.facebook.com\/plejadapl\" id=\"20c9332a-954e-40d0-bba6-c9cb5b9bed5f\" target=\"_blank\">Facebooku<\/a>, <a rel=\"nofollow noopener\" href=\"https:\/\/www.instagram.com\/plejadapl\/\" id=\"ebb071de-b411-4cde-954f-66173f566302\" target=\"_blank\">Instagramie<\/a>, <a rel=\"nofollow noopener\" href=\"https:\/\/www.youtube.com\/c\/plejada\" id=\"d70b9bba-c0d9-4c92-b015-fe9c8b22edc4\" target=\"_blank\">YouTube<\/a> oraz <a rel=\"nofollow noopener\" href=\"https:\/\/www.tiktok.com\/@plejada_pl\" id=\"142585a8-8283-4bc0-b1b5-f314b7d3c736\" target=\"_blank\">TikToku<\/a>.<\/p>\n<p class=\"Paragraph_desktopParagraph__U31Gm\">Chcesz podzieli\u0107 si\u0119 ciekawym newsem lub zaproponowa\u0107 temat? Skontaktuj si\u0119 z nami, pisz\u0105c e-maila na adres: <a href=\"https:\/\/www.onet.pl\/styl-zycia\/plejada\/agnieszka-maciag-osierocila-corke-anna-nowak-ibisz-na-pogrzebie-zwrocila-sie-do-14\/mailto:plejada@redakcjaonet.pl\" id=\"8ebb0942-0004-4487-9504-1b3f4d95acf3\" rel=\"nofollow noopener\" target=\"_blank\">plejada@redakcjaonet.pl<\/a>.<\/p>\n<p><script async src=\"\/\/www.instagram.com\/embed.js\"><\/script><script async src=\"\/\/www.tiktok.com\/embed.js\"><\/script><\/p>\n","protected":false},"excerpt":{"rendered":"27 listopada media obieg\u0142a smutna wiadomo\u015b\u0107 o \u015bmierci Agnieszki Maci\u0105g. By\u0142a modelka zmaga\u0142a si\u0119 z chorob\u0105 nowotworow\u0105. Informacj\u0119&hellip;\n","protected":false},"author":2,"featured_media":122515,"comment_status":"","ping_status":"","sticky":false,"template":"","format":"standard","meta":{"footnotes":""},"categories":[22],"tags":[26052,122,67,53,52,68,51,55,42,38,40,39,41,123,47,196,65,50],"class_list":{"0":"post-152436","1":"post","2":"type-post","3":"status-publish","4":"format-standard","5":"has-post-thumbnail","7":"category-rozrywka","8":"tag-agnieszka_maciag_b_modelka","9":"tag-entertainment","10":"tag-intextvideo_splayer","11":"tag-new_header","12":"tag-onet3","13":"tag-onet3d","14":"tag-onet3d_2i","15":"tag-phx","16":"tag-pl","17":"tag-poland","18":"tag-polish","19":"tag-polska","20":"tag-polski","21":"tag-rozrywka","22":"tag-screening_general","23":"tag-styl_zycia","24":"tag-update_me","25":"tag-v2021"},"share_on_mastodon":{"url":"https:\/\/pubeurope.com\/@pl\/115724704106280592","error":""},"_links":{"self":[{"href":"https:\/\/www.europesays.com\/pl\/wp-json\/wp\/v2\/posts\/152436","targetHints":{"allow":["GET"]}}],"collection":[{"href":"https:\/\/www.europesays.com\/pl\/wp-json\/wp\/v2\/posts"}],"about":[{"href":"https:\/\/www.europesays.com\/pl\/wp-json\/wp\/v2\/types\/post"}],"author":[{"embeddable":true,"href":"https:\/\/www.europesays.com\/pl\/wp-json\/wp\/v2\/users\/2"}],"replies":[{"embeddable":true,"href":"https:\/\/www.europesays.com\/pl\/wp-json\/wp\/v2\/comments?post=152436"}],"version-history":[{"count":0,"href":"https:\/\/www.europesays.com\/pl\/wp-json\/wp\/v2\/posts\/152436\/revisions"}],"wp:featuredmedia":[{"embeddable":true,"href":"https:\/\/www.europesays.com\/pl\/wp-json\/wp\/v2\/media\/122515"}],"wp:attachment":[{"href":"https:\/\/www.europesays.com\/pl\/wp-json\/wp\/v2\/media?parent=152436"}],"wp:term":[{"taxonomy":"category","embeddable":true,"href":"https:\/\/www.europesays.com\/pl\/wp-json\/wp\/v2\/categories?post=152436"},{"taxonomy":"post_tag","embeddable":true,"href":"https:\/\/www.europesays.com\/pl\/wp-json\/wp\/v2\/tags?post=152436"}],"curies":[{"name":"wp","href":"https:\/\/api.w.org\/{rel}","templated":true}]}}