{"id":152441,"date":"2025-12-15T17:15:10","date_gmt":"2025-12-15T17:15:10","guid":{"rendered":"https:\/\/www.europesays.com\/pl\/152441\/"},"modified":"2025-12-15T17:15:10","modified_gmt":"2025-12-15T17:15:10","slug":"atak-na-chanuke-w-sydney-premier-australii-odpowiada-netanjahu","status":"publish","type":"post","link":"https:\/\/www.europesays.com\/pl\/152441\/","title":{"rendered":"Atak na Chanuk\u0119 w Sydney. Premier Australii odpowiada Netanjahu"},"content":{"rendered":"<p>&#8222;Trzy \u015bwiaty Johna Scherera&#8221;. Ekspertka zach\u0119ca, by\u00a0wypr\u00f3bowa\u0107 <\/p>\n<p>W rozmowie z\u00a0ABC Australia podkre\u015bli\u0142, \u017ce &#8222;zdecydowana wi\u0119kszo\u015b\u0107 \u015bwiata uznaje, \u017ce rozwi\u0105zanie dwupa\u0144stwowe jest dla Bliskiego Wschodu drog\u0105 naprz\u00f3d\u201d.<\/p>\n<p>&#8211; To by\u0142y niezwykle traumatyczne 24 godziny. Moim zadaniem jest wspieranie spo\u0142eczno\u015bci \u017cydowskiej i\u00a0jednoznaczne przekazanie, \u017ce Australijczycy w\u00a0zdecydowanej wi\u0119kszo\u015bci popieraj\u0105 j\u0105 w\u00a0tym trudnym czasie &#8211;\u00a0powiedzia\u0142 Albanese.<\/p>\n<p>Premier Izraela Benjamin Netanjahu oskar\u017cy\u0142 Australi\u0119 m.in. o\u00a0&#8222;dolewanie oliwy do ognia antysemityzmu&#8221; i\u00a0brak zdecydowanych dzia\u0142a\u0144 w\u00a0walce z\u00a0tym zjawiskiem. Przekonywa\u0142 jednocze\u015bnie, \u017ce uznanie Palestyny po ataku palesty\u0144skiej grupy terrorystycznej Hamas na Izrael w\u00a02023 r. jest jak &#8222;nagroda za masakr\u0119&#8221;.<\/p>\n<p>Izraelski portal Times of Israel poinformowa\u0142 z\u00a0kolei, \u017ce australijska spo\u0142eczno\u015b\u0107 \u017cydowska krytycznie ocenia\u0142a dzia\u0142ania rz\u0105du w\u00a0Canberze. <\/p>\n<p>Lynda Ben-Menashe z\u00a0Narodowej Rady \u017bydowskich Kobiet Australii stwierdzi\u0142a w\u00a0rozmowie z\u00a0portalem, \u017ce od czasu ataku Hamasu na Izrael &#8222;antysemityzm w\u00a0kraju narasta\u0142 z\u00a0miesi\u0105ca na miesi\u0105c&#8221;, a\u00a0rz\u0105d, jej zdaniem, nie reagowa\u0142 na pro\u015bby spo\u0142eczno\u015bci \u017cydowskiej o\u00a0przeciwdzia\u0142anie tym zjawiskom.<\/p>\n<p>W wyniku ataku w\u00a0Australii zgin\u0119\u0142o 16 os\u00f3b oraz jeden z\u00a0napastnik\u00f3w, a\u00a0ponad 40 os\u00f3b zosta\u0142o rannych. Sprawcami strzelaniny byli ojciec i\u00a0syn, a\u00a0do incydentu dosz\u0142o podczas obchod\u00f3w Chanuki.<\/p>\n","protected":false},"excerpt":{"rendered":"&#8222;Trzy \u015bwiaty Johna Scherera&#8221;. Ekspertka zach\u0119ca, by\u00a0wypr\u00f3bowa\u0107 W rozmowie z\u00a0ABC Australia podkre\u015bli\u0142, \u017ce &#8222;zdecydowana wi\u0119kszo\u015b\u0107 \u015bwiata uznaje, \u017ce&hellip;\n","protected":false},"author":2,"featured_media":152442,"comment_status":"","ping_status":"","sticky":false,"template":"","format":"standard","meta":{"footnotes":""},"categories":[14],"tags":[32,33,27,34,35,28,31,25,40,41,80,29,30,26,82,83,84],"class_list":{"0":"post-152441","1":"post","2":"type-post","3":"status-publish","4":"format-standard","5":"has-post-thumbnail","7":"category-swiat","8":"tag-breaking-news","9":"tag-breakingnews","10":"tag-headlines","11":"tag-latest-news","12":"tag-latestnews","13":"tag-naglowki","14":"tag-najwazniejsze-artykuly","15":"tag-news","16":"tag-polish","17":"tag-polski","18":"tag-swiat","19":"tag-top-stories","20":"tag-topstories","21":"tag-wiadomosci","22":"tag-world","23":"tag-world-news","24":"tag-worldnews"},"share_on_mastodon":{"url":"https:\/\/pubeurope.com\/@pl\/115724715548400218","error":""},"_links":{"self":[{"href":"https:\/\/www.europesays.com\/pl\/wp-json\/wp\/v2\/posts\/152441","targetHints":{"allow":["GET"]}}],"collection":[{"href":"https:\/\/www.europesays.com\/pl\/wp-json\/wp\/v2\/posts"}],"about":[{"href":"https:\/\/www.europesays.com\/pl\/wp-json\/wp\/v2\/types\/post"}],"author":[{"embeddable":true,"href":"https:\/\/www.europesays.com\/pl\/wp-json\/wp\/v2\/users\/2"}],"replies":[{"embeddable":true,"href":"https:\/\/www.europesays.com\/pl\/wp-json\/wp\/v2\/comments?post=152441"}],"version-history":[{"count":0,"href":"https:\/\/www.europesays.com\/pl\/wp-json\/wp\/v2\/posts\/152441\/revisions"}],"wp:featuredmedia":[{"embeddable":true,"href":"https:\/\/www.europesays.com\/pl\/wp-json\/wp\/v2\/media\/152442"}],"wp:attachment":[{"href":"https:\/\/www.europesays.com\/pl\/wp-json\/wp\/v2\/media?parent=152441"}],"wp:term":[{"taxonomy":"category","embeddable":true,"href":"https:\/\/www.europesays.com\/pl\/wp-json\/wp\/v2\/categories?post=152441"},{"taxonomy":"post_tag","embeddable":true,"href":"https:\/\/www.europesays.com\/pl\/wp-json\/wp\/v2\/tags?post=152441"}],"curies":[{"name":"wp","href":"https:\/\/api.w.org\/{rel}","templated":true}]}}