{"id":152443,"date":"2025-12-15T17:17:10","date_gmt":"2025-12-15T17:17:10","guid":{"rendered":"https:\/\/www.europesays.com\/pl\/152443\/"},"modified":"2025-12-15T17:17:10","modified_gmt":"2025-12-15T17:17:10","slug":"ujawnienie-danych-o-zdrowiu-slawomira-cenckiewicza-z-bbn-ruch-prokuratury","status":"publish","type":"post","link":"https:\/\/www.europesays.com\/pl\/152443\/","title":{"rendered":"Ujawnienie danych o zdrowiu S\u0142awomira Cenckiewicza z BBN. Ruch prokuratury"},"content":{"rendered":"<ul class=\"UnorderedList_container__nmfSl\">\n<li class=\"UnorderedList_listElement__Py7xi\" data-id=\"ai-summary-link\">Du\u017co czytania, a ma\u0142o czasu? Sprawd\u017a\u00a0skr\u00f3t\u00a0artyku\u0142u<\/li>\n<\/ul>\n<p class=\"Paragraph_desktopParagraph__U31Gm\">\u2014 W zwi\u0105zku z tym artyku\u0142em warszawska prokuratura okr\u0119gowa z urz\u0119du wszcz\u0119\u0142a czynno\u015bci sprawdzaj\u0105ce w kierunku ewentualnego pope\u0142nienia przest\u0119pstwa z art. 107 ust. 2, tj. nielegalnego przetwarzania danych osobowych i ewentualnie innych przest\u0119pstw \u2014 przekaza\u0142 PAP rzecznik Prokuratury Okr\u0119gowej prok. Piotr Antoni Skiba.<\/p>\n<p class=\"VideoPlayerText_videoPlayerText__iDwyz\">Dalszy ci\u0105g materia\u0142u pod wideo<\/p>\n<ul class=\"OchatFollowUps_wrapper__1ry7X\">\n<li class=\"OchatFollowUps_item__Dhyly OchatFollowUps_itemDesktop__R6aBv\">Jakie dzia\u0142ania podj\u0119\u0142a prokuratura w tej sprawie?<\/li>\n<li class=\"OchatFollowUps_item__Dhyly OchatFollowUps_itemDesktop__R6aBv\">Co ujawniono w artykule 'Gazety Wyborczej&#8217;?<\/li>\n<li class=\"OchatFollowUps_item__Dhyly OchatFollowUps_itemDesktop__R6aBv\">Jakie leki mia\u0142 przyjmowa\u0107 S\u0142awomir Cenckiewicz?<\/li>\n<li class=\"OchatFollowUps_item__Dhyly OchatFollowUps_itemDesktop__R6aBv\">Jakie kroki prawne zapowiedzia\u0142 szef BBN?<\/li>\n<\/ul>\n<p>Sprawa lek\u00f3w S\u0142awomira Cenckiewicza <\/p>\n<p class=\"Paragraph_desktopParagraph__U31Gm\">O zatajeniu pewnych informacji w ankiecie bezpiecze\u0144stwa przez S\u0142awomira Cenckiewicza <a href=\"https:\/\/wiadomosci.onet.pl\/tylko-w-onecie\/slawomir-cenckiewicz-sklamal-w-ankiecie-bezpieczenstwa-znalazl-sie-na-celowniku-sluzb\/elyrl6x\" id=\"5aa6db80-150b-4a82-8e84-8b3d06710fb6\" rel=\"nofollow noopener\" target=\"_blank\">informowali\u015bmy w Onecie rok temu<\/a>. &#8222;Gazeta Wyborcza&#8221; poda\u0142a w poniedzia\u0142kowej publikacji, \u017ce chodzi o konsultacje u lekarza specjalisty i za\u017cywanie dw\u00f3ch lek\u00f3w dzia\u0142aj\u0105cych na o\u015brodkowy uk\u0142ad nerwowy. Dziennik nie poda\u0142 ich nazw. Redakcja podkre\u015bla, \u017ce fakt leczenia psychiatrycznego nie jest powodem do wstydu, ale zatajanie go przy staraniu si\u0119 o dost\u0119p do informacji niejawnych narusza obowi\u0105zuj\u0105ce procedury.<\/p>\n<p class=\"Paragraph_desktopParagraph__U31Gm\">Z teksu wynika, \u017ce niewpisanie do ankiety bezpiecze\u0144stwa przyjmowania tych lek\u00f3w sta\u0142o si\u0119 przyczyn\u0105 cofni\u0119cia S\u0142awomirowi Cenckiewiczowi przez S\u0142u\u017cb\u0119 Kontrwywiadu Wojskowego po\u015bwiadczenia bezpiecze\u0144stwa i dost\u0119pu do informacji niejawnych.<\/p>\n<p>S\u0142awomir Cenckiewicz zapowiada kroki prawne <\/p>\n<p class=\"Paragraph_desktopParagraph__U31Gm\">Szef BBN zareagowa\u0142 na doniesienia. We wpisie w mediach spo\u0142eczno\u015bciowych napisa\u0142, \u017ce w tek\u015bcie pojawi\u0142y si\u0119 liczne b\u0142\u0119dy i k\u0142amstwa oraz \u017ce wykorzystane zosta\u0142y informacje wra\u017cliwe pochodz\u0105ce z niejawnych akt.<\/p>\n<p class=\"Paragraph_desktopParagraph__U31Gm\">Cenckiewicz zapowiedzia\u0142 tak\u017ce, \u017ce podejmie dzia\u0142ania prawne wobec autora artyku\u0142u i kierownictwa S\u0142u\u017cby Kontrwywiadu Wojskowego. &#8222;Dzi\u015b ta pod\u0142o\u015b\u0107, kt\u00f3rej celem jest stygmatyzacja i zastraszenie, dotyka mnie, ale w przysz\u0142o\u015bci mo\u017ce spotka\u0107 ka\u017cdego!&#8221; \u2014 podkre\u015bli\u0142 w serwisie X.<\/p>\n","protected":false},"excerpt":{"rendered":"Du\u017co czytania, a ma\u0142o czasu? Sprawd\u017a\u00a0skr\u00f3t\u00a0artyku\u0142u \u2014 W zwi\u0105zku z tym artyku\u0142em warszawska prokuratura okr\u0119gowa z urz\u0119du wszcz\u0119\u0142a&hellip;\n","protected":false},"author":2,"featured_media":152444,"comment_status":"","ping_status":"","sticky":false,"template":"","format":"standard","meta":{"footnotes":""},"categories":[5],"tags":[787,32,33,36,37,13534,27,67,34,35,28,31,53,25,52,68,51,55,42,38,40,39,41,349,47,2739,29,30,65,50,26],"class_list":{"0":"post-152443","1":"post","2":"type-post","3":"status-publish","4":"format-standard","5":"has-post-thumbnail","7":"category-naglowki","8":"tag-bbn","9":"tag-breaking-news","10":"tag-breakingnews","11":"tag-featured-news","12":"tag-featurednews","13":"tag-gazeta_wyborcza_gazeta","14":"tag-headlines","15":"tag-intextvideo_splayer","16":"tag-latest-news","17":"tag-latestnews","18":"tag-naglowki","19":"tag-najwazniejsze-artykuly","20":"tag-new_header","21":"tag-news","22":"tag-onet3","23":"tag-onet3d","24":"tag-onet3d_2i","25":"tag-phx","26":"tag-pl","27":"tag-poland","28":"tag-polish","29":"tag-polska","30":"tag-polski","31":"tag-prokuratura_prokurator_prokuratorzy","32":"tag-screening_general","33":"tag-slawomir_cenckiewicz","34":"tag-top-stories","35":"tag-topstories","36":"tag-update_me","37":"tag-v2021","38":"tag-wiadomosci"},"share_on_mastodon":{"url":"https:\/\/pubeurope.com\/@pl\/115724723490012369","error":""},"_links":{"self":[{"href":"https:\/\/www.europesays.com\/pl\/wp-json\/wp\/v2\/posts\/152443","targetHints":{"allow":["GET"]}}],"collection":[{"href":"https:\/\/www.europesays.com\/pl\/wp-json\/wp\/v2\/posts"}],"about":[{"href":"https:\/\/www.europesays.com\/pl\/wp-json\/wp\/v2\/types\/post"}],"author":[{"embeddable":true,"href":"https:\/\/www.europesays.com\/pl\/wp-json\/wp\/v2\/users\/2"}],"replies":[{"embeddable":true,"href":"https:\/\/www.europesays.com\/pl\/wp-json\/wp\/v2\/comments?post=152443"}],"version-history":[{"count":0,"href":"https:\/\/www.europesays.com\/pl\/wp-json\/wp\/v2\/posts\/152443\/revisions"}],"wp:featuredmedia":[{"embeddable":true,"href":"https:\/\/www.europesays.com\/pl\/wp-json\/wp\/v2\/media\/152444"}],"wp:attachment":[{"href":"https:\/\/www.europesays.com\/pl\/wp-json\/wp\/v2\/media?parent=152443"}],"wp:term":[{"taxonomy":"category","embeddable":true,"href":"https:\/\/www.europesays.com\/pl\/wp-json\/wp\/v2\/categories?post=152443"},{"taxonomy":"post_tag","embeddable":true,"href":"https:\/\/www.europesays.com\/pl\/wp-json\/wp\/v2\/tags?post=152443"}],"curies":[{"name":"wp","href":"https:\/\/api.w.org\/{rel}","templated":true}]}}