{"id":152454,"date":"2025-12-15T17:24:12","date_gmt":"2025-12-15T17:24:12","guid":{"rendered":"https:\/\/www.europesays.com\/pl\/152454\/"},"modified":"2025-12-15T17:24:12","modified_gmt":"2025-12-15T17:24:12","slug":"bilans-platniczy-polski-dane-nbp-przebily-najsmielsze-prognozy-ekonomistow","status":"publish","type":"post","link":"https:\/\/www.europesays.com\/pl\/152454\/","title":{"rendered":"Bilans p\u0142atniczy Polski. Dane NBP przebi\u0142y naj\u015bmielsze prognozy ekonomist\u00f3w"},"content":{"rendered":"<p data-section=\"detail-body\">Bilans p\u0142atniczy jest statystycznym zestawieniem obrot\u00f3w z zagranic\u0105, kt\u00f3re w odniesieniu do okre\u015blonego czasu, w usystematyzowany spos\u00f3b prezentuje transakcje gospodarcze zrealizowane przez Polsk\u0119 z reszt\u0105 \u015bwiata.<\/p>\n<p class=\"article_p\" data-section=\"detail-body\">Dalsza cz\u0119\u015b\u0107 artyku\u0142u znajduje si\u0119 poni\u017cej materia\u0142u wideo<\/p>\n<p class=\"article_p\" data-section=\"detail-body\">Saldo rachunku bie\u017c\u0105cego przez wi\u0119ksz\u0105 cz\u0119\u015b\u0107 czasu w ostatnich dw\u00f3ch latach by\u0142o ujemne. Tak te\u017c by\u0142o w raporcie NBP sprzed miesi\u0105ca. Teraz prognozy sugerowa\u0142y wyj\u015bcie na plus. Tak si\u0119 sta\u0142o, ale w skali o wiele wi\u0119kszej ni\u017c przewidywali ekonomi\u015bci. Prognozy sugerowa\u0142y, \u017ce saldo rachunku bie\u017c\u0105cego b\u0119dzie 130 mln euro na plusie, a wysz\u0142o prawie 2 mld euro.<\/p>\n<p>                    <img decoding=\"async\" loading=\"lazy\" class=\"article-image_container--img\" id=\"image_a82bd966-00ff-4c9a-ab18-489ae0e3dabc\" alt=\"\" src=\"https:\/\/www.europesays.com\/pl\/wp-content\/uploads\/2025\/12\/MHek9kpTURBXy8wODQ1MzA0YWE2ZDE0NjU1ZDE0N2M1NzY0NjAzYjhlNi5wbmeRkwLNA5gA3gACoTABoTEB.jpeg\"\/><\/p>\n<p>                    |<br \/>\n                    Macronext<\/p>\n<p>        Bilans p\u0142atniczy Polski. Nowe dane NBP<\/p>\n<p class=\"article_p\" data-section=\"detail-body\">Z opublikowanych 15 grudnia 2025 r. wst\u0119pnych danych bilansu p\u0142atniczego Polski za pa\u017adziernik 2025 r. wynika, \u017ce saldo rachunku bie\u017c\u0105cego by\u0142o dodatnie i wynios\u0142o 8,2 mld z\u0142. W analogicznym miesi\u0105cu 2024 r. saldo rachunku bie\u017c\u0105cego by\u0142o r\u00f3wnie\u017c dodatnie i wynios\u0142o 4 mld z\u0142.<\/p>\n<p>            Czytaj tak\u017ce w BUSINESS INSIDER<\/p>\n<p class=\"article_p\" data-section=\"detail-body\">Zobacz tak\u017ce: <a href=\"https:\/\/businessinsider.com.pl\/finanse\/nbp-juz-wie-co-z-jego-finansami-adam-glapinski-nie-ma-szczescia-tylko-u-nas\/tb1vqs0\" id=\"86ec3e58-f34f-41c1-a8dd-d8d814a8bf2e\" rel=\"nofollow noopener\" target=\"_blank\">NBP b\u0119dzie mia\u0142 rekordow\u0105 strat\u0119. Rz\u0105d nie dostanie \u017cadnych pieni\u0119dzy<\/a><\/p>\n<p class=\"article_p\" data-section=\"detail-body\">&#8222;W pa\u017adzierniku 2025 r. w rachunku bie\u017c\u0105cym bilansu p\u0142atniczego odnotowano dodatnie saldo us\u0142ug (13,8 mld z\u0142) i obrot\u00f3w towarowych (2,3 mld z\u0142) oraz ujemne salda dochod\u00f3w pierwotnych (7,8 mld z\u0142) i dochod\u00f3w wt\u00f3rnych (0,1 mld z\u0142)&#8221; \u2014 wylicza NBP.<\/p>\n<p>        Eksport i import Polski<\/p>\n<p class=\"article_p\" data-section=\"detail-body\">Wed\u0142ug wst\u0119pnych danych w pa\u017adzierniku 2025 r. obroty towarowe osi\u0105gn\u0119\u0142y najwy\u017csz\u0105 warto\u015b\u0107 od marca 2023 r. Dynamiki eksportu i importu pozostaj\u0105 nadal niskie, cho\u0107 dodatnie.<\/p>\n<p class=\"article_p\" data-section=\"detail-body\">Warto\u015b\u0107 eksportu towar\u00f3w wzros\u0142a o 3,7 proc. w stosunku do analogicznego miesi\u0105ca 2024 r. i wynios\u0142a 137,5 mld z\u0142. Warto\u015b\u0107 importu zwi\u0119kszy\u0142a si\u0119 o 0,9 proc. w por\u00f3wnaniu z rokiem poprzednim i wynios\u0142a 135,2 mld z\u0142.<\/p>\n<p class=\"article_p\" data-section=\"detail-body\">W pa\u017adzierniku podobnie jak w poprzednich miesi\u0105cach najwi\u0119kszy wp\u0142yw na wzrost eksportu mia\u0142a rosn\u0105ca sprzeda\u017c pozosta\u0142ych towar\u00f3w konsumpcyjnych. Najwi\u0119ksze wzrosty w tej kategorii odnotowano w eksporcie odzie\u017cy, obuwia i konsol do gier wideo. Utrzyma\u0142a si\u0119 tak\u017ce wysoka dynamika sprzeda\u017cy autobus\u00f3w. Jednocze\u015bnie, wolniej ni\u017c w poprzednich miesi\u0105cach, ros\u0142a warto\u015b\u0107 eksportu produkt\u00f3w rolnych. Eksporterzy samochod\u00f3w osobowych, cz\u0119\u015bci motoryzacyjnych oraz towar\u00f3w zaopatrzeniowych odnotowali ponowne spadki.<\/p>\n<p class=\"article_p\" data-section=\"detail-body\">Zobacz tak\u017ce: <a href=\"https:\/\/businessinsider.com.pl\/wiadomosci\/spor-w-nbp-joanna-tyrowicz-bizancjum-pod-wieloma-wzgledami\/6ymte2v\" id=\"a925b1ab-fc82-4bcc-91ca-a7f6d49ad6c4\" rel=\"nofollow noopener\" target=\"_blank\">&#8222;Bizancjum&#8221; w NBP. Krytyczny g\u0142os z kluczowego organu banku<\/a><\/p>\n<p class=\"article_p\" data-section=\"detail-body\">Najwi\u0119kszy wp\u0142yw na wzrost importu mia\u0142o zwi\u0119kszenie warto\u015bci dostaw d\u00f3br inwestycyjnych (g\u0142\u00f3wnie komputer\u00f3w). Kolejny miesi\u0105c z rz\u0119du odnotowano wzrost importu samochod\u00f3w osobowych. Natomiast wyra\u017anie obni\u017cy\u0142a si\u0119 dynamika importu towar\u00f3w konsumpcyjnych (zar\u00f3wno trwa\u0142ych, jak i pozosta\u0142ych). Mniejszy, w por\u00f3wnaniu z pa\u017adziernikiem 2024 r., by\u0142 import produkt\u00f3w rolnych. Do os\u0142abienia dynamiki importu og\u00f3\u0142em przyczyni\u0142y si\u0119 r\u00f3wnie\u017c spadki cen paliw.<\/p>\n<p class=\"article_p\" data-section=\"detail-body\">Przychody z tytu\u0142u eksportu us\u0142ug wynios\u0142y 43 mld z\u0142 i w por\u00f3wnaniu z analogicznym miesi\u0105cem 2024 r. zwi\u0119kszy\u0142y si\u0119 o 1,8 mld z\u0142 (tj. o 4,5 proc.). Warto\u015b\u0107 rozchod\u00f3w wynios\u0142a 29,2 mld z\u0142 i wzros\u0142a o 1,7 mld z\u0142 (tj. o 6,2 proc.) w por\u00f3wnaniu z pa\u017adziernikiem 2024 r.<\/p>\n<p>        Bilans p\u0142atniczy Polski. Co z inwestycjami?<\/p>\n<p class=\"article_p\" data-section=\"detail-body\">NBP podaje, \u017ce saldo dochod\u00f3w pierwotnych by\u0142o ujemne i wynios\u0142o 7,8 mld z\u0142. W por\u00f3wnaniu z analogicznym okresem 2024 r. pog\u0142\u0119bi\u0142o si\u0119 o 0,6 mld z\u0142. Najwi\u0119kszy wp\u0142yw na pogorszenie si\u0119 ujemnego salda dochod\u00f3w pierwotnych mia\u0142o ujemne saldo dochod\u00f3w od inwestycji bezpo\u015brednich, kt\u00f3re pog\u0142\u0119bi\u0142o si\u0119 o 0,7 mld z\u0142. <\/p>\n<p class=\"article_p\" data-section=\"detail-body\">&#8222;Wp\u0142yn\u0105\u0142 na to spadek dochod\u00f3w polskich inwestor\u00f3w bezpo\u015brednich o 0,7 mld z\u0142 przy zachowaniu podobnego poziomu wyp\u0142at dochod\u00f3w zagranicznym inwestorom bezpo\u015brednim. W pa\u017adzierniku 2025 r. dochody zagranicznych inwestor\u00f3w bezpo\u015brednich wynios\u0142y 13,1 mld z\u0142. Na wielko\u015b\u0107 salda dochod\u00f3w pierwotnych oddzia\u0142ywa\u0142y r\u00f3wnie\u017c wyp\u0142aty dochod\u00f3w z tytu\u0142u inwestycji portfelowych oraz pozosta\u0142ych inwestycji (po 2,1 mld z\u0142)&#8221; \u2014 czytamy w komunikacie banku.<\/p>\n","protected":false},"excerpt":{"rendered":"Bilans p\u0142atniczy jest statystycznym zestawieniem obrot\u00f3w z zagranic\u0105, kt\u00f3re w odniesieniu do okre\u015blonego czasu, w usystematyzowany spos\u00f3b prezentuje&hellip;\n","protected":false},"author":2,"featured_media":152455,"comment_status":"","ping_status":"","sticky":false,"template":"","format":"standard","meta":{"footnotes":""},"categories":[5],"tags":[32,33,36,37,27,34,35,28,31,25,42,38,40,39,41,29,30,26],"class_list":{"0":"post-152454","1":"post","2":"type-post","3":"status-publish","4":"format-standard","5":"has-post-thumbnail","7":"category-naglowki","8":"tag-breaking-news","9":"tag-breakingnews","10":"tag-featured-news","11":"tag-featurednews","12":"tag-headlines","13":"tag-latest-news","14":"tag-latestnews","15":"tag-naglowki","16":"tag-najwazniejsze-artykuly","17":"tag-news","18":"tag-pl","19":"tag-poland","20":"tag-polish","21":"tag-polska","22":"tag-polski","23":"tag-top-stories","24":"tag-topstories","25":"tag-wiadomosci"},"share_on_mastodon":{"url":"","error":""},"_links":{"self":[{"href":"https:\/\/www.europesays.com\/pl\/wp-json\/wp\/v2\/posts\/152454","targetHints":{"allow":["GET"]}}],"collection":[{"href":"https:\/\/www.europesays.com\/pl\/wp-json\/wp\/v2\/posts"}],"about":[{"href":"https:\/\/www.europesays.com\/pl\/wp-json\/wp\/v2\/types\/post"}],"author":[{"embeddable":true,"href":"https:\/\/www.europesays.com\/pl\/wp-json\/wp\/v2\/users\/2"}],"replies":[{"embeddable":true,"href":"https:\/\/www.europesays.com\/pl\/wp-json\/wp\/v2\/comments?post=152454"}],"version-history":[{"count":0,"href":"https:\/\/www.europesays.com\/pl\/wp-json\/wp\/v2\/posts\/152454\/revisions"}],"wp:featuredmedia":[{"embeddable":true,"href":"https:\/\/www.europesays.com\/pl\/wp-json\/wp\/v2\/media\/152455"}],"wp:attachment":[{"href":"https:\/\/www.europesays.com\/pl\/wp-json\/wp\/v2\/media?parent=152454"}],"wp:term":[{"taxonomy":"category","embeddable":true,"href":"https:\/\/www.europesays.com\/pl\/wp-json\/wp\/v2\/categories?post=152454"},{"taxonomy":"post_tag","embeddable":true,"href":"https:\/\/www.europesays.com\/pl\/wp-json\/wp\/v2\/tags?post=152454"}],"curies":[{"name":"wp","href":"https:\/\/api.w.org\/{rel}","templated":true}]}}