{"id":152466,"date":"2025-12-15T17:31:14","date_gmt":"2025-12-15T17:31:14","guid":{"rendered":"https:\/\/www.europesays.com\/pl\/152466\/"},"modified":"2025-12-15T17:31:14","modified_gmt":"2025-12-15T17:31:14","slug":"zaginiona-pani-anna-z-polanicy-zdroju-odnaleziona-cala-i-zdrowa-wroclaw-pl","status":"publish","type":"post","link":"https:\/\/www.europesays.com\/pl\/152466\/","title":{"rendered":"Zaginiona pani Anna z Polanicy-Zdroju odnaleziona ca\u0142a i zdrowa &#8211; wroclaw.pl"},"content":{"rendered":"<ol>\n<li><a href=\"https:\/\/news.google.com\/rss\/articles\/CBMitAFBVV95cUxQOVB3TS1rQW02YU56eTVIY0pZbG5HZGp2UkltQnhZVk52RGk0d2hYbzFiYnJkbWk1SGFxT29sX0RRMlRyc0tTVGVxTUlFNDBTUkNZT21acVphWnlzSzZkVE5heFc5Y2ctakJqVVBzUU5QS2JHVmxBaTJPNmc3anY0TWp0QkFyVGYwNTF5ZGFmOUZlaUVUQ0Y0Ump3NFk1d0VWT2ZnWXYwOGpiamY4c2ZqYzE4Yzc?oc=5\" target=\"_blank\" rel=\"nofollow noopener\">Zaginiona pani Anna z Polanicy-Zdroju odnaleziona ca\u0142a i zdrowa<\/a>&nbsp;&nbsp;wroclaw.pl<\/li>\n<li><a href=\"https:\/\/news.google.com\/rss\/articles\/CBMipgFBVV95cUxQd0VjaGloSjFpSm9KUFNSWTJhc2FlMDJCMVptUWdRVUhnSmV1SkR3aDE1RVpsLWh0QmpPdFFlWjFDaU5NYko5NDFBVHVGUUlGV3VQSHhpTUpvTmNqcVpxNm1HNUlVTzFTRm43cFRKNnlvR0ZMOFdBall0N1FoRXdwcmxmUnNRTWZvYVVfemZZYThYeXdsZnVDZ2o2VE9YR1V3ZXFlMGln?oc=5\" target=\"_blank\" rel=\"nofollow noopener\">Zagin\u0119\u0142a trenerka personalna. Poszukiwania Anny Potockiej<\/a>&nbsp;&nbsp;o2.pl<\/li>\n<li><a href=\"https:\/\/news.google.com\/rss\/articles\/CBMiygFBVV95cUxQeVlPQ1FtOXhVVS11YWVSS3ZOODJhY2ZDczA2bFhsUGJsLTM4aV9qbHpXRzI5dmdjaGlULU1CN09tblMxdUtDS2s2SlEtdmgxT1huQ2Y3TlZNdXkyeWFWbGpZd3ZkdnM3Q29XalVnZWlZVnl5bkJhcmtSVFdKSkdGRzB2cFRsenEwTHl0Yk5xUVBpVmozc2ZWZVljMlFrelZ6MzFFNkRtazI0Z1l3ZEhjaHcyajFtbFFSTU5sTzY3a0hLTWZYMFlnRVFR?oc=5\" target=\"_blank\" rel=\"nofollow noopener\">BARDZO WA\u017bNE. Zagin\u0119\u0142a 48-letnia mieszkanka Polanicy-Zdroju. Ostatnio widziana by\u0142a we Wroc\u0142awiu<\/a>&nbsp;&nbsp;DOBA<\/li>\n<li><a href=\"https:\/\/news.google.com\/rss\/articles\/CBMiqAFBVV95cUxNTTlOSF9UNzFuRzZQT0xPY0p1WWJ0U2lqcU1IbEpCMnZBNWM3cUhOOHRCYUtZX1NpdzZYXzh4RkV6Zy1ZN3JHS0MwVUtUZEtFcmVjWTYxcEphN1Rub3FNTEZYMUxjYWpCM2tqUzg5bjIwaXNCejh0Y2RHdmszY0l6eWR1Q05fU0V4TXVNQmxNa2YtNGp5Z0VkZjRjWVBpeVprcG50MmtwYTU?oc=5\" target=\"_blank\" rel=\"nofollow noopener\">Anna zagin\u0119\u0142a we Wroc\u0142awiu. Rozpaczliwy apel rodziny. &#8222;Prosz\u0119&#8221;<\/a>&nbsp;&nbsp;Radio Zet<\/li>\n<li><a href=\"https:\/\/news.google.com\/rss\/articles\/CBMi7gFBVV95cUxQYm5LVjlMei1uQ3h5bkZKNzM4Vlh4dVowSFpOMjU4eDNEOXNDWmNuVmV6OEQ3bmtSalo4WENmbnY4RE9vVkhXUVdnLXZQNjJyc3poZmYwWnpQbkVEM3JLcDlBei1JOE1vZ0NHaEF5NmFnYUN4MUZTSU9xcm1YSUlSMlB6cU56SDdJRXdEc2ZvX0VMeWFhRFJIMGhPYlVEd0FrdVI0OE5uMTN2YlhIczV0WXM4Tm12OW0tUjBkUWtFeE5LOFVUcVprbW13bG1DRU41azVoQXZEQjlwb2h0dGdWTVFmTUREbTVHcTAxQ0FR?oc=5\" target=\"_blank\" rel=\"nofollow noopener\">Zagin\u0119\u0142a trenerka personalna! 48-letnia Anna przepad\u0142a bez wie\u015bci. Tam by\u0142a widziana po raz ostatni [AKTUALIZACJA]<\/a>&nbsp;&nbsp;Super Express<\/li>\n<\/ol>\n","protected":false},"excerpt":{"rendered":"Zaginiona pani Anna z Polanicy-Zdroju odnaleziona ca\u0142a i zdrowa&nbsp;&nbsp;wroclaw.pl Zagin\u0119\u0142a trenerka personalna. Poszukiwania Anny Potockiej&nbsp;&nbsp;o2.pl BARDZO WA\u017bNE. Zagin\u0119\u0142a&hellip;\n","protected":false},"author":2,"featured_media":78377,"comment_status":"","ping_status":"","sticky":false,"template":"","format":"standard","meta":{"footnotes":""},"categories":[5],"tags":[32,33,36,37,27,34,35,28,31,25,42,38,40,39,41,29,30,26],"class_list":{"0":"post-152466","1":"post","2":"type-post","3":"status-publish","4":"format-standard","5":"has-post-thumbnail","7":"category-naglowki","8":"tag-breaking-news","9":"tag-breakingnews","10":"tag-featured-news","11":"tag-featurednews","12":"tag-headlines","13":"tag-latest-news","14":"tag-latestnews","15":"tag-naglowki","16":"tag-najwazniejsze-artykuly","17":"tag-news","18":"tag-pl","19":"tag-poland","20":"tag-polish","21":"tag-polska","22":"tag-polski","23":"tag-top-stories","24":"tag-topstories","25":"tag-wiadomosci"},"share_on_mastodon":{"url":"https:\/\/pubeurope.com\/@pl\/115724778566777001","error":""},"_links":{"self":[{"href":"https:\/\/www.europesays.com\/pl\/wp-json\/wp\/v2\/posts\/152466","targetHints":{"allow":["GET"]}}],"collection":[{"href":"https:\/\/www.europesays.com\/pl\/wp-json\/wp\/v2\/posts"}],"about":[{"href":"https:\/\/www.europesays.com\/pl\/wp-json\/wp\/v2\/types\/post"}],"author":[{"embeddable":true,"href":"https:\/\/www.europesays.com\/pl\/wp-json\/wp\/v2\/users\/2"}],"replies":[{"embeddable":true,"href":"https:\/\/www.europesays.com\/pl\/wp-json\/wp\/v2\/comments?post=152466"}],"version-history":[{"count":0,"href":"https:\/\/www.europesays.com\/pl\/wp-json\/wp\/v2\/posts\/152466\/revisions"}],"wp:featuredmedia":[{"embeddable":true,"href":"https:\/\/www.europesays.com\/pl\/wp-json\/wp\/v2\/media\/78377"}],"wp:attachment":[{"href":"https:\/\/www.europesays.com\/pl\/wp-json\/wp\/v2\/media?parent=152466"}],"wp:term":[{"taxonomy":"category","embeddable":true,"href":"https:\/\/www.europesays.com\/pl\/wp-json\/wp\/v2\/categories?post=152466"},{"taxonomy":"post_tag","embeddable":true,"href":"https:\/\/www.europesays.com\/pl\/wp-json\/wp\/v2\/tags?post=152466"}],"curies":[{"name":"wp","href":"https:\/\/api.w.org\/{rel}","templated":true}]}}