{"id":152475,"date":"2025-12-15T17:36:13","date_gmt":"2025-12-15T17:36:13","guid":{"rendered":"https:\/\/www.europesays.com\/pl\/152475\/"},"modified":"2025-12-15T17:36:13","modified_gmt":"2025-12-15T17:36:13","slug":"zrezygnowana-wenezuela-czeka-na-amerykanskie-bomby-oko-press","status":"publish","type":"post","link":"https:\/\/www.europesays.com\/pl\/152475\/","title":{"rendered":"Zrezygnowana Wenezuela czeka na ameryka\u0144skie bomby &#8211; OKO.press"},"content":{"rendered":"<ol>\n<li><a href=\"https:\/\/news.google.com\/rss\/articles\/CBMiekFVX3lxTE1iTWNNRXlmUVJGXzhzWUp4eTZxV1J1b0xWLVpLcFhmNk1KVFVaZkMxRTlrNlVPS1hkei1obnVCWXBUakphQmRVQ3dNVlFhV3JIdWl1bWpJUlVzYVprU1pBTnVFaFJaaGFHZjZVV1NEd0ItTUtJekY3VE93?oc=5\" target=\"_blank\" rel=\"nofollow noopener\">Zrezygnowana Wenezuela czeka na ameryka\u0144skie bomby<\/a>&nbsp;&nbsp;OKO.press<\/li>\n<li><a href=\"https:\/\/news.google.com\/rss\/articles\/CBMivwFBVV95cUxQdzVRbXI4QXpvS1JtTWppY0RGM01zTEQ1aTBPZmdvUUZSZ3ZtaWVaekNjU3owUDQxZ3I2MnZiOWVobThNXy1TOUN3d3dfZ3VfdThWYU9LRU5jekVTbHAwSDhyR3BER1hYMTRydENtaWNZUU5wcm5TdmZieUR0bUEwZTFVZFY3aFF2RUdtN19RMTNCUEpXU0FJN0VYWVZHTXEzY1dycVdSVUp3cFQ3bmdxamJVb1NNeE1JRjhOcVZKZw?oc=5\" target=\"_blank\" rel=\"nofollow noopener\">Parali\u017c eksportu. Statki zawracaj\u0105<\/a>&nbsp;&nbsp;TVN24<\/li>\n<li><a href=\"https:\/\/news.google.com\/rss\/articles\/CBMirwFBVV95cUxOc1l6ZlZ6elB5aHZTMDJ6RDlrSE54TWJUMlM3aDI2WXRKTmFIRVk3VjdIQlhlQkNpcEhQUlpoTXpZanVTbG9wYUdrMURXdWJVaWhSM1djN012MXoxVzJVdW45U2s3dTN4YVBMbmxpckJPZTJETDdmbXJhdG4tRVNPVWVINlVKQjNQanJyQmh5YjNXbEo4aXNrUF9Ja0NpRXVMVXotdkNnU2s3U2tsX2Jn?oc=5\" target=\"_blank\" rel=\"nofollow noopener\">Tankowce zawracaj\u0105. Parali\u017c eksportu ropy \u015bwiatowego potentata<\/a>&nbsp;&nbsp;RMF24<\/li>\n<li><a href=\"https:\/\/news.google.com\/rss\/articles\/CBMiwwFBVV95cUxOT0JHcWQyOWM2VmtBV0gwVmVzRkowZ2NxQnF3dE5KQzV4TTFYeDE2UXcyc1hrOTlsNEd3eGlpLTY1c2lXT2ZyTXJ1SWN4eFlNNFFSVk1YWkRyWC1ZM3hBTGhpeFk3ekNKY05jWTNuOTM4ZFQ1SWxnVml3dE9wUzZMc2lQYW9USUhCd0JCQ1FUc2M5RS1ZbkpsRjN6UXJ2bWtKNmZxWVpCbkJxSlhXd203LU1BZGdFZ25uN2hFOHZXYmg1MUU?oc=5\" target=\"_blank\" rel=\"nofollow noopener\">USA zaciskaj\u0105 p\u0119tl\u0119 na wenezuelskiej ropie. \u015awiatowy rynek nie bije jednak na alarm. Polityczna bro\u0144 Trumpa bez efektu domina [ANALIZA]<\/a>&nbsp;&nbsp;Onet Wiadomo\u015bci<\/li>\n<li><a href=\"https:\/\/news.google.com\/rss\/articles\/CBMiygFBVV95cUxOOXdnOUt2MHVJNHZOWFRSTGp6bkFkVzdzM0ROQWxnTC1zODlfckRPQUhVMzM1WmJMbjR0YmVjaFA3TnhzVUdNdm1fa3BTdzZLTXBnYUlaVVR3Q2g2dF9kU0JyOVhuLUJDT1NoVGdQNUozUlVQSEREcHF5bVEya2djU3BtVWtwMkhoLTR3eV9VVUtsWXFBWXpiSWtWLTJOWlp2aUpNN2E4TjFrOEVtaWJyempLTGlibGE3eUY4WmxscnBmWW1WUVVDczVB?oc=5\" target=\"_blank\" rel=\"nofollow noopener\">Donald Trump obali rz\u0105d w Ameryce Po\u0142udniowej? \u201eTo tradycja ameryka\u0144skiej polityki\u201d<\/a>&nbsp;&nbsp;Rzeczpospolita<\/li>\n<\/ol>\n","protected":false},"excerpt":{"rendered":"Zrezygnowana Wenezuela czeka na ameryka\u0144skie bomby&nbsp;&nbsp;OKO.press Parali\u017c eksportu. Statki zawracaj\u0105&nbsp;&nbsp;TVN24 Tankowce zawracaj\u0105. Parali\u017c eksportu ropy \u015bwiatowego potentata&nbsp;&nbsp;RMF24 USA&hellip;\n","protected":false},"author":2,"featured_media":152476,"comment_status":"","ping_status":"","sticky":false,"template":"","format":"standard","meta":{"footnotes":""},"categories":[14],"tags":[32,33,27,34,35,28,31,25,40,41,80,29,30,26,82,83,84],"class_list":{"0":"post-152475","1":"post","2":"type-post","3":"status-publish","4":"format-standard","5":"has-post-thumbnail","7":"category-swiat","8":"tag-breaking-news","9":"tag-breakingnews","10":"tag-headlines","11":"tag-latest-news","12":"tag-latestnews","13":"tag-naglowki","14":"tag-najwazniejsze-artykuly","15":"tag-news","16":"tag-polish","17":"tag-polski","18":"tag-swiat","19":"tag-top-stories","20":"tag-topstories","21":"tag-wiadomosci","22":"tag-world","23":"tag-world-news","24":"tag-worldnews"},"share_on_mastodon":{"url":"https:\/\/pubeurope.com\/@pl\/115724798095314229","error":""},"_links":{"self":[{"href":"https:\/\/www.europesays.com\/pl\/wp-json\/wp\/v2\/posts\/152475","targetHints":{"allow":["GET"]}}],"collection":[{"href":"https:\/\/www.europesays.com\/pl\/wp-json\/wp\/v2\/posts"}],"about":[{"href":"https:\/\/www.europesays.com\/pl\/wp-json\/wp\/v2\/types\/post"}],"author":[{"embeddable":true,"href":"https:\/\/www.europesays.com\/pl\/wp-json\/wp\/v2\/users\/2"}],"replies":[{"embeddable":true,"href":"https:\/\/www.europesays.com\/pl\/wp-json\/wp\/v2\/comments?post=152475"}],"version-history":[{"count":0,"href":"https:\/\/www.europesays.com\/pl\/wp-json\/wp\/v2\/posts\/152475\/revisions"}],"wp:featuredmedia":[{"embeddable":true,"href":"https:\/\/www.europesays.com\/pl\/wp-json\/wp\/v2\/media\/152476"}],"wp:attachment":[{"href":"https:\/\/www.europesays.com\/pl\/wp-json\/wp\/v2\/media?parent=152475"}],"wp:term":[{"taxonomy":"category","embeddable":true,"href":"https:\/\/www.europesays.com\/pl\/wp-json\/wp\/v2\/categories?post=152475"},{"taxonomy":"post_tag","embeddable":true,"href":"https:\/\/www.europesays.com\/pl\/wp-json\/wp\/v2\/tags?post=152475"}],"curies":[{"name":"wp","href":"https:\/\/api.w.org\/{rel}","templated":true}]}}