{"id":152477,"date":"2025-12-15T17:38:10","date_gmt":"2025-12-15T17:38:10","guid":{"rendered":"https:\/\/www.europesays.com\/pl\/152477\/"},"modified":"2025-12-15T17:38:10","modified_gmt":"2025-12-15T17:38:10","slug":"gwiazda-tvn-reaguje-po-glosnym-wyroku-zniszczyly-moje-zycie","status":"publish","type":"post","link":"https:\/\/www.europesays.com\/pl\/152477\/","title":{"rendered":"Gwiazda TVN reaguje po g\u0142o\u015bnym wyroku. &#8222;Zniszczy\u0142y moje \u017cycie&#8221;"},"content":{"rendered":"<p class=\"Paragraph_desktopParagraph__Fd2e9\">&#8222;S\u0105d Okr\u0119gowy w Katowicach w\u0142a\u015bnie og\u0142osi\u0142 wyrok w sprawie Adama Kornackiego i Patryka Mikiciuka. Obaj nasi klienci zostali uniewinnieni od stawianego im zarzutu. Dzi\u0119kuj\u0119 za \u015bwietn\u0105 wsp\u00f3\u0142prac\u0119 p. mec. Aleksandrze Kokoszce i mec. B\u0142a\u017cejowi Biedulskiemu. Prawda i prawo zwyci\u0119\u017cy\u0142y&#8221; \u2014 napisa\u0142 na platformie X adwokat Jakub Wende.<\/p>\n<p class=\"VideoPlayerText_videoPlayerText__zrtJk\">Dalszy ci\u0105g materia\u0142u pod wideo<\/p>\n<p class=\"Paragraph_desktopParagraph__Fd2e9\">Uzasadnienie wyroku nie zosta\u0142o jeszcze upublicznione. Do przebiegu zdarze\u0144, kt\u00f3re mia\u0142y miejsce w pa\u017adzierniku 2024 r. w Katowicach, dotar\u0142a jednak Wyborcza.pl. Jak opisuje serwis, dziennikarze mieli pozna\u0107 dwie kobiety w jednym z lokali rozrywkowych, po czym wszyscy wsp\u00f3lnie wsiedli do taks\u00f3wki i udali si\u0119 do wynajmowanego przez kobiety apartamentu przy ulicy Bytkowskiej.<\/p>\n<p class=\"Paragraph_desktopParagraph__Fd2e9\">Wed\u0142ug prokuratury to w\u0142a\u015bnie tam mia\u0142o doj\u015b\u0107 do przest\u0119pstwa. \u015aledczy twierdzili, \u017ce kobiety by\u0142y w stanie g\u0142\u0119bokiego upojenia alkoholowego i nie by\u0142y w stanie \u015bwiadomie wyrazi\u0107 zgody. Jedna z nich mia\u0142a jeszcze zdo\u0142a\u0107 zadzwoni\u0107 do kole\u017canki, kt\u00f3ra \u2014 jak wynika z relacji \u2014 s\u0142ysza\u0142a przez telefon krzyki w tle. Po przybyciu na miejsce znajome kobiet mia\u0142y zasta\u0107 je cz\u0119\u015bciowo rozebrane i bez kontaktu, a sytuacj\u0119 zarejestrowa\u0107 telefonem.<\/p>\n<p class=\"Paragraph_desktopParagraph__Fd2e9\">Zawiadomienie o podejrzeniu pope\u0142nienia przest\u0119pstwa z\u0142o\u017cy\u0142a jedna z kole\u017canek kobiet, kt\u00f3re znajdowa\u0142y si\u0119 w mieszkaniu.<\/p>\n<p class=\"Paragraph_desktopParagraph__Fd2e9\">Adam Kornacki i Patryk Mikiciuk od pocz\u0105tku post\u0119powania nie przyznawali si\u0119 do winy. W ich wersji wydarze\u0144 spotkanie mia\u0142o charakter towarzyski, a relacje intymne odby\u0142y si\u0119 za zgod\u0105 obu kobiet. Podkre\u015blali, \u017ce nie by\u0142y one nieprzytomne, a sytuacja zmieni\u0142a si\u0119 dopiero po wej\u015bciu do mieszkania ich znajomych.<\/p>\n<p class=\"Paragraph_desktopParagraph__Fd2e9\">Jak relacjonuje Wyborcza.pl, oskar\u017ceni twierdzili r\u00f3wnie\u017c, \u017ce przy opuszczaniu apartamentu jedna z kobiet mia\u0142a grozi\u0107 im konsekwencjami finansowymi, je\u015bli nagrany materia\u0142 wideo ujrzy \u015bwiat\u0142o dzienne.<\/p>\n<p class=\"Paragraph_desktopParagraph__Fd2e9\">\u2014 Nie by\u0142o ani jednego argumentu za tym, \u017ceby jakikolwiek zarzut zosta\u0142 utrzymany. Ja jestem niezmiernie szcz\u0119\u015bliwy, \u017ce te wszystkie k\u0142amstwa, te wszystkie brednie, kt\u00f3re zosta\u0142y napisane w akcie oskar\u017cenia, zosta\u0142y teraz rozwiane. Te brednie zniszczy\u0142y mnie, zniszczy\u0142y moje \u017cycie i osobiste, i rodzinne, i zawodowe, i licz\u0119 na to, \u017ce teraz wszyscy razem, wsp\u00f3lnie z moj\u0105 rodzin\u0105 wygrzebiemy si\u0119 z tego i \u017ce po prostu b\u0119dzie dobrze \u2014 opisuje w nagraniu Adam Kornacki.<\/p>\n<p class=\"Paragraph_desktopParagraph__Fd2e9\">Po trzymiesi\u0119cznym procesie s\u0105d uzna\u0142, \u017ce brak jest podstaw do uznania winy oskar\u017conych. Sprawa, kt\u00f3ra od pocz\u0105tku budzi\u0142a ogromne emocje, zako\u0144czy\u0142a si\u0119 ich uniewinnieniem, cho\u0107 szczeg\u00f3\u0142owe motywy rozstrzygni\u0119cia pozostaj\u0105 na razie nieznane.<\/p>\n","protected":false},"excerpt":{"rendered":"&#8222;S\u0105d Okr\u0119gowy w Katowicach w\u0142a\u015bnie og\u0142osi\u0142 wyrok w sprawie Adama Kornackiego i Patryka Mikiciuka. Obaj nasi klienci zostali&hellip;\n","protected":false},"author":2,"featured_media":152478,"comment_status":"","ping_status":"","sticky":false,"template":"","format":"standard","meta":{"footnotes":""},"categories":[5],"tags":[32,33,36,37,27,4328,67,34,35,28,31,25,42,38,40,39,41,136,128,47,29,30,318,26,4329],"class_list":{"0":"post-152477","1":"post","2":"type-post","3":"status-publish","4":"format-standard","5":"has-post-thumbnail","7":"category-naglowki","8":"tag-breaking-news","9":"tag-breakingnews","10":"tag-featured-news","11":"tag-featurednews","12":"tag-headlines","13":"tag-influencerzy","14":"tag-intextvideo_splayer","15":"tag-latest-news","16":"tag-latestnews","17":"tag-naglowki","18":"tag-najwazniejsze-artykuly","19":"tag-news","20":"tag-pl","21":"tag-poland","22":"tag-polish","23":"tag-polska","24":"tag-polski","25":"tag-ps_detal_new","26":"tag-psv2","27":"tag-screening_general","28":"tag-top-stories","29":"tag-topstories","30":"tag-tvn","31":"tag-wiadomosci","32":"tag-wiadomosci_politics__news"},"share_on_mastodon":{"url":"https:\/\/pubeurope.com\/@pl\/115724806047973969","error":""},"_links":{"self":[{"href":"https:\/\/www.europesays.com\/pl\/wp-json\/wp\/v2\/posts\/152477","targetHints":{"allow":["GET"]}}],"collection":[{"href":"https:\/\/www.europesays.com\/pl\/wp-json\/wp\/v2\/posts"}],"about":[{"href":"https:\/\/www.europesays.com\/pl\/wp-json\/wp\/v2\/types\/post"}],"author":[{"embeddable":true,"href":"https:\/\/www.europesays.com\/pl\/wp-json\/wp\/v2\/users\/2"}],"replies":[{"embeddable":true,"href":"https:\/\/www.europesays.com\/pl\/wp-json\/wp\/v2\/comments?post=152477"}],"version-history":[{"count":0,"href":"https:\/\/www.europesays.com\/pl\/wp-json\/wp\/v2\/posts\/152477\/revisions"}],"wp:featuredmedia":[{"embeddable":true,"href":"https:\/\/www.europesays.com\/pl\/wp-json\/wp\/v2\/media\/152478"}],"wp:attachment":[{"href":"https:\/\/www.europesays.com\/pl\/wp-json\/wp\/v2\/media?parent=152477"}],"wp:term":[{"taxonomy":"category","embeddable":true,"href":"https:\/\/www.europesays.com\/pl\/wp-json\/wp\/v2\/categories?post=152477"},{"taxonomy":"post_tag","embeddable":true,"href":"https:\/\/www.europesays.com\/pl\/wp-json\/wp\/v2\/tags?post=152477"}],"curies":[{"name":"wp","href":"https:\/\/api.w.org\/{rel}","templated":true}]}}