{"id":152499,"date":"2025-12-15T17:50:11","date_gmt":"2025-12-15T17:50:11","guid":{"rendered":"https:\/\/www.europesays.com\/pl\/152499\/"},"modified":"2025-12-15T17:50:11","modified_gmt":"2025-12-15T17:50:11","slug":"ranking-zaufania-do-swiatowych-przywodcow-komu-najbardziej-ufaja-ukraincy","status":"publish","type":"post","link":"https:\/\/www.europesays.com\/pl\/152499\/","title":{"rendered":"Ranking zaufania do \u015bwiatowych przyw\u00f3dc\u00f3w. Komu najbardziej ufaj\u0105 Ukrai\u0144cy?"},"content":{"rendered":"<p>Keir Starmer, premier Wielkiej Brytanii, cieszy si\u0119 najwi\u0119kszym zaufaniem w\u015br\u00f3d Ukrai\u0144c\u00f3w &#8211; wynika z najnowszego badania zleconego przez Centrum Nowa Europa. Na podium znale\u017ali si\u0119 r\u00f3wnie\u017c kolejno: prezydent \u0141otwy Edgars Rink\u0113vi\u010ds oraz prezydent Francji Emmanuel Macron. Z kolei polski prezydent Karol Nawrocki zaj\u0105\u0142 19. miejsce, notuj\u0105c spadek w stosunku do zesz\u0142ego roku, kiedy na jego miejscu by\u0142 prezydent Andrzej Duda.<\/p>\n<p>                         &#13;<br \/>\n        &#13;<\/p>\n<p>                                        &#13;<br \/>\n                        &#13;<br \/>\n                            <img decoding=\"async\" src=\"https:\/\/www.europesays.com\/pl\/wp-content\/uploads\/2025\/12\/000M2TV579Q0SXE5-C123-F4.jpg\" title=\"Kt\u00f3rym przyw\u00f3dcom ufa najwi\u0119cej Ukrai\u0144c\u00f3w? Polska i USA z du\u017cym spadkiem\" alt=\"Kt\u00f3rym \u015bwiatowym przyw\u00f3dcom ufaj\u0105 Ukrai\u0144cy? Wyniki najnowszego badania (zdj. pogl\u0105dowe) \/Stefan Rousseau\/Press Association \/East News\" class=\"img-responsive\"\/>&#13;<\/p>\n<p>                            &#13;<\/p>\n<p>      &#13;<br \/>\n                            Kt\u00f3rym \u015bwiatowym przyw\u00f3dcom ufaj\u0105 Ukrai\u0144cy? Wyniki najnowszego badania (zdj. pogl\u0105dowe)&#13;<br \/>\n                                    \/Stefan Rousseau\/Press Association \/East News  &#13;\n                                    <\/p>\n<p>&#13;<\/p>\n<p>Pierwsze miejsce tegorocznego rankingu zaufania Ukrai\u0144c\u00f3w do \u015bwiatowych przyw\u00f3dc\u00f3w nale\u017cy do premiera Wielkiej Brytanii Keira Starmera. Politykowi ufa a\u017c 76,1 proc. respondent\u00f3w. Oznacza to wzrost w stosunku do ubieg\u0142ego roku o 24,1 p.p.<\/p>\n<p>Keir Starmer stanowisko premiera obj\u0105\u0142 w lipcu ubieg\u0142ego roku. Zast\u0105pi\u0142 na tym stanowisku polityka Partii Konserwatywnej Rishiego Sunaka.<\/p>\n<p>Zaraz za brytyjskim przyw\u00f3dc\u0105 znalaz\u0142 si\u0119 prezydent \u0141otwy\u00a0Edgars Rink\u0113vi\u010ds. Wskaza\u0142o go 73,5 proc. badanych.\u00a0<\/p>\n<p>Podium zamyka Emmanuel Macron, kt\u00f3ry uzyska\u0142 wynik 73,4 proc., co oznacza wzrost o 15 punkt\u00f3w procentowych\u00a0w stosunku do 2024 roku.<\/p>\n<p>Polskiemu prezydentowi &#8211; Karolowi Nawrockiemu &#8211; ufa 44 proc. respondent\u00f3w &#8211; wynika z tegorocznego badania. Polski polityk odnotowa\u0142 spadek o 20,6 p.p. w stosunku do zesz\u0142ego roku, kiedy g\u0142ow\u0105 pa\u0144stwa by\u0142 prezydent Andrzej Duda.<\/p>\n<p>Niemniej, jak wynika z opracowania Centrum Nowa Europa, zaufanie do polskiego przyw\u00f3dcy rok po roku mala\u0142o. Prezydent Duda w 2022 roku uzyska\u0142 wynik 86,8 proc. Rok p\u00f3\u017aniej zaufanie do niego zadeklarowa\u0142o 77,7 proc. badanych, a w zesz\u0142ym roku by\u0142o to 64,6 proc. To jednak w tym roku mo\u017cemy m\u00f3wi\u0107 o najwi\u0119kszym spadku &#8211; a\u017c o 20,6 p.p.<\/p>\n<p>R\u00f3wnie du\u017ca zmiana zasz\u0142a w wyniku ameryka\u0144skiego przyw\u00f3dcy &#8211; zaufanie do Donalda Trumpa zadeklarowa\u0142o w tym roku 24,4 proc. badanych, co oznacza spadek o 20,2 p.p.\u00a0w stosunku do ubieg\u0142ego roku, kiedy urz\u0119duj\u0105cym prezydentem USA by\u0142 Joe Biden.<\/p>\n<p>Jednak to Joe Biden zaliczy\u0142 najwi\u0119kszy spadek zaufania &#8211; a\u017c o 37,2 p.p. &#8211; kiedy to w 2024 roku wskaza\u0142o go 44,6 proc. respondent\u00f3w, a rok wcze\u015bniej, w 2023 r. &#8211; 81,8 proc. W 2022 r., kiedy rozpocz\u0119\u0142a si\u0119 inwazja Rosji na Ukrain\u0119, Bidenowi ufa\u0142o 79,4 proc. ankietowanych.<\/p>\n<p>Tegoroczne zestawienie zamykaj\u0105 kolejno:<\/p>\n<ul class=\"bullet\">\n<li>Viktor Orban, premier W\u0119gier &#8211; 12,4 proc.;<\/li>\n<li>Xi Jinping, przyw\u00f3dca Chin &#8211; 12,2 proc.;<\/li>\n<li>Alaksandr \u0141ukaszenka, bia\u0142oruski dyktator &#8211; 5,3 proc.;<\/li>\n<li>W\u0142adimir Putin, rosyjski dyktator &#8211; 1,2 proc.<\/li>\n<\/ul>\n<p>Badanie przeprowadzi\u0142 instytut badawczy Info Sapiens na zlecenie Centrum Nowa Europa w dn. 5-26 listopada 2025, na pr\u00f3bie reprezentatywnej 1000 respondent\u00f3w w wieku co najmniej 16 lat. Badanie przeprowadzono metod\u0105 CATI (wspomagany komputerowo wywiad telefoniczny).<\/p>\n","protected":false},"excerpt":{"rendered":"Keir Starmer, premier Wielkiej Brytanii, cieszy si\u0119 najwi\u0119kszym zaufaniem w\u015br\u00f3d Ukrai\u0144c\u00f3w &#8211; wynika z najnowszego badania zleconego przez&hellip;\n","protected":false},"author":2,"featured_media":152500,"comment_status":"","ping_status":"","sticky":false,"template":"","format":"standard","meta":{"footnotes":""},"categories":[14],"tags":[32,33,27,34,35,28,31,25,40,41,80,29,30,26,82,83,84],"class_list":{"0":"post-152499","1":"post","2":"type-post","3":"status-publish","4":"format-standard","5":"has-post-thumbnail","7":"category-swiat","8":"tag-breaking-news","9":"tag-breakingnews","10":"tag-headlines","11":"tag-latest-news","12":"tag-latestnews","13":"tag-naglowki","14":"tag-najwazniejsze-artykuly","15":"tag-news","16":"tag-polish","17":"tag-polski","18":"tag-swiat","19":"tag-top-stories","20":"tag-topstories","21":"tag-wiadomosci","22":"tag-world","23":"tag-world-news","24":"tag-worldnews"},"share_on_mastodon":{"url":"https:\/\/pubeurope.com\/@pl\/115724853596272064","error":""},"_links":{"self":[{"href":"https:\/\/www.europesays.com\/pl\/wp-json\/wp\/v2\/posts\/152499","targetHints":{"allow":["GET"]}}],"collection":[{"href":"https:\/\/www.europesays.com\/pl\/wp-json\/wp\/v2\/posts"}],"about":[{"href":"https:\/\/www.europesays.com\/pl\/wp-json\/wp\/v2\/types\/post"}],"author":[{"embeddable":true,"href":"https:\/\/www.europesays.com\/pl\/wp-json\/wp\/v2\/users\/2"}],"replies":[{"embeddable":true,"href":"https:\/\/www.europesays.com\/pl\/wp-json\/wp\/v2\/comments?post=152499"}],"version-history":[{"count":0,"href":"https:\/\/www.europesays.com\/pl\/wp-json\/wp\/v2\/posts\/152499\/revisions"}],"wp:featuredmedia":[{"embeddable":true,"href":"https:\/\/www.europesays.com\/pl\/wp-json\/wp\/v2\/media\/152500"}],"wp:attachment":[{"href":"https:\/\/www.europesays.com\/pl\/wp-json\/wp\/v2\/media?parent=152499"}],"wp:term":[{"taxonomy":"category","embeddable":true,"href":"https:\/\/www.europesays.com\/pl\/wp-json\/wp\/v2\/categories?post=152499"},{"taxonomy":"post_tag","embeddable":true,"href":"https:\/\/www.europesays.com\/pl\/wp-json\/wp\/v2\/tags?post=152499"}],"curies":[{"name":"wp","href":"https:\/\/api.w.org\/{rel}","templated":true}]}}