{"id":152501,"date":"2025-12-15T17:51:10","date_gmt":"2025-12-15T17:51:10","guid":{"rendered":"https:\/\/www.europesays.com\/pl\/152501\/"},"modified":"2025-12-15T17:51:10","modified_gmt":"2025-12-15T17:51:10","slug":"cztery-powody-dlaczego-polska-skorzysta-na-przekazaniu-ukrainie-mysliwcow-mig-29","status":"publish","type":"post","link":"https:\/\/www.europesays.com\/pl\/152501\/","title":{"rendered":"Cztery powody, dlaczego Polska skorzysta na przekazaniu Ukrainie my\u015bliwc\u00f3w MiG-29"},"content":{"rendered":"<p>Podczas konferencji prasowej 10 grudnia minister obrony W\u0142adys\u0142aw Kosiniak-Kamysz og\u0142osi\u0142, \u017ce Polska b\u0119dzie stara\u0142a si\u0119 przekazywa\u0107 Ukrainie my\u015bliwce MiG-29. Na to o\u015bwiadczenie zareagowali oburzeniem prezydenccy urz\u0119dnicy, twierdz\u0105c, \u017ce Karol Nawrocki nic nie wiedzia\u0142 o takich planach. Ta czcza awantura odwraca uwag\u0119 od faktu, \u017ce pozbycie si\u0119 przestarza\u0142ego poradzieckiego sprz\u0119tu dzia\u0142a na korzy\u015b\u0107 naszego kraju \u2014 pod wieloma wzgl\u0119dami.<\/p>\n<p>Zacznijmy od podstawowego faktu: w swoim obecnym stanie samoloty MiG-29 nie posiadaj\u0105 odpowiedniej warto\u015bci bojowej. Mog\u0105 kontrolowa\u0107 ruchy wrogich samolot\u00f3w wzd\u0142u\u017c polskich granic w czasie pokoju, jednak w bezpo\u015brednim starciu nowszymi rosyjskimi maszynami ich szanse s\u0105 znikome, szczeg\u00f3lnie w obecnym stanie technicznym.<\/p>\n<p>Od lat opisujemy liczne awarie tych maszyn. To naturalna konsekwencja tego, \u017ce od pocz\u0105tku lat 90. utrzymywali\u015bmy bardzo ograniczone relacje z rosyjskim producentem tego samolotu RSK MiG, a w 1994 r. zako\u0144czy\u0142 on ostatecznie produkcj\u0119 maszyn MiG-29. To wszystko prze\u0142o\u017cy\u0142o si\u0119 na dramatyczny brak cz\u0119\u015bci zamiennych do tych samolot\u00f3w.<\/p>\n<p>Tajemnic\u0105 poliszynela w Si\u0142ach Powietrznych jest fakt &#8222;kanibalizacji&#8221; MiG-\u00f3w, czyli faktycznego uziemiania kolejnych maszyn i wykorzystywania ich jako dawc\u00f3w cz\u0119\u015bci dla tych, kt\u00f3re znajduj\u0105 si\u0119 jeszcze w jako takim stanie.<\/p>\n<p class=\"ods-c-paragraph \">W 22. Bazie Lotnictwa Taktycznego w Malborku znajduje si\u0119 formalnie 14 poradzieckich my\u015bliwc\u00f3w. 14 grudnia w RMF FM wiceminister obrony Cezary Tomczyk poinformowa\u0142, \u017ce rozmowy o przekazaniu maszyn dotycz\u0105 sze\u015bciu do o\u015bmiu sztuk. Bardzo mo\u017cliwe, \u017ce s\u0105 to te maszyny, kt\u00f3re s\u0105 w stanie jeszcze wznie\u015b\u0107 si\u0119 w powietrze.<\/p>\n<p class=\"ods-c-paragraph \">Je\u017celi takich w miar\u0119 sprawnych samolot\u00f3w jest nawet wi\u0119cej, polska strona powinna robi\u0107 wszystko, aby jak najszybciej ich si\u0119 pozby\u0107. Utrzymywanie przestarza\u0142ych MiG-\u00f3w obci\u0105\u017ca bud\u017cet Si\u0142 Powietrznych bez \u017cadnego prze\u0142o\u017cenia na zdolno\u015bci bojowe tych samolot\u00f3w ani perspektyw ich modernizacji i rozwoju.<\/p>\n<p><img decoding=\"async\" src=\"https:\/\/www.europesays.com\/pl\/wp-content\/uploads\/2025\/12\/k8Qk9lBaHR0cHM6Ly9vY2RuLmV1L3B1bHNjbXMvTURBXy85OWY1MjQwMjhlYjNkMTk5ODdmZmQxYWNhODEyMmY4NS5qcGeSlQMAA.jpeg\" height=\"627\" width=\"940\" alt=\"MIG-29 w Bazie Lotnictwa Taktycznego w Malborku.\" loading=\"lazy\" class=\"ods-c-image__img ods-c-image__img--viewport-width\"\/><\/p>\n<p>MIG-29 w Bazie Lotnictwa Taktycznego w Malborku.Przemek Swiderski\/REPORTER \/ East News<\/p>\n<p class=\"ods-c-paragraph \">Zdj\u0119te z MiG-\u00f3w \u015brodki mog\u0105 by\u0107 przeznaczone na przyspieszenie rozwoju i integracji wielozadaniowych samolot\u00f3w F-35, kt\u00f3re obecnie s\u0105 jedynym sensownym rozwi\u0105zaniem dla polskiego wojska.<\/p>\n<p class=\"ods-c-paragraph \">Tak\u017ce Ukrai\u0144cy nie nawalcz\u0105 si\u0119 raczej naszymi MiG-ami. Raczej b\u0119d\u0105 je wykorzystywa\u0107 do przeciwdzia\u0142ania rosyjskim dronom i rakietom, kt\u00f3re maj\u0105 za zadanie niszczy\u0107 ukrai\u0144skie systemy infrastruktury. Do niedawna t\u0119 rol\u0119 bra\u0142y na siebie naziemne systemy obrony powietrznej. Jednak wobec wycofywania si\u0119 Amerykan\u00f3w z dostarczania do Kijowa pocisk\u00f3w ziemia-powietrze, najprawdopodobniej Ukrai\u0144cy postawi\u0105 na zwalczanie rosyjskich \u015brodk\u00f3w napadu pociskami powietrze-powietrze.<\/p>\n<p>   Koniec z igraniem \u017cyciem pilot\u00f3w <\/p>\n<p class=\"ods-c-paragraph \">Bezpo\u015bredni\u0105 konsekwencj\u0105 utrzymywania na si\u0142\u0119 anachronicznej floty jest dalsze igranie \u017cyciem pilot\u00f3w, kt\u00f3re ju\u017c zebra\u0142o \u015bmiertelne \u017cniwo. W artykule <a href=\"https:\/\/wiadomosci.onet.pl\/tylko-w-onecie\/fotel-smierci-dlaczego-zginal-kapitan-sobanski-tajemnica-katastrofy-mig-29\/newy4mv\" id=\"aae6e76d-2bf1-432d-9662-06856bb5efc1\" rel=\"nofollow noopener\" target=\"_blank\">&#8222;Fotel \u015bmierci. Dlaczego zgin\u0105\u0142 kapitan Soba\u0144ski&#8221;<\/a> opisali\u015bmy przyczyny \u015bmierci znakomitego pilota z Malborka, kt\u00f3re jak w soczewce skupiaj\u0105 problemy tego samolotu.<\/p>\n<p class=\"ods-c-paragraph \">6 lipca 2018 r. pilotowany przez Krzysztofa Soba\u0144skiego MiG-29 w wyniku kolejnej z wielu awarii do\u015bwiadczy\u0142 gwa\u0142townej utraty paliwa na Pas\u0142\u0119kiem. Pilot prawid\u0142owo wyprowadzi\u0142 maszyn\u0119 poza zaludniony obszar, lecz sam zgin\u0105\u0142 podczas katapultowania si\u0119, poniewa\u017c pozbawieni oryginalnych cz\u0119\u015bci do fotela katapultowego technicy z Wojskowych Zak\u0142ad\u00f3w Lotniczych nr 2 w Bydgoszczy na w\u0142asn\u0105 r\u0119k\u0119 pr\u00f3bowali go naprawia\u0107.<\/p>\n<p class=\"ods-c-paragraph \">W efekcie pozbawili fotel mo\u017cliwo\u015bci katapultowania. Przez kilka lat ka\u017cdy z pilot\u00f3w tego samolotu lata\u0142 z wyrokiem \u015bmierci. Pierwszym, kt\u00f3ry podj\u0105\u0142 pr\u00f3b\u0119 katapultowania by\u0142 w\u0142a\u015bnie kapitan Soba\u0144ski.<\/p>\n<p class=\"ods-c-paragraph \">Ledwie osiem miesi\u0119cy p\u00f3\u017aniej w okolicach W\u0119growa sterowno\u015b\u0107 straci\u0142 kolejny MiG-29 \u2014 na sprawnym ju\u017c fotelu musia\u0142 katapultowa\u0107 si\u0119 w\u00f3wczas kolejny pilot mjr Bartosz &#8222;Bravo&#8221; Kida. Do\u015bwiadczony pilot prze\u017cy\u0142, za to ca\u0142kowitemu zniszczeniu uleg\u0142 samolot, kt\u00f3ry rozbi\u0142 si\u0119 w okolicznym lesie.<\/p>\n<p class=\"ods-c-paragraph \">W sierpniu 2020 r. Prokuratura Okr\u0119gowa w Gda\u0144sku wszcz\u0119\u0142a <a href=\"https:\/\/wiadomosci.onet.pl\/tylko-w-onecie\/piloci-mig-29-opowiadaja-o-ukrywanych-incydentach-lotniczych\/prpz374\" id=\"13c86517-efa2-48de-ae7d-02d393564736\" rel=\"nofollow noopener\" target=\"_blank\">\u015bledztwo w sprawie ukrywania incydent\u00f3w lotniczych z udzia\u0142em MiG-29 w bazie w Malborku<\/a>. Nasi rozm\u00f3wcy z bazy opowiadali nam w\u00f3wczas, \u017ce ukrywanie takich incydent\u00f3w \u2014 i tym samym igranie z \u017cyciem pilot\u00f3w \u2014 to chleb powszedni w wojsku. Znamy te\u017c pilot\u00f3w MiG-29, kt\u00f3rzy odeszli z wojska, poniewa\u017c uznali, \u017ce ryzyko utraty \u017cycia na tych maszynach sta\u0142o si\u0119 po prostu zbyt wysokie.<\/p>\n<p class=\"ods-c-paragraph \">Planowane do przekazania Ukrainie my\u015bliwce to te, kt\u00f3rym w grudniu ko\u0144cz\u0105 si\u0119 resursy, czyli okres eksploatacji, po kt\u00f3rym instytucje techniczne nie b\u0119d\u0105 w stanie zagwarantowa\u0107 bezpiecznej i sprawnej pracy tych wys\u0142u\u017conych samolot\u00f3w. Zmuszeni wojn\u0105 ukrai\u0144scy piloci b\u0119d\u0105 podejmowa\u0107 skrajne ryzyko. Dysponuj\u0105ce znacznie bardziej nowoczesn\u0105 flot\u0105 polskie Si\u0142y Powietrzne nie musz\u0105 skazywa\u0107 na nie swoich pilot\u00f3w.<\/p>\n<p>   Ukrai\u0144skie technologie dronowe potrzebne na ju\u017c<\/p>\n<p class=\"ods-c-paragraph \">Zgodnie z deklaracj\u0105 Sztabu Generalnego Wojska Polskiego &#8222;w zwi\u0105zku z przekazaniem samolot\u00f3w prowadzone s\u0105 rozmowy ze stron\u0105 ukrai\u0144sk\u0105 w zakresie udost\u0119pnienia Polsce wybranych technologii dronowych i rakietowych&#8221;.<\/p>\n<p class=\"ods-c-paragraph \">Czytanie o technologiach rakietowych w kraju, kt\u00f3rego przemys\u0142 zbrojeniowy od lat nie potrafi rozwin\u0105\u0107 przytomnej produkcji znacznie przecie\u017c prostszych technologicznie pocisk\u00f3w artyleryjskich kalibru 155 mm wydaje si\u0119 zbyt odleg\u0142\u0105 perspektyw\u0105, aby w og\u00f3le j\u0105 tu omawia\u0107.<\/p>\n<p class=\"ods-c-paragraph \">Warto natomiast pochyli\u0107 si\u0119 nad technologiami dronowymi i antydronowymi, kt\u00f3re wydaj\u0105 si\u0119 szybsze do bezpo\u015bredniej implementacji. Stan na dzi\u015b jest taki, \u017ce Polska zbrojeni\u00f3wka nie nad\u0105\u017ca za dynamicznie rozwijaj\u0105cymi si\u0119 technologiami w tym zakresie. Nawi\u0105zuj\u0105ce w pewnym stopniu do rosyjskich i ukrai\u0144skich osi\u0105gni\u0119\u0107 drony FlyEye czy amunicja kr\u0105\u017c\u0105ca Warmate nie zapewniaj\u0105 nam wystarczaj\u0105cej obrony.<\/p>\n<p class=\"ods-c-paragraph \">Polska potrzebuje masowej produkcji dron\u00f3w, kt\u00f3re b\u0119d\u0105 mog\u0142y by\u0107 na bie\u017c\u0105co modyfikowane w zale\u017cno\u015bci od rosyjsko-ukrai\u0144skiego dronowego wy\u015bcigu zbroje\u0144. W podobnym zakresie potrzebujemy system\u00f3w antydronowych. A zatem za nasze samoloty powinni\u015bmy wymaga\u0107 od strony ukrai\u0144skiej nie tylko aktualnych technologii, ale te\u017c dost\u0119pu do tych, kt\u00f3re nadejd\u0105. Nie jest to wyg\u00f3rowana cena za pot\u0119\u017cne ilo\u015bci ci\u0119\u017ckiego sprz\u0119tu, a tak\u017ce wcze\u015bniej przekazane MiG-i w czasie, kiedy inni sojusznicy nie byli gotowi na takie kroki.<\/p>\n<p class=\"ods-c-paragraph \">A\u017ceby tak si\u0119 sta\u0142o, trzeba uwa\u017cnie przygl\u0105da\u0107 si\u0119 efektom rozm\u00f3w w trakcie zapowiadanej na pi\u0105tek wizyty prezydenta Ze\u0142enskiego w Warszawie, kiedy to ma zosta\u0107 dopi\u0119ta umowa na przekazanie my\u015bliwc\u00f3w MiG-29.<\/p>\n<p class=\"ods-c-paragraph \">Niestety, w zakresie um\u00f3w dronowych strona polska ma jak najgorsze do\u015bwiadczenia, po cz\u0119\u015bci z w\u0142asnej winy. Ledwie we wrze\u015bniu minister obrony Kosiniak-Kamysz podpisywa\u0142 przecie\u017c w Kijowie ze swoim odpowiednikiem Denysem Szmychalem dokumenty dotycz\u0105ce wsp\u00f3\u0142pracy w zakresie system\u00f3w bezza\u0142ogowych.<\/p>\n<p class=\"ods-c-paragraph \">Mia\u0142y one obejmowa\u0107 m.in. rozw\u00f3j i testowanie metod u\u017cycia bezza\u0142ogowc\u00f3w oraz przeciwdzia\u0142ania dronom, a zatem to, czego znowu oczekujemy. Zgodnie z nasz\u0105 wiedz\u0105 podpisana w Kijowie umowa jest praktycznie martwa. Dlatego tak wa\u017cne jest precyzyjne egzekwowanie od w\u0142adzy szczeg\u00f3\u0142\u00f3w najbli\u017cszej umowy.<\/p>\n<p>Ukraina daje czas nieprzygotowanej Polsce<\/p>\n<p class=\"ods-c-paragraph \">Wbrew zr\u0119cznej pod wzgl\u0119dem PR-u narracji w\u0142adz politycznych i wojskowych o bezpiecze\u0144stwie Polak\u00f3w, nasz kraj wci\u0105\u017c nie jest przygotowany do ewentualnego konfliktu z Rosj\u0105.<\/p>\n<p class=\"ods-c-paragraph \">Bezbronno\u015b\u0107 w zakresie wszechobecnych na wsp\u00f3\u0142czesnym polu walki system\u00f3w dronowych i antydronowych to tylko cz\u0119\u015b\u0107 szerszego problemu. Kolejny z fundament\u00f3w utrzymania frontu to artyleria, a polska zbrojeni\u00f3wka od lat nie jest w stanie zbudowa\u0107 kompetencji w zakresie produkcji amunicji artyleryjskiej kal. 155 mm.<\/p>\n<p class=\"ods-c-paragraph \">Cho\u0107 wraz z sojusznikami deklarujemy mia\u017cd\u017c\u0105c\u0105 przewag\u0119 nad Rosj\u0105 pod wzgl\u0119dem lotnictwa, to znacznie bladziej wygl\u0105daj\u0105 nasze zapasy rakiet lotniczych. Europejsk\u0105 pi\u0119t\u0105 achillesow\u0105 jest produkcja rakiet dalekiego zasi\u0119gu.<\/p>\n<p class=\"ods-c-paragraph \">W ogromnym stopniu jeste\u015bmy te\u017c uzale\u017cnieni od Amerykan\u00f3w w zakresie wywiadu i logistyki, bez kt\u00f3rych nie mo\u017cna sobie wyobrazi\u0107 skutecznych dzia\u0142a\u0144 wojennych. M\u00f3wi\u0105c o Europie i sojusznikach, nie mo\u017cemy te\u017c by\u0107 pewni, na kogo ostatecznie b\u0119dziemy mogli liczy\u0107, je\u015bli dojdzie do najgorszego, dlatego przede wszystkim musimy koncentrowa\u0107 si\u0119 na rozwoju w\u0142asnych mo\u017cliwo\u015bci.<\/p>\n<p class=\"ods-c-paragraph \">Obecnie rozwijamy jednak nasze systemy obronne zbyt wolno i zbyt chaotycznie. Dlatego do zbudowania realnej si\u0142y odstraszania potrzebujemy czasu \u2014 bardzo du\u017co czasu. Ten czas daje nam dostarczanie Ukrainie wszelkiej pomocy, kt\u00f3ra pomo\u017ce jej broni\u0107 si\u0119 przed Rosj\u0105.<\/p>\n<p class=\"ods-c-paragraph \">Z tych wszystkich powod\u00f3w dostarczenie Si\u0142om Zbrojnym Ukrainy naszych my\u015bliwc\u00f3w MiG-29 dzia\u0142a na nasz\u0105 korzy\u015b\u0107.<\/p>\n<p class=\"ods-c-paragraph \">PRZECZYTAJ: <a href=\"https:\/\/wiadomosci.onet.pl\/tylko-w-onecie\/kulisy-historycznej-umowy-na-zakup-okretow-podwodnych-to-nasze-miekkie-podbrzusze\/en823ee\" id=\"f5a0f401-84b1-4bea-ac21-35dafaf07b5f\" rel=\"nofollow noopener\" target=\"_blank\">Kulisy historycznej umowy na zakup okr\u0119t\u00f3w podwodnych. &#8222;Kto\u015b za\u017cartowa\u0142, \u017ce mamy dwa pontony i kilka kutr\u00f3w&#8221;<\/a><\/p>\n","protected":false},"excerpt":{"rendered":"Podczas konferencji prasowej 10 grudnia minister obrony W\u0142adys\u0142aw Kosiniak-Kamysz og\u0142osi\u0142, \u017ce Polska b\u0119dzie stara\u0142a si\u0119 przekazywa\u0107 Ukrainie my\u015bliwce&hellip;\n","protected":false},"author":2,"featured_media":152502,"comment_status":"","ping_status":"","sticky":false,"template":"","format":"standard","meta":{"footnotes":""},"categories":[12],"tags":[56,32,33,36,37,27,76,43,49,34,35,18618,28,31,48,25,46,42,38,40,39,41,47,29,30,415,26,617,161],"class_list":{"0":"post-152501","1":"post","2":"type-post","3":"status-publish","4":"format-standard","5":"has-post-thumbnail","7":"category-polska","8":"tag-article_premium","9":"tag-breaking-news","10":"tag-breakingnews","11":"tag-featured-news","12":"tag-featurednews","13":"tag-headlines","14":"tag-inwazja_rosji_na_ukraine","15":"tag-karol_nawrocki","16":"tag-kraj","17":"tag-latest-news","18":"tag-latestnews","19":"tag-mig_29","20":"tag-naglowki","21":"tag-najwazniejsze-artykuly","22":"tag-nat_styl","23":"tag-news","24":"tag-omp","25":"tag-pl","26":"tag-poland","27":"tag-polish","28":"tag-polska","29":"tag-polski","30":"tag-screening_general","31":"tag-top-stories","32":"tag-topstories","33":"tag-ukraina","34":"tag-wiadomosci","35":"tag-wladyslaw_kosiniak_kamysz","36":"tag-wojsko"},"share_on_mastodon":{"url":"https:\/\/pubeurope.com\/@pl\/115724857541707476","error":""},"_links":{"self":[{"href":"https:\/\/www.europesays.com\/pl\/wp-json\/wp\/v2\/posts\/152501","targetHints":{"allow":["GET"]}}],"collection":[{"href":"https:\/\/www.europesays.com\/pl\/wp-json\/wp\/v2\/posts"}],"about":[{"href":"https:\/\/www.europesays.com\/pl\/wp-json\/wp\/v2\/types\/post"}],"author":[{"embeddable":true,"href":"https:\/\/www.europesays.com\/pl\/wp-json\/wp\/v2\/users\/2"}],"replies":[{"embeddable":true,"href":"https:\/\/www.europesays.com\/pl\/wp-json\/wp\/v2\/comments?post=152501"}],"version-history":[{"count":0,"href":"https:\/\/www.europesays.com\/pl\/wp-json\/wp\/v2\/posts\/152501\/revisions"}],"wp:featuredmedia":[{"embeddable":true,"href":"https:\/\/www.europesays.com\/pl\/wp-json\/wp\/v2\/media\/152502"}],"wp:attachment":[{"href":"https:\/\/www.europesays.com\/pl\/wp-json\/wp\/v2\/media?parent=152501"}],"wp:term":[{"taxonomy":"category","embeddable":true,"href":"https:\/\/www.europesays.com\/pl\/wp-json\/wp\/v2\/categories?post=152501"},{"taxonomy":"post_tag","embeddable":true,"href":"https:\/\/www.europesays.com\/pl\/wp-json\/wp\/v2\/tags?post=152501"}],"curies":[{"name":"wp","href":"https:\/\/api.w.org\/{rel}","templated":true}]}}