{"id":152503,"date":"2025-12-15T17:52:09","date_gmt":"2025-12-15T17:52:09","guid":{"rendered":"https:\/\/www.europesays.com\/pl\/152503\/"},"modified":"2025-12-15T17:52:09","modified_gmt":"2025-12-15T17:52:09","slug":"dziennikarze-tvn-uniewinnieni-od-zarzutu-gwaltu-wiadomo-do-czego-doszlo-w-mieszkaniu","status":"publish","type":"post","link":"https:\/\/www.europesays.com\/pl\/152503\/","title":{"rendered":"Dziennikarze TVN uniewinnieni od zarzutu gwa\u0142tu. Wiadomo, do czego dosz\u0142o w mieszkaniu"},"content":{"rendered":"<p class=\"Paragraph_desktopParagraph__U31Gm\"><a href=\"https:\/\/plejada.pl\/newsy\/zapadl-wyrok-w-sprawie-oskarzonych-o-gwalt-dziennikarzy-tvn-turbo-sad-zdecydowal\/vqjgq7h\" id=\"0b8e7294-d052-4b49-88c3-a965c9abe35f\" rel=\"nofollow noopener\" target=\"_blank\">Zapad\u0142 wyrok w sprawie Adama Kornackiego i Patryka Mikiciuka<\/a>, kt\u00f3rzy zostali oskar\u017ceni o gwa\u0142t na dw\u00f3ch kobietach w Katowicach.<\/p>\n<p class=\"Paragraph_desktopParagraph__U31Gm\">&#8222;S\u0105d Okr\u0119gowy w Katowicach w\u0142a\u015bnie og\u0142osi\u0142 wyrok w sprawie Adama Kornackiego i Patryka Mikiciuka. Obaj nasi klienci zostali uniewinnieni od stawianego im zarzutu. Dzi\u0119kuj\u0119 za \u015bwietn\u0105 wsp\u00f3\u0142prac\u0119 p. Mec. Aleksandrze Kokoszce i mec. B\u0142a\u017cejowi Biedulskiemu. Prawda i prawo zwyci\u0119\u017cy\u0142y&#8221; \u2014 przekaza\u0142 mecenas Jakub Wende, reprezentuj\u0105cy dziennikarzy, na platformie X.<\/p>\n<p class=\"Paragraph_desktopParagraph__U31Gm\">Nied\u0142ugo po ujawnieniu tej informacji dziennikarze zabrali g\u0142os w mediach spo\u0142eczno\u015bciowych. <a href=\"https:\/\/plejada.pl\/newsy\/patryk-mikiciuk-zabral-glos-po-wyroku-sadu-jeden-z-najwiekszych-horrorow-jaki\/ddhrhwg\" id=\"e5a3af27-033f-465c-b32a-dbfccf4cf468\" rel=\"nofollow noopener\" target=\"_blank\">Patryk Mikiciuk przyzna\u0142,<\/a> \u017ce by\u0142o to dla niego bardzo trudne prze\u017cycie. Jednocze\u015bnie podzi\u0119kowa\u0142 bliskim za wsparcie okazywane mu podczas procesu s\u0105dowego.<\/p>\n<ul class=\"OchatFollowUps_wrapper__1ry7X\">\n<li class=\"OchatFollowUps_item__Dhyly OchatFollowUps_itemDesktop__R6aBv\">Jak d\u0142ugo trwa\u0142 proces s\u0105dowy?<\/li>\n<li class=\"OchatFollowUps_item__Dhyly OchatFollowUps_itemDesktop__R6aBv\">Kiedy zapad\u0142 wyrok w sprawie dziennikarzy?<\/li>\n<li class=\"OchatFollowUps_item__Dhyly OchatFollowUps_itemDesktop__R6aBv\">Kto reprezentowa\u0142 dziennikarzy w s\u0105dzie?<\/li>\n<li class=\"OchatFollowUps_item__Dhyly OchatFollowUps_itemDesktop__R6aBv\">Czy s\u0105 znane szczeg\u00f3\u0142y wyroku?<\/li>\n<\/ul>\n<p>Dziennikarze TVN Turbo uniewinnieni <\/p>\n<p class=\"Paragraph_desktopParagraph__U31Gm\">Nie jest te\u017c znane uzasadnienie wyroku S\u0105du Okr\u0119gowego w Katowicach. Wyborcza.pl odtworzy\u0142a wydarzenia z pa\u017adziernika 2024 r. Dziennikarze dosiedli si\u0119 do bawi\u0105cych si\u0119 w jednym z lokali kobiet. Imiona zosta\u0142y zmienione.<\/p>\n<p class=\"Paragraph_desktopParagraph__U31Gm\">Kobiety &#8222;wsiad\u0142y z dziennikarzami do taks\u00f3wki i ruszy\u0142y w stron\u0119 wynaj\u0119tego przez siebie apartamentu na ulicy Bytkowskiej&#8221;.<\/p>\n<blockquote>\n<p class=\"Paragraph_desktopParagraph__U31Gm\">Zdaniem prokuratury to tam mia\u0142o doj\u015b\u0107 do gwa\u0142tu. Wed\u0142ug \u015bledczych upojone alkoholem kobiety wtedy ju\u017c &#8222;nie kontaktowa\u0142y&#8221;, ale Magda zdo\u0142a\u0142a jeszcze wybra\u0107 numer do Ani. A ta mia\u0142a s\u0142ysze\u0107, jak kto\u015b krzycza\u0142 &#8222;nie dotykaj&#8221; i &#8222;zostaw&#8221;. Dagmara i Ania wsiad\u0142y wi\u0119c do samochodu i pojecha\u0142y na Bytkowsk\u0105. Drzwi otworzy\u0142 im roznegli\u017cowany Patryk Mikiciuk. Wed\u0142ug prokuratury Magda i Renata le\u017ca\u0142y na kanapie go\u0142e od pasa w d\u00f3\u0142. Nie by\u0142o z nimi kontaktu. Ich kole\u017canki nagra\u0142y to telefonem.<\/p>\n<\/blockquote>\n<p class=\"Paragraph_desktopParagraph__U31Gm\">\u2014 czytamy w artykule Wyborczej.<\/p>\n<p class=\"Paragraph_desktopParagraph__U31Gm\">O podejrzeniu pope\u0142nienia przest\u0119pstwa poinformowa\u0142a ich znajoma, kt\u00f3ra uda\u0142a si\u0119 do mieszkania.<\/p>\n<p class=\"Paragraph_desktopParagraph__U31Gm\">Dziennikarze przez ca\u0142y czas nie przyznawali si\u0119 do winy \u2014 w mieszkaniu &#8222;pili alkohol, ta\u0144czyli, a potem za zgod\u0105 kobiet uprawiali z nimi seks. Zapewniali te\u017c, \u017ce Magda i Renata nie by\u0142y nieprzytomne, a przesta\u0142y si\u0119 odzywa\u0107 dopiero wtedy, gdy do mieszkania wpad\u0142y ich kole\u017canki. Kornacki i Mikiciuk twierdzili tak\u017ce, \u017ce kiedy opuszczali mieszkanie, jedna z kobiet krzycza\u0142a, \u017ce b\u0119d\u0105 musieli zap\u0142aci\u0107, aby nagrany przez nie filmik nie ujrza\u0142 \u015bwiat\u0142a dziennego&#8221; \u2014 czytamy w Wyborczej.<\/p>\n<p class=\"Paragraph_desktopParagraph__U31Gm\">Dzi\u0119kujemy, \u017ce przeczyta\u0142a\u015b\/e\u015b nasz artyku\u0142 do ko\u0144ca. W serwisie Plejada.pl ka\u017cdego dnia piszemy o najwa\u017cniejszych wydarzeniach show-biznesowych. B\u0105d\u017a na bie\u017c\u0105co! <a rel=\"nofollow noopener\" href=\"https:\/\/profile.google.com\/cp\/Cg0vZy8xMWJ6X19wdHBx\" id=\"04554315-1c52-4190-aa89-e3dc2f3ff749\" target=\"_blank\">Obserwuj<\/a> Plejad\u0119 w Wiadomo\u015bciach Google. Odwied\u017a nas tak\u017ce na <a rel=\"nofollow noopener\" href=\"https:\/\/www.facebook.com\/plejadapl\" id=\"eb67528b-6fb0-4a6c-9019-12d3d4d03cb8\" target=\"_blank\">Facebooku<\/a>, <a rel=\"nofollow noopener\" href=\"https:\/\/www.instagram.com\/plejadapl\/\" id=\"9361be49-6fbf-4cbb-b126-88219da0c100\" target=\"_blank\">Instagramie<\/a>, <a rel=\"nofollow noopener\" href=\"https:\/\/www.youtube.com\/c\/plejada\" id=\"47bbdfc1-85cc-4d9b-8bde-d736f6553ad5\" target=\"_blank\">YouTube<\/a> oraz <a rel=\"nofollow noopener\" href=\"https:\/\/www.tiktok.com\/@plejada_pl\" id=\"bb3fb5b4-c6cd-444c-a45e-a46d5c2a67d6\" target=\"_blank\">TikToku<\/a>.<\/p>\n<p class=\"Paragraph_desktopParagraph__U31Gm\">Chcesz podzieli\u0107 si\u0119 ciekawym newsem lub zaproponowa\u0107 temat? Skontaktuj si\u0119 z nami, pisz\u0105c e-maila na adres: <a href=\"https:\/\/www.onet.pl\/styl-zycia\/plejada\/dziennikarze-tvn-uniewinnieni-od-zarzutu-gwaltu-wiadomo-do-czego-doszlo-w-mieszkaniu\/mailto:plejada@redakcjaonet.pl\" id=\"746d85b9-eb77-4588-ad56-6ab92bcb4e3f\" rel=\"nofollow noopener\" target=\"_blank\">plejada@redakcjaonet.pl<\/a>.<\/p>\n<p><script async src=\"\/\/www.instagram.com\/embed.js\"><\/script><script async src=\"\/\/www.tiktok.com\/embed.js\"><\/script><\/p>\n","protected":false},"excerpt":{"rendered":"Zapad\u0142 wyrok w sprawie Adama Kornackiego i Patryka Mikiciuka, kt\u00f3rzy zostali oskar\u017ceni o gwa\u0142t na dw\u00f3ch kobietach w&hellip;\n","protected":false},"author":2,"featured_media":152504,"comment_status":"","ping_status":"","sticky":false,"template":"","format":"standard","meta":{"footnotes":""},"categories":[5],"tags":[14185,32,33,36,37,27,67,34,35,28,31,53,25,52,68,51,14186,55,42,38,40,39,41,47,29,30,1113,65,50,26],"class_list":{"0":"post-152503","1":"post","2":"type-post","3":"status-publish","4":"format-standard","5":"has-post-thumbnail","7":"category-naglowki","8":"tag-adam_kornacki","9":"tag-breaking-news","10":"tag-breakingnews","11":"tag-featured-news","12":"tag-featurednews","13":"tag-headlines","14":"tag-intextvideo_splayer","15":"tag-latest-news","16":"tag-latestnews","17":"tag-naglowki","18":"tag-najwazniejsze-artykuly","19":"tag-new_header","20":"tag-news","21":"tag-onet3","22":"tag-onet3d","23":"tag-onet3d_2i","24":"tag-patryk_mikiciuk","25":"tag-phx","26":"tag-pl","27":"tag-poland","28":"tag-polish","29":"tag-polska","30":"tag-polski","31":"tag-screening_general","32":"tag-top-stories","33":"tag-topstories","34":"tag-tvn_tvn24_tvn7_telewizja","35":"tag-update_me","36":"tag-v2021","37":"tag-wiadomosci"},"share_on_mastodon":{"url":"https:\/\/pubeurope.com\/@pl\/115724861090567334","error":""},"_links":{"self":[{"href":"https:\/\/www.europesays.com\/pl\/wp-json\/wp\/v2\/posts\/152503","targetHints":{"allow":["GET"]}}],"collection":[{"href":"https:\/\/www.europesays.com\/pl\/wp-json\/wp\/v2\/posts"}],"about":[{"href":"https:\/\/www.europesays.com\/pl\/wp-json\/wp\/v2\/types\/post"}],"author":[{"embeddable":true,"href":"https:\/\/www.europesays.com\/pl\/wp-json\/wp\/v2\/users\/2"}],"replies":[{"embeddable":true,"href":"https:\/\/www.europesays.com\/pl\/wp-json\/wp\/v2\/comments?post=152503"}],"version-history":[{"count":0,"href":"https:\/\/www.europesays.com\/pl\/wp-json\/wp\/v2\/posts\/152503\/revisions"}],"wp:featuredmedia":[{"embeddable":true,"href":"https:\/\/www.europesays.com\/pl\/wp-json\/wp\/v2\/media\/152504"}],"wp:attachment":[{"href":"https:\/\/www.europesays.com\/pl\/wp-json\/wp\/v2\/media?parent=152503"}],"wp:term":[{"taxonomy":"category","embeddable":true,"href":"https:\/\/www.europesays.com\/pl\/wp-json\/wp\/v2\/categories?post=152503"},{"taxonomy":"post_tag","embeddable":true,"href":"https:\/\/www.europesays.com\/pl\/wp-json\/wp\/v2\/tags?post=152503"}],"curies":[{"name":"wp","href":"https:\/\/api.w.org\/{rel}","templated":true}]}}