{"id":152519,"date":"2025-12-15T18:01:18","date_gmt":"2025-12-15T18:01:18","guid":{"rendered":"https:\/\/www.europesays.com\/pl\/152519\/"},"modified":"2025-12-15T18:01:18","modified_gmt":"2025-12-15T18:01:18","slug":"zwyciezczyni-eurowizji-junior-zabrala-glos-po-wygranej-zwrocila-sie-do-internautow","status":"publish","type":"post","link":"https:\/\/www.europesays.com\/pl\/152519\/","title":{"rendered":"Zwyci\u0119\u017cczyni Eurowizji Junior zabra\u0142a g\u0142os po wygranej. Zwr\u00f3ci\u0142a si\u0119 do internaut\u00f3w"},"content":{"rendered":"<p class=\"ods-c-paragraph \"><a href=\"https:\/\/plejada.pl\/newsy\/eurowizja-junior-2025-lawina-komentarzy-po-wystepie-polki-widzowie-wydali-werdykt\/ydhbqmk\" id=\"91b49fb2-e31e-483b-8ae1-17b14d3f713e\" rel=\"nofollow noopener\" target=\"_blank\">Za nami Eurowizja Junior, kt\u00f3ra dostarczy\u0142a wielu emocji<\/a>. W tym roku Polsk\u0119 reprezentowa\u0142a <a href=\"https:\/\/plejada.pl\/newsy\/nie-wygrala-the-voice-kids-a-wystapi-na-eurowizji-junior-kim-jest-marianna-klos\/yjs3mmp\" id=\"d1abb4b3-2d5d-4640-affe-839488d77d5d\" rel=\"nofollow noopener\" target=\"_blank\">Marianna K\u0142os<\/a>. Artystka od najm\u0142odszych lat zwi\u0105zana z muzyk\u0105 da\u0142a si\u0119 pozna\u0107 szerszej publiczno\u015bci dzi\u0119ki udzia\u0142owi w programie &#8222;The Voice Kids&#8221;, gdzie zaj\u0119\u0142a drugie miejsce. Na Eurowizji Junior wyst\u0105pi\u0142a z utworem &#8222;Brightest Light&#8221; i uplasowa\u0142a si\u0119 na \u00f3smym miejscu.<\/p>\n<p>Dalszy ci\u0105g artyku\u0142u pod materia\u0142em wideo<\/p>\n<p> Kto wygra\u0142 tegoroczn\u0105 Eurowizj\u0119 Junior? <\/p>\n<p> Jakie miejsce zaj\u0119\u0142a Polska na Eurowizji Junior? <\/p>\n<p> Jak nazywa si\u0119 utw\u00f3r, z kt\u00f3rym wyst\u0105pi\u0142a Lou Deleuze? <\/p>\n<p> Jakie gratulacje otrzyma\u0142a Lou Deleuze od internaut\u00f3w? <\/p>\n<p>  Zwyci\u0119\u017cczyni Eurowizji Junior zabra\u0142a g\u0142os po wygranej<\/p>\n<p class=\"ods-c-paragraph \">Tym razem w konkursie triumfowa\u0142a Lou Deleuze z Francji, prezentuj\u0105c utw\u00f3r \u00bbCe monde\u00ab. Zdoby\u0142a a\u017c 248 punkt\u00f3w. Co ciekawe, jest to czwarte zwyci\u0119stwo tego kraju na Eurowizji Junior. Wcze\u015bniej reprezentanci Francji zajmowali pierwsze miejsce w latach 2020, 2022 i 2023.<\/p>\n<blockquote class=\"ods-o-quota\">\n<p class=\"ods-o-quota__paragraph\">Cze\u015b\u0107 wszystkim! Dzi\u0119kuj\u0119 wam bardzo za wsparcie. Kocham was<\/p>\n<\/blockquote>\n<p class=\"ods-c-paragraph \">\u2014 przekaza\u0142a na nagraniu opublikowanym nied\u0142ugo po zako\u0144czeniu konkursu. Pod wpisem nie brakowa\u0142o fali gratulacji od internaut\u00f3w.<\/p>\n<blockquote class=\"ods-o-quota\">\n<p class=\"ods-o-quota__paragraph\">Moje najwi\u0119ksze gratulacje dla Francji od Hiszpanii!<\/p>\n<\/blockquote>\n<p class=\"ods-c-paragraph \">&#8222;Brawo, brawo&#8221;, &#8222;Gratulacje Lou. Twoja piosenka jest niesamowita i zas\u0142ugiwa\u0142a, aby wygra\u0107&#8221;, &#8222;Lou, jestem z ciebie taka dumna&#8221; \u2014 czytamy.<\/p>\n<p>   <img decoding=\"async\" src=\"https:\/\/www.europesays.com\/pl\/wp-content\/uploads\/2025\/12\/n8Dk9lBaHR0cHM6Ly9vY2RuLmV1L3B1bHNjbXMvTURBXy84NzljZjM3OGFmYTViOTdkYmIxMzdjMTg1NzZkZWI1ZC5qcGeRlQLNB.jpeg\" height=\"627\" width=\"940\" alt=\"Lou Deleuze z trofeum Eurowizji Junior\" loading=\"lazy\" class=\"ods-c-image__img ods-c-image__img--viewport-width\"\/><\/p>\n<p>Lou Deleuze z trofeum Eurowizji JuniorEBU \/ Materia\u0142y promocyjne<\/p>\n<p> <img decoding=\"async\" src=\"https:\/\/www.europesays.com\/pl\/wp-content\/uploads\/2025\/12\/rh8k9lBaHR0cHM6Ly9vY2RuLmV1L3B1bHNjbXMvTURBXy8yNTMyYmI2Y2U3ZmNmYmMyY2UyYzFjOGNmYTJiYjYzYy5qcGeSlQMAA.jpeg\" height=\"627\" width=\"940\" alt=\"Lou Deleuze z Francji zwyci\u0119\u017cczyni\u0105 Eurowizji Junior 2025\" loading=\"lazy\" class=\"ods-c-image__img ods-c-image__img--viewport-width\"\/><\/p>\n<p>Lou Deleuze z Francji zwyci\u0119\u017cczyni\u0105 Eurowizji Junior 2025Corinne Cumming \/ EBU<\/p>\n<p class=\"ods-c-paragraph \">Dzi\u0119kujemy, \u017ce przeczyta\u0142a\u015b\/e\u015b nasz artyku\u0142 do ko\u0144ca. W serwisie Plejada.pl ka\u017cdego dnia piszemy o najwa\u017cniejszych wydarzeniach show-biznesowych. B\u0105d\u017a na bie\u017c\u0105co! <a rel=\"nofollow noopener\" href=\"https:\/\/profile.google.com\/cp\/Cg0vZy8xMWJ6X19wdHBx\" id=\"3d150f9c-5a29-4cca-bbe9-a89d75c8e5b0\" target=\"_blank\">Obserwuj<\/a> Plejad\u0119 w Wiadomo\u015bciach Google. Odwied\u017a nas tak\u017ce na <a rel=\"nofollow noopener\" href=\"https:\/\/www.facebook.com\/plejadapl\" id=\"03af81a0-0491-4a79-8e1a-e42178af90a6\" target=\"_blank\">Facebooku<\/a>, <a rel=\"nofollow noopener\" href=\"https:\/\/www.instagram.com\/plejadapl\/\" id=\"96a7f2cb-bf31-4a92-81c0-c05556c684cc\" target=\"_blank\">Instagramie<\/a>, <a rel=\"nofollow noopener\" href=\"https:\/\/www.youtube.com\/c\/plejada\" id=\"34570dab-937d-4a4f-9a0a-f27a33ca2924\" target=\"_blank\">YouTube<\/a> oraz <a rel=\"nofollow noopener\" href=\"https:\/\/www.tiktok.com\/@plejada_pl\" id=\"deb7c60e-f61a-487e-a8f3-cc1ffc938dc3\" target=\"_blank\">TikToku<\/a>.<\/p>\n<p class=\"ods-c-paragraph \">Chcesz podzieli\u0107 si\u0119 ciekawym newsem lub zaproponowa\u0107 temat? Skontaktuj si\u0119 z nami, pisz\u0105c e-maila na adres: <a rel=\"nofollow noopener\" href=\"https:\/\/plejada.pl\/newsy\/zwyciezczyni-eurowizji-junior-zabrala-glos-po-wygranej-zwrocila-sie-do-internautow\/mailto:plejada@redakcjaonet.pl\" id=\"16a09c81-faf0-4511-934e-25455f30e222\" target=\"_blank\">plejada@redakcjaonet.pl<\/a>.<\/p>\n<p><script async src=\"\/\/www.instagram.com\/embed.js\"><\/script><script async src=\"\/\/www.tiktok.com\/embed.js\"><\/script><\/p>\n","protected":false},"excerpt":{"rendered":"Za nami Eurowizja Junior, kt\u00f3ra dostarczy\u0142a wielu emocji. W tym roku Polsk\u0119 reprezentowa\u0142a Marianna K\u0142os. Artystka od najm\u0142odszych&hellip;\n","protected":false},"author":2,"featured_media":152520,"comment_status":"","ping_status":"","sticky":false,"template":"","format":"standard","meta":{"footnotes":""},"categories":[22],"tags":[122,29907,48,125,46,42,38,40,39,41,25865,123,47],"class_list":{"0":"post-152519","1":"post","2":"type-post","3":"status-publish","4":"format-standard","5":"has-post-thumbnail","7":"category-rozrywka","8":"tag-entertainment","9":"tag-eurowizja_junior","10":"tag-nat_styl","11":"tag-newsy","12":"tag-omp","13":"tag-pl","14":"tag-poland","15":"tag-polish","16":"tag-polska","17":"tag-polski","18":"tag-rebrand_ai_tst0","19":"tag-rozrywka","20":"tag-screening_general"},"share_on_mastodon":{"url":"https:\/\/pubeurope.com\/@pl\/115724897689225202","error":""},"_links":{"self":[{"href":"https:\/\/www.europesays.com\/pl\/wp-json\/wp\/v2\/posts\/152519","targetHints":{"allow":["GET"]}}],"collection":[{"href":"https:\/\/www.europesays.com\/pl\/wp-json\/wp\/v2\/posts"}],"about":[{"href":"https:\/\/www.europesays.com\/pl\/wp-json\/wp\/v2\/types\/post"}],"author":[{"embeddable":true,"href":"https:\/\/www.europesays.com\/pl\/wp-json\/wp\/v2\/users\/2"}],"replies":[{"embeddable":true,"href":"https:\/\/www.europesays.com\/pl\/wp-json\/wp\/v2\/comments?post=152519"}],"version-history":[{"count":0,"href":"https:\/\/www.europesays.com\/pl\/wp-json\/wp\/v2\/posts\/152519\/revisions"}],"wp:featuredmedia":[{"embeddable":true,"href":"https:\/\/www.europesays.com\/pl\/wp-json\/wp\/v2\/media\/152520"}],"wp:attachment":[{"href":"https:\/\/www.europesays.com\/pl\/wp-json\/wp\/v2\/media?parent=152519"}],"wp:term":[{"taxonomy":"category","embeddable":true,"href":"https:\/\/www.europesays.com\/pl\/wp-json\/wp\/v2\/categories?post=152519"},{"taxonomy":"post_tag","embeddable":true,"href":"https:\/\/www.europesays.com\/pl\/wp-json\/wp\/v2\/tags?post=152519"}],"curies":[{"name":"wp","href":"https:\/\/api.w.org\/{rel}","templated":true}]}}