{"id":152531,"date":"2025-12-15T18:07:10","date_gmt":"2025-12-15T18:07:10","guid":{"rendered":"https:\/\/www.europesays.com\/pl\/152531\/"},"modified":"2025-12-15T18:07:10","modified_gmt":"2025-12-15T18:07:10","slug":"dopiero-gral-w-lidze-mistrzow-ma-trafic-do-widzewa-lodz","status":"publish","type":"post","link":"https:\/\/www.europesays.com\/pl\/152531\/","title":{"rendered":"Dopiero gra\u0142 w Lidze Mistrz\u00f3w. Ma trafi\u0107 do Widzewa \u0141\u00f3d\u017a"},"content":{"rendered":"\n<p class=\"contentpart contentpart--default contentpart--text\" data-position=\"0\">Do Widzewa \u0141\u00f3d\u017a w zimowym oknie transferowym trafi\u0142 ju\u017c\u00a0Christopher Cheng, ale nie jest to ostatnie wzmocnienie dru\u017cyny przed rund\u0105 wiosenn\u0105.<\/p>\n<p class=\"contentpart contentpart--default contentpart--text\" data-position=\"1\">Jak informuje portal bold.dk, w tym tygodniu do Polski ma przyjecha\u0107 10-krotny reprezentant Danii Lukas Lerager.<\/p>\n<p> <img role=\"presentation\" src=\"https:\/\/std.wpcdn.pl\/images\/adv\/placeholder_wp.svg\" loading=\"lazy\" alt=\"\" decoding=\"async\"\/>  <\/p>\n<p class=\"contentpart contentpart--default contentpart--text\" data-position=\"2\">To niezwykle do\u015bwiadczony, 32-letni \u015brodkowy pomocnik, kt\u00f3ry w ostatnich latach by\u0142 kluczow\u0105 postaci\u0105 FC Kopenhaga. W sumie rozegra\u0142 w barwach tego zespo\u0142u 219 mecz\u00f3w.<\/p>\n<p class=\"contentpart contentpart--default contentpart--text\" data-position=\"3\">Obecny sezon? 32 wyst\u0119py, wi\u0119kszo\u015b\u0107 od 1. minuty. Sze\u015b\u0107 w eliminacjach Ligi Mistrz\u00f3w i pi\u0119\u0107 w fazie ligowej (wszystkie po 90 minut).<\/p>\n<p class=\"contentpart contentpart--default contentpart--text\" data-position=\"4\">W sobot\u0119 Lerager zosta\u0142 po\u017cegnany przez klub oraz kibic\u00f3w, poniewa\u017c jego kontrakt (wygasaj\u0105cy 31 grudnia) nie zostanie przed\u0142u\u017cony. Mia\u0142 takow\u0105 ofert\u0119, natomiast na gorszych (o prawie po\u0142ow\u0119) warunkach finansowych ni\u017c obecne.<\/p>\n<p class=\"contentpart contentpart--default contentpart--text\" data-position=\"5\">Larager ma zwi\u0105za\u0107 si\u0119 z Widzewem dwuletni\u0105 umow\u0105, a do ustalenia pozosta\u0142y ostatnie szczeg\u00f3\u0142y.<\/p>\n<p> <img role=\"presentation\" src=\"https:\/\/std.wpcdn.pl\/images\/adv\/placeholder_wp.svg\" loading=\"lazy\" alt=\"\" decoding=\"async\"\/>  <\/p>\n<p class=\"contentpart contentpart--default contentpart--text\" data-position=\"6\">Wspomniane \u017ar\u00f3d\u0142o informuje, \u017ce sprawa nie jest jeszcze w stu proc. przes\u0105dzona, poniewa\u017c zawodnik nie narzeka na brak zainteresowania. Ma te\u017c inne propozycje (m.in. z Turcji).<\/p>\n<p class=\"contentpart contentpart--default contentpart--text\" data-position=\"7\">ZOBACZ WIDEO: Hukn\u0105\u0142 jak z armaty! Bramkarz nie mia\u0142 \u017cadnych szans<\/p>\n","protected":false},"excerpt":{"rendered":"Do Widzewa \u0141\u00f3d\u017a w zimowym oknie transferowym trafi\u0142 ju\u017c\u00a0Christopher Cheng, ale nie jest to ostatnie wzmocnienie dru\u017cyny przed&hellip;\n","protected":false},"author":2,"featured_media":152532,"comment_status":"","ping_status":"","sticky":false,"template":"","format":"standard","meta":{"footnotes":""},"categories":[24],"tags":[30643,3652,269,1724,42,38,40,39,41,127,126,5253,2817,4065],"class_list":{"0":"post-152531","1":"post","2":"type-post","3":"status-publish","4":"format-standard","5":"has-post-thumbnail","7":"category-sport","8":"tag-lukas-lerager","9":"tag-lodz","10":"tag-pilka-nozna","11":"tag-pko-ekstraklasa","12":"tag-pl","13":"tag-poland","14":"tag-polish","15":"tag-polska","16":"tag-polski","17":"tag-sport","18":"tag-sports","19":"tag-stadion-miejski-widzewa-lodz","20":"tag-transfery","21":"tag-widzew-lodz"},"share_on_mastodon":{"url":"https:\/\/pubeurope.com\/@pl\/115724920523451627","error":""},"_links":{"self":[{"href":"https:\/\/www.europesays.com\/pl\/wp-json\/wp\/v2\/posts\/152531","targetHints":{"allow":["GET"]}}],"collection":[{"href":"https:\/\/www.europesays.com\/pl\/wp-json\/wp\/v2\/posts"}],"about":[{"href":"https:\/\/www.europesays.com\/pl\/wp-json\/wp\/v2\/types\/post"}],"author":[{"embeddable":true,"href":"https:\/\/www.europesays.com\/pl\/wp-json\/wp\/v2\/users\/2"}],"replies":[{"embeddable":true,"href":"https:\/\/www.europesays.com\/pl\/wp-json\/wp\/v2\/comments?post=152531"}],"version-history":[{"count":0,"href":"https:\/\/www.europesays.com\/pl\/wp-json\/wp\/v2\/posts\/152531\/revisions"}],"wp:featuredmedia":[{"embeddable":true,"href":"https:\/\/www.europesays.com\/pl\/wp-json\/wp\/v2\/media\/152532"}],"wp:attachment":[{"href":"https:\/\/www.europesays.com\/pl\/wp-json\/wp\/v2\/media?parent=152531"}],"wp:term":[{"taxonomy":"category","embeddable":true,"href":"https:\/\/www.europesays.com\/pl\/wp-json\/wp\/v2\/categories?post=152531"},{"taxonomy":"post_tag","embeddable":true,"href":"https:\/\/www.europesays.com\/pl\/wp-json\/wp\/v2\/tags?post=152531"}],"curies":[{"name":"wp","href":"https:\/\/api.w.org\/{rel}","templated":true}]}}