{"id":152546,"date":"2025-12-15T18:14:10","date_gmt":"2025-12-15T18:14:10","guid":{"rendered":"https:\/\/www.europesays.com\/pl\/152546\/"},"modified":"2025-12-15T18:14:10","modified_gmt":"2025-12-15T18:14:10","slug":"po-8-rano-prezes-wisly-krakow-napisal-o-legii-kompletne-zaskoczenie-przeglad-sportowy-onet","status":"publish","type":"post","link":"https:\/\/www.europesays.com\/pl\/152546\/","title":{"rendered":"Po 8 rano prezes Wis\u0142y Krak\u00f3w napisa\u0142 o Legii. Kompletne zaskoczenie &#8211; Przegl\u0105d Sportowy Onet"},"content":{"rendered":"<ol>\n<li><a href=\"https:\/\/news.google.com\/rss\/articles\/CBMizAFBVV95cUxPY2MxWklhVjlKQXNiV2lnbFh4NG8yYlNCU3JOSS1IRDI4M1kyTmk3dEFhR0w2US10UGdlYmVFNGExTWRVRjVvZjhzclBWUl90c0Z3WnM2OFFEZzVmY3lWTk85WDVEUk1fRUZMTUhfNGFHT25yX1k0M3llSGUxb2RSNEw3NTFFN0theFhiNmk2ZGNkbl9GV0tCVjk5clh6VTNBY0gtRXpEREpzYmxHd0NRcFEtQS1OYWd2Zi1tMG9rVFlCZnIwNDNOemR2OFg?oc=5\" target=\"_blank\" rel=\"nofollow noopener\">Po 8 rano prezes Wis\u0142y Krak\u00f3w napisa\u0142 o Legii. Kompletne zaskoczenie<\/a>&nbsp;&nbsp;Przegl\u0105d Sportowy Onet<\/li>\n<li><a href=\"https:\/\/news.google.com\/rss\/articles\/CBMixgFBVV95cUxNeHhwSEx5TXF6TEN1TFIzdVV6R0xiOHNGbldEWDVaaTlCY21YTi1zdEJ6dktjMWRnMzZ1d1p4bC1UcEltZWFrMTN4ZlY4MC1uVUZKRlpXVVdMblFMT3d1QUkxRm5tdERETTlKcU1RSWxZbXk2OGtlNXRySzdZTnZmNWVzUlRCcHdTbU9VNHhMWkFkMU5zRm5RbUVjbEE1Rl9YOUpQRzVCUm9XOHduTGRoeFJPXzJvOUtyRjBVOVJyS1laMy1kUWc?oc=5\" target=\"_blank\" rel=\"nofollow noopener\">Kolejna kl\u0119ska Legii, a tu nagle g\u0142os z Wis\u0142y Krak\u00f3w. Kr\u00f3lewski nie zostawi\u0142 z\u0142udze\u0144<\/a>&nbsp;&nbsp;Sport w INTERIA.PL<\/li>\n<li><a href=\"https:\/\/news.google.com\/rss\/articles\/CBMiwAFBVV95cUxQV3pYTFlENm01VFpCNXFMcnZJX2Q2Qk5YbnhxeGhlZUp5X3JlOHVEdl9BcFgwb29keVoyQ3I1MGhUdkF3VDZCQ3JQdVRXNFR0UE1jejZqS29qMC04RGVQb1BFQWk3bWhZRHFxUjhZd1ZmQ0tMcWZlNFUxN0c0ZVJIS2VTN0dXTWk5cnZmUzR1anNWdGpFQ1Q5VjNNeFBCMHVzNzlKU3FYV2tZX09RTExTbmxwdHJVN05CWHV2bmZkVlg?oc=5\" target=\"_blank\" rel=\"nofollow noopener\">Kr\u00f3lewski nie chce pastwi\u0107 si\u0119 nad Legi\u0105, ale trafi\u0142 w sedno!<\/a>&nbsp;&nbsp;www.polsatsport.pl<\/li>\n<li><a href=\"https:\/\/news.google.com\/rss\/articles\/CBMioAFBVV95cUxPbEJzTnRFTVNLR3BqWmhtMnNaYmo3bFVpSmZPZ2EtTXo5NHVsY2lXT3FVdWR6VzZhYnFSeVNqZlVjQjR6VUNCM2ZDbmZiZzFJbzhwR3BHZTZqY3cxQUJObUhFeVYtZGJhb2RxQnBKc1V1Z0RFQklkQ1ZueGFBeElTeTVrNlN6dV9Dd3c4TFBzd3VTNDBjQk9hRlNleThTUnRQ?oc=5\" target=\"_blank\" rel=\"nofollow noopener\">Legia spadnie z Ekstraklasy? Dawid Celt m\u00f3wi wprost<\/a>&nbsp;&nbsp;Sport.pl<\/li>\n<li><a href=\"https:\/\/news.google.com\/rss\/articles\/CBMiqAFBVV95cUxPaG9QZ1BjSjFaMTEwS0FLWncxa2NMLWhqbC1LUllaWlJvYnlyazh5RXBwSmlTdlIya3VzNUFodzFJaDBYYmpERVVBOGNqLUhBajE1TEk2REtmdzdacm54cEVlbGM1RUVDVWJ5WmM3V1FBVW9MZHoydDNybTJXT0dHWFZTQzZ4OHhSV1dFOTc4WUFqWm9ndzI3RzZNWk43QTgtWTVsUWdYSzk?oc=5\" target=\"_blank\" rel=\"nofollow noopener\">To nie \u017cart. Szef Wis\u0142y Krak\u00f3w naprawd\u0119 to napisa\u0142 o Legii<\/a>&nbsp;&nbsp;SportoweFakty<\/li>\n<\/ol>\n","protected":false},"excerpt":{"rendered":"Po 8 rano prezes Wis\u0142y Krak\u00f3w napisa\u0142 o Legii. Kompletne zaskoczenie&nbsp;&nbsp;Przegl\u0105d Sportowy Onet Kolejna kl\u0119ska Legii, a tu&hellip;\n","protected":false},"author":2,"featured_media":152547,"comment_status":"","ping_status":"","sticky":false,"template":"","format":"standard","meta":{"footnotes":""},"categories":[24],"tags":[274,2563,2561,42,38,40,39,41,136,128,47,127,135,126,130,2354],"class_list":{"0":"post-152546","1":"post","2":"type-post","3":"status-publish","4":"format-standard","5":"has-post-thumbnail","7":"category-sport","8":"tag-ekstraklasa","9":"tag-legia_warszawa","10":"tag-marek_papszun","11":"tag-pl","12":"tag-poland","13":"tag-polish","14":"tag-polska","15":"tag-polski","16":"tag-ps_detal_new","17":"tag-psv2","18":"tag-screening_general","19":"tag-sport","20":"tag-sport_sport","21":"tag-sports","22":"tag-wiadomosci_sportowe","23":"tag-wisla_krakow"},"share_on_mastodon":{"url":"https:\/\/pubeurope.com\/@pl\/115724947924329597","error":""},"_links":{"self":[{"href":"https:\/\/www.europesays.com\/pl\/wp-json\/wp\/v2\/posts\/152546","targetHints":{"allow":["GET"]}}],"collection":[{"href":"https:\/\/www.europesays.com\/pl\/wp-json\/wp\/v2\/posts"}],"about":[{"href":"https:\/\/www.europesays.com\/pl\/wp-json\/wp\/v2\/types\/post"}],"author":[{"embeddable":true,"href":"https:\/\/www.europesays.com\/pl\/wp-json\/wp\/v2\/users\/2"}],"replies":[{"embeddable":true,"href":"https:\/\/www.europesays.com\/pl\/wp-json\/wp\/v2\/comments?post=152546"}],"version-history":[{"count":0,"href":"https:\/\/www.europesays.com\/pl\/wp-json\/wp\/v2\/posts\/152546\/revisions"}],"wp:featuredmedia":[{"embeddable":true,"href":"https:\/\/www.europesays.com\/pl\/wp-json\/wp\/v2\/media\/152547"}],"wp:attachment":[{"href":"https:\/\/www.europesays.com\/pl\/wp-json\/wp\/v2\/media?parent=152546"}],"wp:term":[{"taxonomy":"category","embeddable":true,"href":"https:\/\/www.europesays.com\/pl\/wp-json\/wp\/v2\/categories?post=152546"},{"taxonomy":"post_tag","embeddable":true,"href":"https:\/\/www.europesays.com\/pl\/wp-json\/wp\/v2\/tags?post=152546"}],"curies":[{"name":"wp","href":"https:\/\/api.w.org\/{rel}","templated":true}]}}