{"id":152560,"date":"2025-12-15T18:21:12","date_gmt":"2025-12-15T18:21:12","guid":{"rendered":"https:\/\/www.europesays.com\/pl\/152560\/"},"modified":"2025-12-15T18:21:12","modified_gmt":"2025-12-15T18:21:12","slug":"dps-to-dla-mnie-jedna-z-wazniejszych-imprez-w-kalendarzu","status":"publish","type":"post","link":"https:\/\/www.europesays.com\/pl\/152560\/","title":{"rendered":"DP\u015a to dla mnie jedna z wa\u017cniejszych imprez w kalendarzu"},"content":{"rendered":"\n<p class=\"contentpart contentpart--default contentpart--text\" data-position=\"0\">Jednym z bohater\u00f3w reprezentacji Polski, maj\u0105cy ju\u017c na koncie ma ju\u017c dwa z\u0142ote medale DP\u015a jest Piotr Pawlicki, kt\u00f3ry wspomina fina\u0142y z 2016 i 2017 roku, a tak\u017ce ocenia szanse kadry na sukces w przysz\u0142ym sezonie.<\/p>\n<p class=\"contentpart contentpart--default contentpart--text\" data-position=\"1\"><a href=\"https:\/\/sportowefakty.wp.pl\/zuzel\/piotr-pawlicki-jr\" rel=\"nofollow noopener\" target=\"_blank\">Piotr Pawlicki<\/a>\u00a0w reprezentacji Polski zadebiutowa\u0142 w 2016 roku. W\u00f3wczas trener kadry Marek Cie\u015blak zdecydowa\u0142 si\u0119 powo\u0142a\u0107 wychowanka Unii Leszno najpierw na p\u00f3\u0142fina\u0142 w Vojens, a nast\u0119pnie na fina\u0142 w Manchesterze, kt\u00f3ry po trzech latach przerwy ponownie uda\u0142o nam si\u0119 zwyci\u0119\u017cy\u0107. Rok wcze\u015bniej natomiast, Polska musia\u0142a zadowoli\u0107 si\u0119 &#8222;tylko&#8221; br\u0105zowym medalem, a w kadrze zabrak\u0142o w\u00f3wczas dobrze dysponowanego Pawlickiego.<\/p>\n<p> <img role=\"presentation\" src=\"https:\/\/std.wpcdn.pl\/images\/adv\/placeholder_wp.svg\" loading=\"lazy\" alt=\"\" decoding=\"async\"\/>  <\/p>\n<p class=\"contentpart contentpart--default contentpart--text\" data-position=\"2\">ZOBACZ WIDEO Chomski t\u0142umaczy brak Palucha i Janowskiego w kadrze. &#8222;Nikt nie zosta\u0142 pokrzywdzony&#8221; <\/p>\n<p class=\"contentpart contentpart--default contentpart--text\" data-position=\"4\">&#8211; Z tego co pami\u0119tam, to rok 2015 mia\u0142em bardzo dobry i by\u0142 to jeden z lepszych sezon\u00f3w w mojej karierze. Trener podj\u0105\u0142 wtedy tak\u0105 decyzj\u0119, a ja by\u0142em jeszcze m\u0142odym zawodnikiem, wi\u0119c mo\u017ce obawia\u0142 si\u0119, \u017ce brak mojego obycia w tego typu zawodach wp\u0142ynie na moj\u0105 dyspozycj\u0119. Mieli\u015bmy te\u017c w\u00f3wczas dobr\u0105 kadr\u0119, kt\u00f3ra jak si\u0119 potem okaza\u0142o, wywalczy\u0142a medal, co zawsze jest du\u017cym osi\u0105gni\u0119ciem &#8211; m\u00f3wi po latach Piotr Pawlicki dla ekstraliga.pl.<\/p>\n<p class=\"contentpart contentpart--default contentpart--text\" data-position=\"5\">W 2016 roku obecno\u015b\u0107 w reprezentacji Pawlickiego by\u0142a ju\u017c naturalna. Polacy pewnie przebrn\u0119li przez p\u00f3\u0142fina\u0142, a nast\u0119pnie odebrali zas\u0142u\u017cone z\u0142ote medale. W finale zabrak\u0142o jednak Macieja Janowskiego, przez co opask\u0119 kapitana przej\u0105\u0142 w\u0142a\u015bnie Pawlicki.<\/p>\n<p class=\"contentpart contentpart--default contentpart--text\" data-position=\"6\">&#8211; To by\u0142y ci\u0119\u017ckie zawody i do ko\u0144ca musieli\u015bmy walczy\u0107 o z\u0142oto. W p\u00f3\u0142finale w Vojens u Macieja nie by\u0142o najlepiej z punktami i trener podj\u0105\u0142 decyzj\u0119 o nie powo\u0142aniu go na fina\u0142. Pami\u0119tam, \u017ce pr\u00f3bowali\u015bmy przekona\u0107 go, aby zmieni\u0142 zdanie, bo Maciej by\u0142 dla nas wtedy bardzo wa\u017cn\u0105 postaci\u0105. Nikt jednak nie mia\u0142 z tym problemu i tej decyzji nie podwa\u017ca\u0142, przez co tymczasowo to ja zosta\u0142em kapitanem. To by\u0142o super prze\u017cycie, wi\u0119c bardzo dobrze wspominam ten fina\u0142.<\/p>\n<p> <img role=\"presentation\" src=\"https:\/\/std.wpcdn.pl\/images\/adv\/placeholder_wp.svg\" loading=\"lazy\" alt=\"\" decoding=\"async\"\/>  <\/p>\n<p class=\"contentpart contentpart--default contentpart--text\" data-position=\"7\">Siedemnasta edycja Dru\u017cynowego Pucharu \u015awiata by\u0142a symbolem dominacji reprezentacji Polski w tych rozgrywkach. Podopieczni Marka Cie\u015blaka w Lesznie nie dali rywalom najmniejszych szans i obronili tytu\u0142, a Pawlicki zosta\u0142 jednym z bohater\u00f3w tego wieczoru, dla kt\u00f3rego domowy triumf by\u0142 wyj\u0105tkowym prze\u017cyciem.<\/p>\n<p class=\"contentpart contentpart--default contentpart--text\" data-position=\"8\">&#8211; Pod wzgl\u0119dem samych zawod\u00f3w wydaje si\u0119, \u017ce Manchester m\u00f3g\u0142 smakowa\u0107 lepiej, bo trzeba by\u0142o w\u0142o\u017cy\u0107 w niego wi\u0119cej trudu na torze. W Anglii te\u017c motocykle troch\u0119 inaczej si\u0119 sprawuj\u0105, ze wzgl\u0119du na pogod\u0119. W Lesznie natomiast zak\u0142adali\u015bmy, \u017ce to mog\u0105 by\u0107 trudne zawody i przygotowywali\u015bmy si\u0119 na wszystko, ale od pocz\u0105tku do ko\u0144ca byli\u015bmy faworytami i ca\u0142y turniej poszed\u0142 po naszej my\u015bli, wi\u0119c na pewno lu\u017aniej to wspominam. Wi\u0105\u017ce si\u0119 z tym te\u017c fajna historia. Gdy by\u0142em dzieckiem to ogl\u0105da\u0142em z trybun jak w 2009 roku Krzysztof Kasprzak po\u017cycza\u0142 motocykl Tomaszowi Gollobowi, co by\u0142o dla mnie wielkim prze\u017cyciem. Lata p\u00f3\u017aniej to ju\u017c ja startowa\u0142em z orze\u0142kiem na piersi i zdobywa\u0142em medale dla Polski &#8211; wspomina Pawlicki dla ekstraliga.pl.<\/p>\n<p> <img role=\"presentation\" src=\"https:\/\/std.wpcdn.pl\/images\/adv\/placeholder_wp.svg\" loading=\"lazy\" alt=\"\" decoding=\"async\"\/>  <\/p>\n<p class=\"contentpart contentpart--default contentpart--text\" data-position=\"9\">Przed rozpocz\u0119ciem sezonu 2026 i Dru\u017cynowym Pucharem \u015awiata w Warszawie, misj\u0119 poprowadzenia reprezentacji Polski powierzono Stanis\u0142awowi Chomskiemu, kt\u00f3ry po dwudziestu latach ponownie obejmuje funkcj\u0119 szkoleniowca kadry.<\/p>\n<p class=\"contentpart contentpart--default contentpart--text\" data-position=\"10\">&#8211; Nie mia\u0142em nigdy okazji wsp\u00f3\u0142pracowa\u0107 z trenerem Chomskim, ale bardzo du\u017co dobrego o nim s\u0142ysza\u0142em, szczeg\u00f3lnie od mojego brata, kt\u00f3ry zawsze go sobie chwali\u0142, wi\u0119c podchodz\u0119 do niego z du\u017cym szacunkiem i uznaniem. Wszystko przed nami &#8211; m\u00f3wi 31-latek.<\/p>\n<p class=\"contentpart contentpart--default contentpart--text\" data-position=\"11\">Po raz pierwszy w historii, fina\u0142 Dru\u017cynowego Pucharu \u015awiata odb\u0119dzie si\u0119 na tak du\u017cym obiekcie, jakim jest <a href=\"https:\/\/sportowefakty.wp.pl\/areny-sportowe\/pge-narodowy-w-warszawie\" rel=\"nofollow noopener\" target=\"_blank\">PGE Narodowy w Warszawie<\/a>. Wed\u0142ug wielu, tymczasowy tor wcale nie b\u0119dzie atutem reprezentacji Polski, przez co nie jeste\u015bmy faworytami tego turnieju. Jak podchodzi do tego \u017cu\u017clowiec Fogo Unii Leszno?<\/p>\n<p class=\"contentpart contentpart--default contentpart--text\" data-position=\"12\">&#8211; Na pewno nie my\u015bl\u0119 a\u017c tak daleko do przodu. Jest to z pewno\u015bci\u0105 dodatkowy zastrzyk motywacji dla zawodnik\u00f3w, \u017ceby si\u0119 znale\u017a\u0107 w kadrze i wystartowa\u0107 na PGE Narodowym, ale na razie nie ogl\u0105dam si\u0119 na to, kto b\u0119dzie faworytem. My\u015bl\u0119 jednak, \u017ce w Dru\u017cynowym Pucharze \u015awiata Polska zawsze do nich nale\u017cy &#8211; zako\u0144czy\u0142 Piotr Pawlicki dla ekstraliga.pl<\/p>\n<p> <img role=\"presentation\" src=\"https:\/\/std.wpcdn.pl\/images\/adv\/placeholder_wp.svg\" loading=\"lazy\" alt=\"\" decoding=\"async\"\/>  <\/p>\n<p class=\"contentpart contentpart--default contentpart--text\" data-position=\"13\">Przypomnijmy, \u017ce <a href=\"https:\/\/www.kupbilet.pl\/swc2026\/afiliacja\/35\" rel=\"nofollow noopener\" target=\"blank\">trwa sprzeda\u017c bilet\u00f3w na 2026 PZM FIM SPEEDWAY WORLD CUP &#8211; WARSAW 29 sierpnia na PGE Narodowym w Warszawie. Kliknij i przejd\u017a na stron\u0119 sprzeda\u017cow\u0105 &#8211;&gt;&gt;<\/a><\/p>\n<p class=\"contentpart contentpart--default contentpart--text\" data-position=\"14\">CENY BILET\u00d3W 25.11.2025 &#8211; 31.12.2025:<br \/>KAT. VI 69 PLN<br \/>KAT. V 139 PLN<br \/>KAT. IV 149 PLN<br \/>KAT. III 169 PLN<br \/>KAT. II 189 PLN<br \/>KAT. I 239 PLN<\/p>\n<p class=\"contentpart contentpart--default contentpart--text\" data-position=\"15\">PREMIUM 389 PLN<br \/>SILVER 1400 PLN dost\u0119pne na stronie partnera www.pakietyVip.com<br \/>GOLD VIP 1800 PLN<\/p>\n","protected":false},"excerpt":{"rendered":"Jednym z bohater\u00f3w reprezentacji Polski, maj\u0105cy ju\u017c na koncie ma ju\u017c dwa z\u0142ote medale DP\u015a jest Piotr Pawlicki,&hellip;\n","protected":false},"author":2,"featured_media":152561,"comment_status":"","ping_status":"","sticky":false,"template":"","format":"standard","meta":{"footnotes":""},"categories":[24],"tags":[22865,21246,980,42,38,40,39,41,537,127,126,174],"class_list":{"0":"post-152560","1":"post","2":"type-post","3":"status-publish","4":"format-standard","5":"has-post-thumbnail","7":"category-sport","8":"tag-dps","9":"tag-pge-narodowy-w-warszawie","10":"tag-piotr-pawlicki","11":"tag-pl","12":"tag-poland","13":"tag-polish","14":"tag-polska","15":"tag-polski","16":"tag-reprezentacja-polski","17":"tag-sport","18":"tag-sports","19":"tag-zuzel"},"share_on_mastodon":{"url":"https:\/\/pubeurope.com\/@pl\/115724975554397771","error":""},"_links":{"self":[{"href":"https:\/\/www.europesays.com\/pl\/wp-json\/wp\/v2\/posts\/152560","targetHints":{"allow":["GET"]}}],"collection":[{"href":"https:\/\/www.europesays.com\/pl\/wp-json\/wp\/v2\/posts"}],"about":[{"href":"https:\/\/www.europesays.com\/pl\/wp-json\/wp\/v2\/types\/post"}],"author":[{"embeddable":true,"href":"https:\/\/www.europesays.com\/pl\/wp-json\/wp\/v2\/users\/2"}],"replies":[{"embeddable":true,"href":"https:\/\/www.europesays.com\/pl\/wp-json\/wp\/v2\/comments?post=152560"}],"version-history":[{"count":0,"href":"https:\/\/www.europesays.com\/pl\/wp-json\/wp\/v2\/posts\/152560\/revisions"}],"wp:featuredmedia":[{"embeddable":true,"href":"https:\/\/www.europesays.com\/pl\/wp-json\/wp\/v2\/media\/152561"}],"wp:attachment":[{"href":"https:\/\/www.europesays.com\/pl\/wp-json\/wp\/v2\/media?parent=152560"}],"wp:term":[{"taxonomy":"category","embeddable":true,"href":"https:\/\/www.europesays.com\/pl\/wp-json\/wp\/v2\/categories?post=152560"},{"taxonomy":"post_tag","embeddable":true,"href":"https:\/\/www.europesays.com\/pl\/wp-json\/wp\/v2\/tags?post=152560"}],"curies":[{"name":"wp","href":"https:\/\/api.w.org\/{rel}","templated":true}]}}