{"id":152569,"date":"2025-12-15T18:26:10","date_gmt":"2025-12-15T18:26:10","guid":{"rendered":"https:\/\/www.europesays.com\/pl\/152569\/"},"modified":"2025-12-15T18:26:10","modified_gmt":"2025-12-15T18:26:10","slug":"cialo-12-latki-odnalezione-niedaleko-szkoly-policja-to-moglo-byc-zabojstwo-onet","status":"publish","type":"post","link":"https:\/\/www.europesays.com\/pl\/152569\/","title":{"rendered":"Cia\u0142o 12-latki odnalezione niedaleko szko\u0142y. Policja: to mog\u0142o by\u0107 zab\u00f3jstwo &#8211; Onet"},"content":{"rendered":"<ol>\n<li><a href=\"https:\/\/news.google.com\/rss\/articles\/CBMizwFBVV95cUxOVHB4alVqRVF5eVJVTHRMLXpGTUhEUmlySEczdUsyWUZmTzFwV0FuWWZ2allOZ05BM3BXd21BU2txS1lFUUJFS0NiVkJydTRhbGQweGRhWGhuNDRjZjJfelc5ck0tYnY3UWxWbFQ3QTVPeFJ6Sk93RHZZTW1xNk5sWDFIa0c0ellZNlpNQjZXMVlyblptWFFHeElNNWRQelU0NkVWUmV0ZVIxVTRvOG1zWlNxb0Fzd2VrTnFNRVhGTU56NFg3M2pNa2oxbE5GYTQ?oc=5\" target=\"_blank\" rel=\"nofollow noopener\">Cia\u0142o 12-latki odnalezione niedaleko szko\u0142y. Policja: to mog\u0142o by\u0107 zab\u00f3jstwo<\/a>&nbsp;&nbsp;Onet<\/li>\n<li><a href=\"https:\/\/news.google.com\/rss\/articles\/CBMixAFBVV95cUxNSjZzek05T1Z4UjgtVWZiNkhjREh6OFNQTVFETTNlMGVpTTJMaktPQm9vWlEyOFdlaFhkZU5BQjVJV183d0NUTzI1R2N1RXB6R3VfRklBM19Zc3RlWEdZTzh6Z2R2cE9GRktaRWNwYWxUaTUwUlhEVEhNc18yRmN5NnhWRXhaRHNkck1yeDZ6LUdlU0phVFFyNzB1aTlzejB0VGw2d09TMzVtVFBkdUZqVTczeUR4VEljNmtsRWxhZ0liNFNE?oc=5\" target=\"_blank\" rel=\"nofollow noopener\">Cia\u0142o 12-latki odnalezione przy szkole. &#8222;To mog\u0142o by\u0107 zab\u00f3jstwo&#8221;<\/a>&nbsp;&nbsp;Onet<\/li>\n<li><a href=\"https:\/\/news.google.com\/rss\/articles\/CBMiqwFBVV95cUxPX2NaLTZfbU9JVnNoOXlCODlWMjRlZmdhd3hiRUtQS25VendlWUtMeHNWUU5zNkwzMHRZR3pVR2JuZVZtX01MRDVoUVJ6azhfa1pZNHZnamYyUUdBODd1c0YzWjltZGN6eUswbDRLSncyQllBS3BWZXM5UElDNHhZWkk4LXhvbEllSkVTSmRBcFNHUWVSWV9FWnBZZXFyU0IzXzJJX05UaHdDeFk?oc=5\" target=\"_blank\" rel=\"nofollow noopener\">Nie \u017cyje 12-letnia dziewczynka. &#8222;Najprawdopodobniej jest ofiar\u0105 zab\u00f3jstwa&#8221;<\/a>&nbsp;&nbsp;TVN24<\/li>\n<li><a href=\"https:\/\/news.google.com\/rss\/articles\/CBMivgFBVV95cUxNaTNKdGprdlJaenNPb2t6azk2eG1sa01ZZUdlNmtiUmNEN0dkd2puOW1EOW5MUHNWZ2VBRjE3QnVhbVZJeW8xWW1OaUhHRk85amtJb25EMURtaDlOTm5fbHEweDBhbTZtRmJlMjFNS2I4R3BNZGl4RmhYODQxTXV3ZGhsN1lkRHFoMDJpd2RrcnJpUmxtbThpdXo2amRSYVlYOE5vYVVLTS1MNTBzQUUwNGNfbzVVTjBtbnFMVld3?oc=5\" target=\"_blank\" rel=\"nofollow noopener\">Tragedia w pobli\u017cu szko\u0142y w Jeleniej G\u00f3rze. &#8222;Wszystko wskazuje na zab\u00f3jstwo&#8221;<\/a>&nbsp;&nbsp;Wydarzenia w INTERIA.PL<\/li>\n<li><a href=\"https:\/\/news.google.com\/rss\/articles\/CBMiugFBVV95cUxOVTIyUjMtRzYwWWxYUEc5OW40ams0MFBaVVp1bWRRS0lHN3l1N3pWZUZRallrbFN6LXhkZjlMaS1JVDdnYUUwQm4wdzBfcWhSVDdhRnN0SUZJeHlzZDVFdTlOY0tCaXFLN19PTnBudm5TZThyeWtMeVVIUXFFSU55NVJCR21KVEMxeWl6TVhSaWQ3aGNKMHJPbHVha0ZBQXNWQlJwSWc0ZzhlT0RrZmI4bGlnUGkwNFo1aEE?oc=5\" target=\"_blank\" rel=\"nofollow noopener\">Cia\u0142o 12-letniej dziewczynki znalezione w Jeleniej G\u00f3rze. To mog\u0142o by\u0107 zab\u00f3jstwo<\/a>&nbsp;&nbsp;Gazeta<\/li>\n<\/ol>\n","protected":false},"excerpt":{"rendered":"Cia\u0142o 12-latki odnalezione niedaleko szko\u0142y. Policja: to mog\u0142o by\u0107 zab\u00f3jstwo&nbsp;&nbsp;Onet Cia\u0142o 12-latki odnalezione przy szkole. &#8222;To mog\u0142o by\u0107&hellip;\n","protected":false},"author":2,"featured_media":144412,"comment_status":"","ping_status":"","sticky":false,"template":"","format":"standard","meta":{"footnotes":""},"categories":[12],"tags":[32,33,36,37,27,67,30648,34,35,28,31,53,25,52,68,51,55,42,38,40,39,41,47,3830,29,30,65,50,26,3459],"class_list":{"0":"post-152569","1":"post","2":"type-post","3":"status-publish","4":"format-standard","5":"has-post-thumbnail","7":"category-polska","8":"tag-breaking-news","9":"tag-breakingnews","10":"tag-featured-news","11":"tag-featurednews","12":"tag-headlines","13":"tag-intextvideo_splayer","14":"tag-jelenia_gora","15":"tag-latest-news","16":"tag-latestnews","17":"tag-naglowki","18":"tag-najwazniejsze-artykuly","19":"tag-new_header","20":"tag-news","21":"tag-onet3","22":"tag-onet3d","23":"tag-onet3d_2i","24":"tag-phx","25":"tag-pl","26":"tag-poland","27":"tag-polish","28":"tag-polska","29":"tag-polski","30":"tag-screening_general","31":"tag-szkola_szkoly_szkolnictwo_nauczyciel_nauczyciele_nauczycielka_uczen_uczennica_uczniowie","32":"tag-top-stories","33":"tag-topstories","34":"tag-update_me","35":"tag-v2021","36":"tag-wiadomosci","37":"tag-zabojstwo_morderstwo_morderstwa_zabojstwa"},"share_on_mastodon":{"url":"","error":"Validation failed: Text character limit of 500 exceeded"},"_links":{"self":[{"href":"https:\/\/www.europesays.com\/pl\/wp-json\/wp\/v2\/posts\/152569","targetHints":{"allow":["GET"]}}],"collection":[{"href":"https:\/\/www.europesays.com\/pl\/wp-json\/wp\/v2\/posts"}],"about":[{"href":"https:\/\/www.europesays.com\/pl\/wp-json\/wp\/v2\/types\/post"}],"author":[{"embeddable":true,"href":"https:\/\/www.europesays.com\/pl\/wp-json\/wp\/v2\/users\/2"}],"replies":[{"embeddable":true,"href":"https:\/\/www.europesays.com\/pl\/wp-json\/wp\/v2\/comments?post=152569"}],"version-history":[{"count":0,"href":"https:\/\/www.europesays.com\/pl\/wp-json\/wp\/v2\/posts\/152569\/revisions"}],"wp:featuredmedia":[{"embeddable":true,"href":"https:\/\/www.europesays.com\/pl\/wp-json\/wp\/v2\/media\/144412"}],"wp:attachment":[{"href":"https:\/\/www.europesays.com\/pl\/wp-json\/wp\/v2\/media?parent=152569"}],"wp:term":[{"taxonomy":"category","embeddable":true,"href":"https:\/\/www.europesays.com\/pl\/wp-json\/wp\/v2\/categories?post=152569"},{"taxonomy":"post_tag","embeddable":true,"href":"https:\/\/www.europesays.com\/pl\/wp-json\/wp\/v2\/tags?post=152569"}],"curies":[{"name":"wp","href":"https:\/\/api.w.org\/{rel}","templated":true}]}}