{"id":152573,"date":"2025-12-15T18:30:16","date_gmt":"2025-12-15T18:30:16","guid":{"rendered":"https:\/\/www.europesays.com\/pl\/152573\/"},"modified":"2025-12-15T18:30:16","modified_gmt":"2025-12-15T18:30:16","slug":"najlepszy-fotograficzny-smartfon-w-polsce-debiutuje-w-orange-z-gratisami-o-wartosci-1697-zlotych","status":"publish","type":"post","link":"https:\/\/www.europesays.com\/pl\/152573\/","title":{"rendered":"Najlepszy fotograficzny smartfon w Polsce debiutuje w Orange z gratisami o warto\u015bci 1697 z\u0142otych!"},"content":{"rendered":"<p class=\"lead\">M\u00f3j ulubiony telefon do zdj\u0119\u0107 tego roku oficjalnie debiutuje w Orange. vivo X300 Pro jest ju\u017c dost\u0119pny w dobrej cenie i z fajnymi prezentami. Mo\u017cesz wybra\u0107 go zar\u00f3wno w ofercie abonamentowej, jak i bez umowy.<\/p>\n<p>Po debiucie serii vivo X300 w polskich sklepach czas na pojawienie si\u0119 w ofertach operatorskich. vivo X300 Pro jest ju\u017c dost\u0119pny w Orange, gdzie mo\u017cesz kupi\u0107 go zar\u00f3wno w abonamencie, jak i bez abonamentu. Do tego mo\u017cesz liczy\u0107 na fajne gratisy w postaci s\u0142uchawek, \u0142adowarki i obiektywu vivo ZEISS<\/p>\n<p>vivo X300 Pro debiutuje w Orange za 5999 z\u0142otych<\/p>\n<p>Ju\u017c od dzisiaj, czyli poniedzia\u0142ku 15 grudnia, vivo X300 Pro jest dost\u0119pny w ofercie operatora Orange. W zale\u017cno\u015bci od swoich preferencji mo\u017cesz wybra\u0107 go w ramach abonamentu, lub kupi\u0107 za got\u00f3wk\u0119 za <a href=\"https:\/\/clk.tradedoubler.com\/click?p=51374&amp;a=1519650&amp;epi=link&amp;url=https%3A%2F%2Fwww.orange.pl%2Fesklep%2Fsmartfony%2Finny%2Fvivo-x300-pro-5g-16-512gb-photo-kit---s-uchawki-tws3----adowarka-90w%3Ftyp-oferty%3DSIMFREE_INST%26typ-procesu%3DINSTALMENT_SALES_OF_GOODS\" rel=\"nofollow noopener\" target=\"_blank\">5999 z\u0142otych<\/a>. Do wyboru mamy obie wersje kolorystyczne: Pustynny Br\u0105z oraz G\u0142\u0119boka Czer\u0144.<\/p>\n<p>Kupuj\u0105c vivo X300 Pro w Oragne (zar\u00f3wno w abonamencie, jak i w wolnej sprzeda\u017cy) mo\u017cesz liczy\u0107 na atrakcyjne prezenty o \u0142\u0105cznej warto\u015bci a\u017c 1697 z\u0142otych. W sk\u0142ad oferty promocyjnej wchodz\u0105:<\/p>\n<ul>\n<li>S\u0142uchawki vivo TWS 3E o warto\u015bci oko\u0142o 250 z\u0142otych.<\/li>\n<li>\u0141adowarka FlashCharge o mocy 90W (warta ponad 100 z\u0142otych).<\/li>\n<li>Dodatkowy obiektyw vivo ZEISS 2,35x Telephoto Extender wart <a href=\"https:\/\/vivo-official.com\/products\/telephoto-extender\" rel=\"nofollow noopener\" target=\"_blank\">nawet 399 euro<\/a>.<\/li>\n<\/ul>\n<p><a href=\"https:\/\/www.gsmmaniak.pl\/wp-content\/uploads\/gsmmaniak\/2025\/12\/Zrzut-ekranu-2025-12-13-130219.jpg\" rel=\"lightbox-post4 nofollow noopener\" title=\"Galeria dla Zrzut ekranu 2025-12-13 130219\" target=\"_blank\"><img loading=\"lazy\" decoding=\"async\" aria-describedby=\"caption-attachment-1621109\" class=\"size-medium wp-image-1621109\" src=\"https:\/\/www.europesays.com\/pl\/wp-content\/uploads\/2025\/12\/Zrzut-ekranu-2025-12-13-130219-medium.jpg\" alt=\"vivo X300 Pro\" width=\"500\" height=\"434\"   itemprop=\"image\" \/><\/a><\/p>\n<p id=\"caption-attachment-1621109\" class=\"wp-caption-text\">vivo X300 Pro \/ fot. Konrad Bartnik, gsmManiaK.pl<\/p>\n<p>Cena tego ca\u0142ego zestawu wynosi tylko 5999 z\u0142otych, czyli mniej od niekt\u00f3rych flagowc\u00f3w konkurencji \u2013\u00a0 i to z poprzedniej generacji. Dla mnie prezenty o warto\u015bci prawie 1700 z\u0142otych to nie lada gratka dla fana fotografii.<\/p>\n<p>W sk\u0142ad promocji wchodz\u0105 s\u0142uchawki, szybka \u0142adowarka i obiektyw vivo ZEISS<\/p>\n<p>W tym miejscu warto powiedzie\u0107 kilka s\u0142\u00f3w na temat ka\u017cdego z prezent\u00f3w, kt\u00f3re dostaniesz przy zakupie vivo X300 Pro w Orange. W ko\u0144cu nie bez powodu ten smartfon otrzyma\u0142 presti\u017cow\u0105 nagrod\u0119 Konsumenckiego Lidera Jako\u015bci \u2013 Debiut Roku 2025.<\/p>\n<p>vivo TWS 3e to dokana\u0142owe s\u0142uchawki True Wireless z ANC. Redukcja szum\u00f3w jest w inteligentny spos\u00f3b dopasowywana do panuj\u0105cych dooko\u0142a warunk\u00f3w otoczenia. Do tego s\u0105 odporne na kurz i wod\u0119, co potwierdzono norm\u0105 IP54. Spokojnie mo\u017cesz korzysta\u0107 z nich podczas treningu przy kiepskiej pogodzie, kt\u00f3ra w Polsce potrwa jeszcze przynajmniej przez kilka miesi\u0119cy.<\/p>\n<p>Je\u017celi chodzi o \u0142adowark\u0119, to FlashCharge o mocy 90W pozwala na pe\u0142ne na\u0142adowanie telefonu w zaledwie 40 minut. To niez\u0142y wynik, bior\u0105c pod uwag\u0119 poka\u017an\u0105 pojemno\u015b\u0107 ogniwa w vivo X300 Pro. Zauwa\u017c, \u017ce ma\u0142o kt\u00f3ry producent do\u0142\u0105cza \u0142adowark\u0119 do zestawu sprzeda\u017cowego \u2013 kolejny argument po stronie vivo.<\/p>\n<p><a href=\"https:\/\/www.gsmmaniak.pl\/wp-content\/uploads\/gsmmaniak\/2025\/12\/Zrzut-ekranu-2025-12-13-130238.jpg\" rel=\"lightbox-post4 nofollow noopener\" title=\"Galeria dla Zrzut ekranu 2025-12-13 130238\" target=\"_blank\"><img loading=\"lazy\" decoding=\"async\" aria-describedby=\"caption-attachment-1621112\" class=\"size-medium wp-image-1621112\" src=\"https:\/\/www.europesays.com\/pl\/wp-content\/uploads\/2025\/12\/Zrzut-ekranu-2025-12-13-130238-medium.jpg\" alt=\"vivo X300 Pro\" width=\"500\" height=\"291\"   \/><\/a><\/p>\n<p id=\"caption-attachment-1621112\" class=\"wp-caption-text\">vivo X300 Pro \/ fot. Konrad Bartnik, gsmManiaK.pl<\/p>\n<p>Najwa\u017cniejszym punktem prezent\u00f3w jest dla mnie jednak dodatkowy obiektyw vivo ZEISS 2,35x Telephoto Extender. Nie do\u015b\u0107, \u017ce jest wart sporo kasy, to jeszcze faktycznie rozszerza mo\u017cliwo\u015bci korzystania z teleobiektywu daleko poza to, co potrafi typowy flagowiec. Dzi\u0119ki niemu vivo X300 Pro bezapelacyjnie jest najlepszym fotograficznym smartfonem w Polsce.<\/p>\n<p>W sk\u0142ad zestawu z obiektywem wchodz\u0105 sam vivo ZEISS 2,35x Telephoto Extender, etui oraz adapter do zamontowania go na tylnym panelu smartfona. Tak si\u0119 sk\u0142ada, \u017ce mia\u0142em okazj\u0119 sprawdzi\u0107 jego mo\u017cliwo\u015bci podczas premiery vivo X300 Pro i powiem wprost \u2013 do tej pory nie by\u0142o tak wygodnego sposobu na wyd\u0142u\u017cenie zoomu w telefonie. Zaznacz\u0119 tylko, \u017ce w tym zestawie nie ma gripa, smyczy oraz drugiego etui, kt\u00f3re mo\u017cesz kojarzy\u0107 z polskiej premiery.<\/p>\n<p>Najlepszy telefon do zdj\u0119\u0107 w Polsce jest wart takiej kasy<\/p>\n<p>Mia\u0142em okazj\u0119 <a href=\"https:\/\/www.gsmmaniak.pl\/1609746\/vivo-x300-pro-test-recenzja-opinia\/\" rel=\"nofollow noopener\" target=\"_blank\">testowa\u0107 vivo X300 Pro <\/a>jeszcze przed jego premier\u0105 i sam w recenzji nazwa\u0142em go moim ulubionym telefonem do zdj\u0119\u0107 w tym roku. Nie ma w tym cienia przesady i po dw\u00f3ch miesi\u0105cach nadal nie trafi\u0142 mi si\u0119 smartfon, kt\u00f3ry a\u017c tak chcia\u0142o mi si\u0119 fotografowa\u0107. Dlaczego?<\/p>\n<p>Poniewa\u017c w mojej opinii znajduj\u0105cy si\u0119 na tylnym panelu zestaw trzech obiektyw\u00f3w to najbardziej kompletne zaplecze fotograficzne, jakie do tej pory trafi\u0142o do polskich sklep\u00f3w. Najwi\u0119ksze wra\u017cenie zrobi\u0142 na mnie teleobiektyw, oparty o now\u0105 matryc\u0119 Samsung HPB o rozdzielczo\u015bci a\u017c 200 MP. Warto te\u017c wspomnie\u0107 o g\u0142\u00f3wnym obiektywie z gimbalow\u0105 stabilizacj\u0105.<\/p>\n<p>Obecnie nie ma u nas telefonu, kt\u00f3ry oferowa\u0142by fizycznie wi\u0119kszy sensor do wykorzystania przy zoomie. Wraz z dodatkowym obiektywem vivo ZEISS 2,35x Telephoto Extender przek\u0142ada si\u0119 to mo\u017cliwo\u015b\u0107 fotografowania z odleg\u0142o\u015bci kompletnie niedost\u0119pnej dla zwyk\u0142ego flagowca.<\/p>\n<p><a href=\"https:\/\/www.gsmmaniak.pl\/wp-content\/uploads\/gsmmaniak\/2025\/12\/Zrzut-ekranu-2025-12-13-130226.jpg\" rel=\"lightbox-post4 nofollow noopener\" title=\"Galeria dla Zrzut ekranu 2025-12-13 130226\" target=\"_blank\"><img loading=\"lazy\" decoding=\"async\" aria-describedby=\"caption-attachment-1621110\" class=\"size-medium wp-image-1621110\" src=\"https:\/\/www.europesays.com\/pl\/wp-content\/uploads\/2025\/12\/Zrzut-ekranu-2025-12-13-130226-medium.jpg\" alt=\"vivo X300 Pro\" width=\"500\" height=\"446\"   \/><\/a><\/p>\n<p id=\"caption-attachment-1621110\" class=\"wp-caption-text\">vivo X300 Pro \/ fot. Konrad Bartnik, gsmManiaK.pl<\/p>\n<p>Poza tym vivo X300 Pro to kompletny flagowiec poza sfer\u0105 mobilnej fotografii. Ogniwo o pojemno\u015bci 5440 mAh pozwoli cieszy\u0107 si\u0119 mo\u017cliwo\u015bciami telefonu od rana do wieczora. Wsparcie dla \u0142adowania o mocy a\u017c 90W daje komfort odzyskania energii w zaledwie kilka minut i pe\u0142ne na\u0142adowanie w oko\u0142o 40 minut.<\/p>\n<p>Je\u017celi jeste\u015b mobilnym graczem, to r\u00f3wnie\u017c b\u0119dziesz zadowolony z vivo X300 Pro. Fani bezpardonowej wydajno\u015bci mog\u0105 liczy\u0107 na najnowszego MediaTeka Dimensity 9500. W dost\u0119pnej w Polsce (a wi\u0119c i w ofercie <a href=\"https:\/\/clk.tradedoubler.com\/click?p=51374&amp;a=1519650&amp;epi=link&amp;url=https%3A%2F%2Fwww.orange.pl%2Fesklep%2Fsmartfony%2Finny%2Fvivo-x300-pro-5g-16-512gb-photo-kit---s-uchawki-tws3----adowarka-90w%3Ftyp-oferty%3DSIMFREE_INST%26typ-procesu%3DINSTALMENT_SALES_OF_GOODS\" rel=\"nofollow noopener\" target=\"_blank\">operatora Orange<\/a>) wersji towarzysz\u0105 mu 16 GB RAM i 512 GB na dane. Dzi\u0119ki temu wielozadaniowo\u015b\u0107 jest topowa, a setki zdj\u0119\u0107 i wideo nie zdo\u0142aj\u0105 zape\u0142ni\u0107 takiej pami\u0119ci.<\/p>\n<p>Podsumowuj\u0105c \u2013 w Polsce nie tylko nie ma obecnie telefonu z lepszym aparatem od vivo X300 Pro, ale tak\u017ce nie znam \u017cadnego, przy kt\u00f3rego zakupie dostawa\u0142by\u015b tak szeroki zestaw akcesori\u00f3w zupe\u0142nie za darmo. Producent wprowadza do operatora flagowca z przytupem, jakiego jeszcze u nas nie by\u0142o.<\/p>\n<p>Artyku\u0142 sponsorowany<\/p>\n","protected":false},"excerpt":{"rendered":"M\u00f3j ulubiony telefon do zdj\u0119\u0107 tego roku oficjalnie debiutuje w Orange. vivo X300 Pro jest ju\u017c dost\u0119pny w&hellip;\n","protected":false},"author":2,"featured_media":152574,"comment_status":"","ping_status":"","sticky":false,"template":"","format":"standard","meta":{"footnotes":""},"categories":[20],"tags":[120,118,119,42,38,40,39,41,116,114,115,121,117],"class_list":{"0":"post-152573","1":"post","2":"type-post","3":"status-publish","4":"format-standard","5":"has-post-thumbnail","7":"category-nauka-i-technika","8":"tag-nauka","9":"tag-nauka-i-technika","10":"tag-naukatechnika","11":"tag-pl","12":"tag-poland","13":"tag-polish","14":"tag-polska","15":"tag-polski","16":"tag-science","17":"tag-science-and-technology","18":"tag-sciencetechnology","19":"tag-technika","20":"tag-technology"},"share_on_mastodon":{"url":"https:\/\/pubeurope.com\/@pl\/115725011263835358","error":""},"_links":{"self":[{"href":"https:\/\/www.europesays.com\/pl\/wp-json\/wp\/v2\/posts\/152573","targetHints":{"allow":["GET"]}}],"collection":[{"href":"https:\/\/www.europesays.com\/pl\/wp-json\/wp\/v2\/posts"}],"about":[{"href":"https:\/\/www.europesays.com\/pl\/wp-json\/wp\/v2\/types\/post"}],"author":[{"embeddable":true,"href":"https:\/\/www.europesays.com\/pl\/wp-json\/wp\/v2\/users\/2"}],"replies":[{"embeddable":true,"href":"https:\/\/www.europesays.com\/pl\/wp-json\/wp\/v2\/comments?post=152573"}],"version-history":[{"count":0,"href":"https:\/\/www.europesays.com\/pl\/wp-json\/wp\/v2\/posts\/152573\/revisions"}],"wp:featuredmedia":[{"embeddable":true,"href":"https:\/\/www.europesays.com\/pl\/wp-json\/wp\/v2\/media\/152574"}],"wp:attachment":[{"href":"https:\/\/www.europesays.com\/pl\/wp-json\/wp\/v2\/media?parent=152573"}],"wp:term":[{"taxonomy":"category","embeddable":true,"href":"https:\/\/www.europesays.com\/pl\/wp-json\/wp\/v2\/categories?post=152573"},{"taxonomy":"post_tag","embeddable":true,"href":"https:\/\/www.europesays.com\/pl\/wp-json\/wp\/v2\/tags?post=152573"}],"curies":[{"name":"wp","href":"https:\/\/api.w.org\/{rel}","templated":true}]}}