{"id":152581,"date":"2025-12-15T18:34:13","date_gmt":"2025-12-15T18:34:13","guid":{"rendered":"https:\/\/www.europesays.com\/pl\/152581\/"},"modified":"2025-12-15T18:34:13","modified_gmt":"2025-12-15T18:34:13","slug":"karol-nawrocki-odwoluje-chanuke-w-palacu-prezydenckim-agata-passent-gorzko-komentuje","status":"publish","type":"post","link":"https:\/\/www.europesays.com\/pl\/152581\/","title":{"rendered":"Karol Nawrocki odwo\u0142uje Chanuk\u0119 w Pa\u0142acu Prezydenckim. Agata Passent gorzko komentuje"},"content":{"rendered":"<p class=\"ods-c-paragraph \">Jak donosi &#8222;Rzeczpospolita&#8221;, <a href=\"https:\/\/plejada.pl\/temat\/karol-nawrocki-prezydent\" id=\"eb87051d-3775-4e4d-a782-d8e6c7229ea8\" rel=\"nofollow noopener\" target=\"_blank\">Karol Nawrocki<\/a> zrezygnowa\u0142 w tym roku z obchod\u00f3w \u017cydowskiego \u015bwi\u0119ta Chanuki. Doniesienia o tym, \u017ce zaproszenia na uroczysto\u015b\u0107 nie zosta\u0142y wys\u0142ane, potwierdzili przedstawiciele spo\u0142eczno\u015bci \u017cydowskiej w Polsce.<\/p>\n<p class=\"ods-c-paragraph \">Prezydent zapowiada\u0142 taki ruch jeszcze podczas kampanii wyborczej. &#8222;Ja swoje przywi\u0105zanie do warto\u015bci chrze\u015bcija\u0144skich traktuj\u0119 powa\u017cnie, wi\u0119c obchodz\u0119 \u015bwi\u0119ta, kt\u00f3re s\u0105 bliskie mojej osobie&#8221; \u2014 m\u00f3wi\u0142 na antenie RMF FM.<\/p>\n<p>Dalszy ci\u0105g artyku\u0142u pod materia\u0142em wideo<\/p>\n<p> Dlaczego Karol Nawrocki odwo\u0142a\u0142 Chanuk\u0119? <\/p>\n<p> Jak zareagowa\u0142a Agata Passent na odwo\u0142anie Chanuki? <\/p>\n<p> Kiedy mia\u0142y si\u0119 odby\u0107 obchody Chanuki w Pa\u0142acu Prezydenckim? <\/p>\n<p> Jakie by\u0142y argumenty prezydenta Nawrockiego dotycz\u0105ce obchodzenia \u015bwi\u0105t? <\/p>\n<p>  Agata Passent o odwo\u0142aniu Chanuki przez Karola Nawrockiego. Nie gryz\u0142a si\u0119 w j\u0119zyk   <\/p>\n<p class=\"ods-c-paragraph \">Agata Passent, kt\u00f3ra ch\u0119tnie udziela si\u0119 w mediach spo\u0142eczno\u015bciowych, postanowi\u0142a odnie\u015b\u0107 si\u0119 do ca\u0142ej sytuacji z Chanuk\u0105. Na Instagramie opublikowa\u0142a wpis, w kt\u00f3rym uderza w Karola Nawrockiego.<\/p>\n<p class=\"ods-c-paragraph \">&#8222;Z wielu powod\u00f3w trwa dla mnie najbardziej ponura Chanuka od dekad. Wiadomo, \u017ce mizerna nisza obchodzi to \u015bwi\u0119to w Polsce, wi\u0119c nigdy nie mia\u0142am z\u0142udze\u0144, \u017ce kto\u015b zauwa\u017ca t\u0119 mniejszo\u015b\u0107 w\u015br\u00f3d innych Polak\u00f3w&#8221; \u2014 zacz\u0119\u0142a i doda\u0142a:<\/p>\n<blockquote class=\"ods-o-quota\">\n<p class=\"ods-o-quota__paragraph\">Lecz jestem kompletnie zaskoczona, \u017ce pan prezydent odwo\u0142a\u0142 zapalanie chanukowych \u015bwiec w pa\u0142acu. Po pierwsze to m\u0119\u017cczyzna wysportowany, postawny \u2014 na trudne czasy, gdy licz\u0105 si\u0119 te\u017c argumenty si\u0142y. Tymczasem przestraszy\u0142 si\u0119 malutkiego ga\u015bniczego. Po drugie mia\u0142 by\u0107 patriot\u0105 stawiaj\u0105cym op\u00f3r rosyjskiej agresji. Szybko posz\u0142o.<\/p>\n<\/blockquote>\n<p class=\"ods-c-paragraph \">Na koniec Passent wbi\u0142a szpil\u0119 Nawrockiemu:<\/p>\n<p class=\"ods-c-paragraph \">&#8222;Na szcz\u0119\u015bcie jestem optymistk\u0105 i wierz\u0119, \u017ce oliwy nam jeszcze starczy na wieki. Nie ma co si\u0119 obra\u017ca\u0107 \u2014 du\u017cy ch\u0142op nie zawsze r\u00f3wna si\u0119 odwa\u017cny i uczciwy. Trzymajmy si\u0119 naszych \u015bwiate\u0142ek&#8221;.<\/p>\n<p class=\"ods-c-paragraph \">Dzi\u0119kujemy, \u017ce przeczyta\u0142a\u015b\/e\u015b nasz artyku\u0142 do ko\u0144ca. W serwisie Plejada.pl ka\u017cdego dnia piszemy o najwa\u017cniejszych wydarzeniach show-biznesowych. B\u0105d\u017a na bie\u017c\u0105co! <a rel=\"nofollow noopener\" href=\"https:\/\/profile.google.com\/cp\/Cg0vZy8xMWJ6X19wdHBx\" id=\"63458982-f634-466c-8c98-198d8e706d66\" target=\"_blank\">Obserwuj<\/a> Plejad\u0119 w Wiadomo\u015bciach Google. Odwied\u017a nas tak\u017ce na <a rel=\"nofollow noopener\" href=\"https:\/\/www.facebook.com\/plejadapl\" id=\"8d516c1b-cada-4d7c-a142-19c780660339\" target=\"_blank\">Facebooku<\/a>, <a rel=\"nofollow noopener\" href=\"https:\/\/www.instagram.com\/plejadapl\/\" id=\"501f66bf-5a50-4388-9607-d0c4d8f47dc9\" target=\"_blank\">Instagramie<\/a>, <a rel=\"nofollow noopener\" href=\"https:\/\/www.youtube.com\/c\/plejada\" id=\"8ce7289d-8e5c-4614-b261-bfede7f9c177\" target=\"_blank\">YouTube<\/a> oraz <a rel=\"nofollow noopener\" href=\"https:\/\/www.tiktok.com\/@plejada_pl\" id=\"7f08cc7e-54e6-432e-b5b4-fc1a47a71340\" target=\"_blank\">TikToku<\/a>.<\/p>\n<p class=\"ods-c-paragraph \">Chcesz podzieli\u0107 si\u0119 ciekawym newsem lub zaproponowa\u0107 temat? Skontaktuj si\u0119 z nami, pisz\u0105c e-maila na adres: <a rel=\"nofollow noopener\" href=\"https:\/\/plejada.pl\/newsy\/karol-nawrocki-odwoluje-chanuke-w-palacu-prezydenckim-agata-passent-gorzko-komentuje\/mailto:plejada@redakcjaonet.pl\" id=\"bd02fc71-6ce2-44c4-8e2e-751c5e6fcb15\" target=\"_blank\">plejada@redakcjaonet.pl<\/a>.<\/p>\n<p><script async src=\"\/\/www.instagram.com\/embed.js\"><\/script><script async src=\"\/\/www.tiktok.com\/embed.js\"><\/script><\/p>\n","protected":false},"excerpt":{"rendered":"Jak donosi &#8222;Rzeczpospolita&#8221;, Karol Nawrocki zrezygnowa\u0142 w tym roku z obchod\u00f3w \u017cydowskiego \u015bwi\u0119ta Chanuki. Doniesienia o tym, \u017ce&hellip;\n","protected":false},"author":2,"featured_media":152582,"comment_status":"","ping_status":"","sticky":false,"template":"","format":"standard","meta":{"footnotes":""},"categories":[5],"tags":[30649,32,33,29838,36,37,27,43,34,35,28,31,48,25,125,46,42,38,40,39,41,25865,47,29,30,26],"class_list":{"0":"post-152581","1":"post","2":"type-post","3":"status-publish","4":"format-standard","5":"has-post-thumbnail","7":"category-naglowki","8":"tag-agata_passent","9":"tag-breaking-news","10":"tag-breakingnews","11":"tag-chanuka","12":"tag-featured-news","13":"tag-featurednews","14":"tag-headlines","15":"tag-karol_nawrocki","16":"tag-latest-news","17":"tag-latestnews","18":"tag-naglowki","19":"tag-najwazniejsze-artykuly","20":"tag-nat_styl","21":"tag-news","22":"tag-newsy","23":"tag-omp","24":"tag-pl","25":"tag-poland","26":"tag-polish","27":"tag-polska","28":"tag-polski","29":"tag-rebrand_ai_tst0","30":"tag-screening_general","31":"tag-top-stories","32":"tag-topstories","33":"tag-wiadomosci"},"share_on_mastodon":{"url":"https:\/\/pubeurope.com\/@pl\/115725026144180061","error":""},"_links":{"self":[{"href":"https:\/\/www.europesays.com\/pl\/wp-json\/wp\/v2\/posts\/152581","targetHints":{"allow":["GET"]}}],"collection":[{"href":"https:\/\/www.europesays.com\/pl\/wp-json\/wp\/v2\/posts"}],"about":[{"href":"https:\/\/www.europesays.com\/pl\/wp-json\/wp\/v2\/types\/post"}],"author":[{"embeddable":true,"href":"https:\/\/www.europesays.com\/pl\/wp-json\/wp\/v2\/users\/2"}],"replies":[{"embeddable":true,"href":"https:\/\/www.europesays.com\/pl\/wp-json\/wp\/v2\/comments?post=152581"}],"version-history":[{"count":0,"href":"https:\/\/www.europesays.com\/pl\/wp-json\/wp\/v2\/posts\/152581\/revisions"}],"wp:featuredmedia":[{"embeddable":true,"href":"https:\/\/www.europesays.com\/pl\/wp-json\/wp\/v2\/media\/152582"}],"wp:attachment":[{"href":"https:\/\/www.europesays.com\/pl\/wp-json\/wp\/v2\/media?parent=152581"}],"wp:term":[{"taxonomy":"category","embeddable":true,"href":"https:\/\/www.europesays.com\/pl\/wp-json\/wp\/v2\/categories?post=152581"},{"taxonomy":"post_tag","embeddable":true,"href":"https:\/\/www.europesays.com\/pl\/wp-json\/wp\/v2\/tags?post=152581"}],"curies":[{"name":"wp","href":"https:\/\/api.w.org\/{rel}","templated":true}]}}