{"id":152583,"date":"2025-12-15T18:36:25","date_gmt":"2025-12-15T18:36:25","guid":{"rendered":"https:\/\/www.europesays.com\/pl\/152583\/"},"modified":"2025-12-15T18:36:25","modified_gmt":"2025-12-15T18:36:25","slug":"eurowizja-junior-2025-marianna-klos-wrocila-do-polski-zdradzila-swoje-plany","status":"publish","type":"post","link":"https:\/\/www.europesays.com\/pl\/152583\/","title":{"rendered":"Eurowizja Junior 2025. Marianna K\u0142os wr\u00f3ci\u0142a do Polski. Zdradzi\u0142a swoje plany"},"content":{"rendered":"<p class=\"ods-c-paragraph \">Za nami Eurowizja Junior 2025, kt\u00f3ra w tym roku odby\u0142a si\u0119 w Tbilisi. Decyzj\u0105 widz\u00f3w i jury zwyci\u0119\u017cczyni\u0105 konkursu zosta\u0142a 11-letnia <a href=\"https:\/\/plejada.pl\/newsy\/to-ona-wygrala-eurowizje-junior-2025-lou-deleuze-wystapila-w-mam-talent\/d7y4mje\" id=\"f94de31e-dab1-4e94-b6f5-c80f567e0af7\" rel=\"nofollow noopener\" target=\"_blank\">Lou Deleuze<\/a> z Francji. Reprezentantka Polski, <a href=\"https:\/\/plejada.pl\/newsy\/nie-wygrala-the-voice-kids-a-wystapi-na-eurowizji-junior-kim-jest-marianna-klos\/yjs3mmp\" id=\"d0505fe7-ae4e-4be1-a49a-c1ba2b5e0b51\" rel=\"nofollow noopener\" target=\"_blank\">Marianna K\u0142os<\/a>, zaj\u0119\u0142a \u00f3sme miejsce. W poniedzia\u0142ek rano m\u0142oda wokalistka wr\u00f3ci\u0142a do kraju i w programie &#8222;Pytanie na \u015bniadanie&#8221; podzieli\u0142a si\u0119 wra\u017ceniami z udzia\u0142u w konkursie.<\/p>\n<p>Dalszy ci\u0105g artyku\u0142u pod materia\u0142em wideo<\/p>\n<p> Jakie miejsce zaj\u0119\u0142a Marianna K\u0142os na Eurowizji Junior? <\/p>\n<p> Jakie s\u0105 plany Marianny K\u0142os po powrocie do Polski? <\/p>\n<p> Co Marianna K\u0142os robi\u0142a w Gruzji? <\/p>\n<p> Jakie uczucia towarzyszy\u0142y Mariannie K\u0142os po finale Eurowizji Junior? <\/p>\n<p>  Marianna K\u0142os po Eurowizji Junior wr\u00f3ci\u0142a do domu. Takie ma teraz plany<\/p>\n<p class=\"ods-c-paragraph \">Marianna nie ukrywa\u0142a, \u017ce t\u0119skni\u0142a za Polsk\u0105, ale udzia\u0142 w Eurowizji Junior wspomina jako wyj\u0105tkowe i bardzo radosne do\u015bwiadczenie. \u2014 Troch\u0119 t\u0119skni\u0142am za Polsk\u0105, bo wiadomo \u2014 fajnie jest wr\u00f3ci\u0107 do domu \u2014 m\u00f3wi\u0142a. \u2014 Chocia\u017c w Gruzji by\u0142o naprawd\u0119 bardzo fajnie i \u015bwietnie si\u0119 bawi\u0142am. To by\u0142a dla mnie super przygoda i ogromny zaszczyt m\u00f3c stan\u0105\u0107 na tej eurowizyjnej scenie \u2014 podkre\u015bli\u0142a.<\/p>\n<p class=\"ods-c-paragraph \">12-latka przyzna\u0142a, \u017ce emocje po finale powoli opadaj\u0105, ale rado\u015b\u0107 z wyst\u0119pu nadal jej towarzyszy. \u2014 Ju\u017c troch\u0119 opad\u0142y, ale nadal bardzo si\u0119 ciesz\u0119 z mojego wyst\u0119pu i z miejsca, kt\u00f3re zaj\u0119\u0142y\u015bmy razem z dziewczynami \u2014 wyzna\u0142a.<\/p>\n<p><img decoding=\"async\" src=\"https:\/\/www.europesays.com\/pl\/wp-content\/uploads\/2025\/12\/xyCk9lBaHR0cHM6Ly9vY2RuLmV1L3B1bHNjbXMvTURBXy80MzA5NTkzYzNiZDE4ZWY0YmRhODFhMmE0YmRkMTA1Mi5wbmeRlQLNB.jpeg\" height=\"530\" width=\"940\" alt=\"Marianna K\u0142os, Grzegorz Dobek\" loading=\"lazy\" class=\"ods-c-image__img ods-c-image__img--viewport-width\"\/><\/p>\n<p>Marianna K\u0142os, Grzegorz Dobekscreen, &#8222;Pytanie na \u015bniadanie&#8221;\/TVP \/ TVP<\/p>\n<p class=\"ods-c-paragraph \">Po powrocie do domu m\u0142oda wokalistka szybko planuje wr\u00f3ci\u0107 do codziennych obowi\u0105zk\u00f3w. Jak zdradzi\u0142a, najpierw planuje odpocz\u0105\u0107, a nast\u0119pnie po\u015bwi\u0119ci\u0107 czas na nauk\u0119 przed zbli\u017caj\u0105cym si\u0119 sprawdzianem.<\/p>\n<blockquote class=\"ods-o-quota\">\n<p class=\"ods-o-quota__paragraph\">Najpierw zjem lody, bo teraz ju\u017c mog\u0119. (&#8230;) A p\u00f3\u017aniej musz\u0119 si\u0119 troch\u0119 pouczy\u0107, bo jutro mam sprawdzian<\/p>\n<\/blockquote>\n<p class=\"ods-c-paragraph \">\u2014 \u015bmia\u0142a si\u0119.<\/p>\n<p class=\"ods-c-paragraph \">Nie zabraknie te\u017c chwili na odpoczynek. \u2014 Pobawi\u0119 si\u0119 troch\u0119 z Kornelem i po prostu b\u0119d\u0119 odpoczywa\u0142a \u2014 doda\u0142a.<\/p>\n<p class=\"ods-c-paragraph \">Dzi\u0119kujemy, \u017ce przeczyta\u0142a\u015b\/e\u015b nasz artyku\u0142 do ko\u0144ca. W serwisie Plejada.pl ka\u017cdego dnia piszemy o najwa\u017cniejszych wydarzeniach show-biznesowych. B\u0105d\u017a na bie\u017c\u0105co! <a rel=\"nofollow noopener\" href=\"https:\/\/profile.google.com\/cp\/Cg0vZy8xMWJ6X19wdHBx\" id=\"bb5201cc-09cf-40f1-8a32-e202a7959ae0\" target=\"_blank\">Obserwuj<\/a> Plejad\u0119 w Wiadomo\u015bciach Google. Odwied\u017a nas tak\u017ce na <a rel=\"nofollow noopener\" href=\"https:\/\/www.facebook.com\/plejadapl\" id=\"a06f6a19-46a9-4d52-8639-f15c0585f737\" target=\"_blank\">Facebooku<\/a>, <a rel=\"nofollow noopener\" href=\"https:\/\/www.instagram.com\/plejadapl\/\" id=\"b4ffe7e8-f18a-4056-99ea-eeaaea9247a1\" target=\"_blank\">Instagramie<\/a>, <a rel=\"nofollow noopener\" href=\"https:\/\/www.youtube.com\/c\/plejada\" id=\"a48c2462-1098-4c4d-9220-2a7db4b4f76d\" target=\"_blank\">YouTube<\/a> oraz <a rel=\"nofollow noopener\" href=\"https:\/\/www.tiktok.com\/@plejada_pl\" id=\"3353e23f-5cdb-44a3-bdf9-6d3770286c9d\" target=\"_blank\">TikToku<\/a>.<\/p>\n<p class=\"ods-c-paragraph \">Chcesz podzieli\u0107 si\u0119 ciekawym newsem lub zaproponowa\u0107 temat? Skontaktuj si\u0119 z nami, pisz\u0105c e-maila na adres: <a rel=\"nofollow noopener\" href=\"https:\/\/plejada.pl\/newsy\/eurowizja-junior-2025-marianna-klos-wrocila-do-polski-zdradzila-swoje-plany\/mailto:plejada@redakcjaonet.pl\" id=\"b3ce915e-dfc2-4a5a-ac8e-8da94973a9c6\" target=\"_blank\">plejada@redakcjaonet.pl<\/a>.<\/p>\n<p><script async src=\"\/\/www.instagram.com\/embed.js\"><\/script><script async src=\"\/\/www.tiktok.com\/embed.js\"><\/script><\/p>\n","protected":false},"excerpt":{"rendered":"Za nami Eurowizja Junior 2025, kt\u00f3ra w tym roku odby\u0142a si\u0119 w Tbilisi. Decyzj\u0105 widz\u00f3w i jury zwyci\u0119\u017cczyni\u0105&hellip;\n","protected":false},"author":2,"featured_media":152584,"comment_status":"","ping_status":"","sticky":false,"template":"","format":"standard","meta":{"footnotes":""},"categories":[22],"tags":[122,29907,29969,48,125,46,42,38,40,39,41,2577,25865,123,47,506],"class_list":{"0":"post-152583","1":"post","2":"type-post","3":"status-publish","4":"format-standard","5":"has-post-thumbnail","7":"category-rozrywka","8":"tag-entertainment","9":"tag-eurowizja_junior","10":"tag-marianna_klos","11":"tag-nat_styl","12":"tag-newsy","13":"tag-omp","14":"tag-pl","15":"tag-poland","16":"tag-polish","17":"tag-polska","18":"tag-polski","19":"tag-pytanie_na_sniadanie","20":"tag-rebrand_ai_tst0","21":"tag-rozrywka","22":"tag-screening_general","23":"tag-tvp"},"share_on_mastodon":{"url":"https:\/\/pubeurope.com\/@pl\/115725034779966745","error":""},"_links":{"self":[{"href":"https:\/\/www.europesays.com\/pl\/wp-json\/wp\/v2\/posts\/152583","targetHints":{"allow":["GET"]}}],"collection":[{"href":"https:\/\/www.europesays.com\/pl\/wp-json\/wp\/v2\/posts"}],"about":[{"href":"https:\/\/www.europesays.com\/pl\/wp-json\/wp\/v2\/types\/post"}],"author":[{"embeddable":true,"href":"https:\/\/www.europesays.com\/pl\/wp-json\/wp\/v2\/users\/2"}],"replies":[{"embeddable":true,"href":"https:\/\/www.europesays.com\/pl\/wp-json\/wp\/v2\/comments?post=152583"}],"version-history":[{"count":0,"href":"https:\/\/www.europesays.com\/pl\/wp-json\/wp\/v2\/posts\/152583\/revisions"}],"wp:featuredmedia":[{"embeddable":true,"href":"https:\/\/www.europesays.com\/pl\/wp-json\/wp\/v2\/media\/152584"}],"wp:attachment":[{"href":"https:\/\/www.europesays.com\/pl\/wp-json\/wp\/v2\/media?parent=152583"}],"wp:term":[{"taxonomy":"category","embeddable":true,"href":"https:\/\/www.europesays.com\/pl\/wp-json\/wp\/v2\/categories?post=152583"},{"taxonomy":"post_tag","embeddable":true,"href":"https:\/\/www.europesays.com\/pl\/wp-json\/wp\/v2\/tags?post=152583"}],"curies":[{"name":"wp","href":"https:\/\/api.w.org\/{rel}","templated":true}]}}