{"id":152593,"date":"2025-12-15T18:41:10","date_gmt":"2025-12-15T18:41:10","guid":{"rendered":"https:\/\/www.europesays.com\/pl\/152593\/"},"modified":"2025-12-15T18:41:10","modified_gmt":"2025-12-15T18:41:10","slug":"co-z-paszportem-zbigniewa-ziobry-mamy-odpowiedz-wojewody-2","status":"publish","type":"post","link":"https:\/\/www.europesays.com\/pl\/152593\/","title":{"rendered":"Co z paszportem Zbigniewa Ziobry? Mamy odpowied\u017a wojewody"},"content":{"rendered":"<ul class=\"UnorderedList_container__nmfSl\">\n<li class=\"UnorderedList_listElement__Py7xi\" data-id=\"ai-summary-link\">Du\u017co czytania, a ma\u0142o czasu? Sprawd\u017a\u00a0skr\u00f3t\u00a0artyku\u0142u<\/li>\n<\/ul>\n<p class=\"Paragraph_desktopParagraph__U31Gm\"><a href=\"https:\/\/wiadomosci.onet.pl\/kraj\/prywatny-paszport-zbigniewa-ziobry-prokuratura-chce-go-uniewaznic\/gelpm3m\" id=\"f94be0e8-5022-410d-a1cb-aa93fffae784\" rel=\"nofollow noopener\" target=\"_blank\">Prokuratura od jakiego\u015b czasu stara si\u0119 uniewa\u017cni\u0107 prywatny paszport by\u0142ego ministra sprawiedliwo\u015bci<\/a>. Zwi\u0105zane jest to z tym, \u017ce Zbigniew Ziobro wyjecha\u0142 za granic\u0119 i nie stawia si\u0119 na jej wezwania. Prokuratura zamierza mu przedstawi\u0107 26 zarzut\u00f3w zwi\u0105zanych z niew\u0142a\u015bciwym wydatkowaniem pieni\u0119dzy z Funduszu Sprawiedliwo\u015bci, w tym zarzut kierowania zorganizowan\u0105 grup\u0105 przest\u0119pcz\u0105.<\/p>\n<p>Wojewoda: umo\u017cliwili\u015bmy mu wgl\u0105d w akta sprawy, by m\u00f3g\u0142 si\u0119 odnie\u015b\u0107 <\/p>\n<p class=\"Paragraph_desktopParagraph__U31Gm\">\u2014 17 listopada skierowali\u015bmy wnioski o uniewa\u017cnienie tego paszportu zwyk\u0142ego do wojewody mazowieckiego i do MSZ w sprawie paszportu dyplomatycznego \u2014 <a href=\"https:\/\/www.onet.pl\/informacje\/onetwiadomosci\/uniewaznienie-paszportow-zbigniewa-ziobry-prokuratura-wydala-komunikat\/n54ttwh,79cfc278\" id=\"2346ee72-61ca-4bd0-87c9-3e82498846b5\" rel=\"nofollow noopener\" target=\"_blank\">przekaza\u0142 pod koniec listopada br., prok. Przemys\u0142aw Nowak<\/a>, rzecznik Prokuratury Krajowej.<\/p>\n<p class=\"Paragraph_desktopParagraph__U31Gm\">ZOBACZ R\u00d3WNIE\u017b: <a href=\"https:\/\/www.onet.pl\/informacje\/onetwiadomosci\/uniewaznienie-paszportow-zbigniewa-ziobry-prokuratura-wydala-komunikat\/n54ttwh,79cfc278\" id=\"4a7218f7-17d2-4c8d-835d-04c7a70ef165\" rel=\"nofollow noopener\" target=\"_blank\">Uniewa\u017cnienie paszport\u00f3w Zbigniewa Ziobry. Jest komunikat prokuratury<\/a><\/p>\n<p class=\"Paragraph_desktopParagraph__U31Gm\">O cofni\u0119ciu paszportu dyplomatycznego pos\u0142a PiS poinformowa\u0142 ju\u017c 18 listopada szef polskiej dyplomacji Rados\u0142aw Sikorski. Z tym drugim dokumentem sprawa nie jest jednak taka prosta. Wojewoda mazowiecki Mariusz Frankowski wdro\u017cy\u0142 procedur\u0119 jego uniewa\u017cnienia, ale trwa to ju\u017c prawie miesi\u0105c. Dlaczego tak si\u0119 ci\u0105gnie?<\/p>\n<p class=\"VideoPlayerText_videoPlayerText__iDwyz\">Dalszy ci\u0105g materia\u0142u pod wideo<\/p>\n<p class=\"Paragraph_desktopParagraph__U31Gm\">Zapytali\u015bmy o to s\u0142u\u017cby wojewody. Chcieli\u015bmy si\u0119 m.in. dowiedzie\u0107, na jakim etapie jest wspomniana procedura i kiedy mo\u017ce zosta\u0107 zako\u0144czona.<\/p>\n<ul class=\"OchatFollowUps_wrapper__1ry7X\">\n<li class=\"OchatFollowUps_item__Dhyly OchatFollowUps_itemDesktop__R6aBv\">Jak d\u0142ugo trwa procedura odebrania paszportu Zbigniewowi Ziobrze?<\/li>\n<li class=\"OchatFollowUps_item__Dhyly OchatFollowUps_itemDesktop__R6aBv\">Ile przest\u0119pstw jest mu zarzucanych?<\/li>\n<li class=\"OchatFollowUps_item__Dhyly OchatFollowUps_itemDesktop__R6aBv\">Kiedy zaplanowane jest posiedzenie s\u0105du w sprawie aresztowania Ziobry?<\/li>\n<li class=\"OchatFollowUps_item__Dhyly OchatFollowUps_itemDesktop__R6aBv\">Jakie s\u0105 dalsze kroki po uniewa\u017cnieniu paszportu?<\/li>\n<\/ul>\n<p class=\"Paragraph_desktopParagraph__U31Gm\">ZOBACZ R\u00d3WNIE\u017b: <a href=\"https:\/\/www.onet.pl\/informacje\/onetwiadomosci\/sad-odrzucil-wniosek-prokuratury-w-sprawie-zbigniewa-ziobry-liczne-bledy\/cv09rs7,79cfc278\" id=\"6a1c80e0-bf41-43e9-971f-d369b0d509b8\" rel=\"nofollow noopener\" target=\"_blank\">S\u0105d odrzuci\u0142 wniosek prokuratury w sprawie Zbigniewa Ziobry. &#8222;Liczne b\u0142\u0119dy&#8221;<\/a><\/p>\n<p class=\"Paragraph_desktopParagraph__U31Gm\">\u2014 W Mazowieckim Urz\u0119dzie Wojew\u00f3dzkim trwa obecnie post\u0119powanie w sprawie uniewa\u017cnienia paszportu Zbigniewowi Ziobrze, kt\u00f3re wszcz\u0119to na wniosek Prokuratury Krajowej z dnia 21 listopada br. Zgodnie z art. 10 Kodeksu post\u0119powania administracyjnego, urz\u0105d wojew\u00f3dzki zapewni\u0142 stronie czynny udzia\u0142 w post\u0119powaniu, umo\u017cliwiaj\u0105c wgl\u0105d w akta sprawy, celem odniesienia si\u0119 \u2014 odpowiada zesp\u00f3\u0142 prasowy wojewody mazowieckiego.<\/p>\n<p>&#8222;Pismo zosta\u0142o przes\u0142ane drog\u0105 pocztow\u0105 i zosta\u0142o odebrane&#8221; <\/p>\n<p class=\"Paragraph_desktopParagraph__U31Gm\">Poprosili\u015bmy o doprecyzowanie, w jaki spos\u00f3b urz\u0119dnicy skontaktowali si\u0119 ze Zbigniewem Ziobr\u0105 i dor\u0119czyli mu powiadomienie w tej sprawie, w jakiej formie to zrobili, czy maj\u0105 potwierdzenie, \u017ce pose\u0142 PiS je odebra\u0142 i zapozna\u0142 si\u0119 z nim oraz do kiedy ma si\u0119 formalnie do tego odnie\u015b\u0107.<\/p>\n<p class=\"Paragraph_desktopParagraph__U31Gm\">\u2014 Pismo zosta\u0142o przes\u0142ane drog\u0105 pocztow\u0105 i zosta\u0142o odebrane. Zgodnie z art. 73 par. 1 i 1a kodeksu post\u0119powania administracyjnego, strona ma prawo wgl\u0105du w akta sprawy w lokalu administracji publicznej w obecno\u015bci pracownika tego organu \u2014 odpowiadaj\u0105 s\u0142u\u017cby wojewody.<\/p>\n<p class=\"Paragraph_desktopParagraph__U31Gm\">ZOBACZ R\u00d3WNIE\u017b: <a href=\"https:\/\/wiadomosci.onet.pl\/kraj\/szef-mswia-ujawnia-co-dalej-ze-zbigniewem-ziobra-mowi-o-kilkunastu-dniach\/fptb1t5\" id=\"84885f03-17fa-47c3-9ef7-6d84639add14\" rel=\"nofollow noopener\" target=\"_blank\">Szef MSWiA ujawnia, co dalej ze spraw\u0105 Zbigniewa Ziobry. M\u00f3wi o &#8222;kilkunastu dniach&#8221;<\/a><\/p>\n<p class=\"Paragraph_desktopParagraph__U31Gm\">Do tej pory Zbigniew Ziobro tego nie zrobi\u0142. Trudno powiedzie\u0107, czy w og\u00f3le to uczyni, poniewa\u017c podczas ostatniej telekonferencji w siedzibie PiS przy Nowogrodzkiej w Warszawie, by\u0142y minister sprawiedliwo\u015bci zapowiedzia\u0142, \u017ce na razie nie wr\u00f3ci do Polski.<\/p>\n<p class=\"Paragraph_desktopParagraph__U31Gm\">\u2014 Zdecydowa\u0142em si\u0119 oprze\u0107 bezprawiu, dlatego zosta\u0142em za granic\u0105. Natychmiast wr\u00f3c\u0119 do Polski, je\u015bli b\u0119d\u0119 mia\u0142 podstawy s\u0105dzi\u0107, \u017ce s\u0105dy dzia\u0142aj\u0105 niezale\u017cnie od tej w\u0142adzy \u2014 o\u015bwiadczy\u0142 Ziobro na nagraniu wy\u015bwietlonym w siedzibie PiS i zadeklarowa\u0142, \u017ce pojawi si\u0119 w kraju &#8222;w ci\u0105gu kilku godzin&#8221;, gdy b\u0119dzie mia\u0142 gwarancj\u0119 uczciwego procesu.<\/p>\n<p>Decyzja o uniewa\u017cnieniu paszportu trafi do bazy Interpolu i strefy Schengen <\/p>\n<p class=\"Paragraph_desktopParagraph__U31Gm\">Jak wygl\u0105da dalsza procedura w sprawie uniewa\u017cnienia paszportu? Czy je\u017celi ta decyzja ju\u017c zapadnie, to informacja o tym od razu trafia do s\u0142u\u017cb mi\u0119dzynarodowych, uniemo\u017cliwiaj\u0105c Zbigniewowi Ziobrze podr\u00f3\u017ce poza stref\u0119 Schengen?<\/p>\n<p class=\"Paragraph_desktopParagraph__U31Gm\">\u2014 Nast\u0119pnie wojewoda mazowiecki wyda decyzj\u0119 administracyjn\u0105, od kt\u00f3rej zgodnie z ustaw\u0105 o dokumentach paszportowych nie b\u0119dzie przys\u0142ugiwa\u0142o odwo\u0142anie. W takim przypadku stronie przys\u0142uguje skarga do Wojew\u00f3dzkiego S\u0105du Administracyjnego. Zgodnie z art. 73 pkt. 3 Ustawy o dokumentach paszportowych, uniewa\u017cnienie paszportu nast\u0119puje z dniem wydania decyzji o uniewa\u017cnieniu dokumentu paszportowego \u2014 t\u0142umaczy zesp\u00f3\u0142 prasowy wojewody mazowieckiego.<\/p>\n<p class=\"Paragraph_desktopParagraph__U31Gm\">ZOBACZ R\u00d3WNIE\u017b: <a href=\"https:\/\/wiadomosci.onet.pl\/kraj\/zbigniew-ziobro-w-siedzibie-pis-stawia-warunki-z-ekranu\/wl149w6\" id=\"7dc3fb11-b738-4dec-9e38-307b83def83c\" rel=\"nofollow noopener\" target=\"_blank\">Zbigniew Ziobro w siedzibie PiS. Stawia warunki z ekranu<\/a><\/p>\n<p class=\"Paragraph_desktopParagraph__U31Gm\">\u2014 Informacja jest wprowadzana do Rejestru Dokument\u00f3w Paszportowych. Zgodnie z obowi\u0105zuj\u0105cymi przepisami informacje z tego Rejestru przekazywane s\u0105 automatycznie do bazy danych Interpolu i Systemu Informacyjnego Schengen. Decyzja o uniewa\u017cnieniu paszportu dor\u0119czana jest stronie zgodnie z przepisami Kodeksu post\u0119powania administracyjnego \u2014 podsumowuj\u0105 s\u0142u\u017cby wojewody.<\/p>\n<p>Za tydzie\u0144 s\u0105d zdecyduje o ewentualnym areszcie Ziobry <\/p>\n<p class=\"Paragraph_desktopParagraph__U31Gm\"><a href=\"https:\/\/wiadomosci.onet.pl\/zbigniew-ziobro-polityk\" id=\"05c86110-2188-4d45-a834-97e3891c2997\" rel=\"nofollow noopener\" target=\"_blank\">Zbigniew Ziobro<\/a> podejrzewany jest przez prokuratur\u0119 o pope\u0142nienie 26 przest\u0119pstw zwi\u0105zanych z wydatkowaniem \u015brodk\u00f3w z <a href=\"https:\/\/wiadomosci.onet.pl\/fundusz-sprawiedliwosci\" id=\"bb656373-46d9-4848-a4fd-eafb642a0470\" rel=\"nofollow noopener\" target=\"_blank\">Funduszu Sprawiedliwo\u015bci<\/a>, w tym kierowanie zorganizowan\u0105 grup\u0105 przest\u0119pcz\u0105. 7 listopada br. Sejm uchyli\u0142 immunitet by\u0142emu ministrowi sprawiedliwo\u015bci w odniesieniu do wszystkich zarzut\u00f3w, kt\u00f3re chce mu postawi\u0107 prokuratura. Wyrazi\u0142 r\u00f3wnie\u017c zgod\u0119 na jego zatrzymanie i aresztowanie.<\/p>\n<p class=\"Paragraph_desktopParagraph__U31Gm\"><a href=\"https:\/\/wiadomosci.onet.pl\/swiat\/viktor-orban-spotkal-sie-ze-zbigniewem-ziobra-polski-rzad-chce-go-aresztowac\/dbywy2q\" id=\"537e3e75-0504-431a-a1cd-48ef72c0b5bd\" rel=\"nofollow noopener\" target=\"_blank\">Pod koniec pa\u017adziernika Zbigniew Ziobro przekaza\u0142, \u017ce przebywa na W\u0119grzech, gdzie spotka\u0142 si\u0119 z premierem Viktorem Orbanem<\/a>. Potem mia\u0142 pojawi\u0107 si\u0119 w Brukseli. W zwi\u0105zku z tym polskie organy \u015bcigania maj\u0105 obecnie zwi\u0105zane r\u0119ce. Niedawno <a href=\"https:\/\/wiadomosci.onet.pl\/kraj\/ziobro-o-zabezpieczeniu-majatku-przez-prokurature-kolejny-akt-zemsty\/2z36mqj\" id=\"7d3f6d51-53a1-4cb5-89b5-3e20a47b5437\" rel=\"nofollow noopener\" target=\"_blank\">prokurator prowadz\u0105cy \u015bledztwo zarz\u0105dzi\u0142 wobec polityka zabezpieczenie maj\u0105tkowe<\/a>.<\/p>\n<p class=\"Paragraph_desktopParagraph__U31Gm\">Prokuratura skierowa\u0142a do S\u0105du Rejonowego dla Warszawy-Mokotowa wniosek o aresztowanie Zbigniewa Ziobry na trzy miesi\u0105ce. Posiedzenie s\u0105du w tej sprawie zaplanowane jest na 22 grudnia.<\/p>\n","protected":false},"excerpt":{"rendered":"Du\u017co czytania, a ma\u0142o czasu? Sprawd\u017a\u00a0skr\u00f3t\u00a0artyku\u0142u Prokuratura od jakiego\u015b czasu stara si\u0119 uniewa\u017cni\u0107 prywatny paszport by\u0142ego ministra sprawiedliwo\u015bci.&hellip;\n","protected":false},"author":2,"featured_media":152594,"comment_status":"","ping_status":"","sticky":false,"template":"","format":"standard","meta":{"footnotes":""},"categories":[5],"tags":[32,33,36,37,5024,27,67,34,35,28,31,53,25,52,68,51,5867,55,42,38,40,39,41,1996,30650,47,29,30,50,26,4070],"class_list":{"0":"post-152593","1":"post","2":"type-post","3":"status-publish","4":"format-standard","5":"has-post-thumbnail","7":"category-naglowki","8":"tag-breaking-news","9":"tag-breakingnews","10":"tag-featured-news","11":"tag-featurednews","12":"tag-fundusz_sprawiedliwosci_fundusz_panstwowy","13":"tag-headlines","14":"tag-intextvideo_splayer","15":"tag-latest-news","16":"tag-latestnews","17":"tag-naglowki","18":"tag-najwazniejsze-artykuly","19":"tag-new_header","20":"tag-news","21":"tag-onet3","22":"tag-onet3d","23":"tag-onet3d_2i","24":"tag-paszport_paszporty","25":"tag-phx","26":"tag-pl","27":"tag-poland","28":"tag-polish","29":"tag-polska","30":"tag-polski","31":"tag-przestepstwo_przestepstwa_przestepczosc","32":"tag-schengen_strefs","33":"tag-screening_general","34":"tag-top-stories","35":"tag-topstories","36":"tag-v2021","37":"tag-wiadomosci","38":"tag-zbigniew_ziobro_polityk"},"share_on_mastodon":{"url":"","error":"Validation failed: Text character limit of 500 exceeded"},"_links":{"self":[{"href":"https:\/\/www.europesays.com\/pl\/wp-json\/wp\/v2\/posts\/152593","targetHints":{"allow":["GET"]}}],"collection":[{"href":"https:\/\/www.europesays.com\/pl\/wp-json\/wp\/v2\/posts"}],"about":[{"href":"https:\/\/www.europesays.com\/pl\/wp-json\/wp\/v2\/types\/post"}],"author":[{"embeddable":true,"href":"https:\/\/www.europesays.com\/pl\/wp-json\/wp\/v2\/users\/2"}],"replies":[{"embeddable":true,"href":"https:\/\/www.europesays.com\/pl\/wp-json\/wp\/v2\/comments?post=152593"}],"version-history":[{"count":0,"href":"https:\/\/www.europesays.com\/pl\/wp-json\/wp\/v2\/posts\/152593\/revisions"}],"wp:featuredmedia":[{"embeddable":true,"href":"https:\/\/www.europesays.com\/pl\/wp-json\/wp\/v2\/media\/152594"}],"wp:attachment":[{"href":"https:\/\/www.europesays.com\/pl\/wp-json\/wp\/v2\/media?parent=152593"}],"wp:term":[{"taxonomy":"category","embeddable":true,"href":"https:\/\/www.europesays.com\/pl\/wp-json\/wp\/v2\/categories?post=152593"},{"taxonomy":"post_tag","embeddable":true,"href":"https:\/\/www.europesays.com\/pl\/wp-json\/wp\/v2\/tags?post=152593"}],"curies":[{"name":"wp","href":"https:\/\/api.w.org\/{rel}","templated":true}]}}